{"id":10518,"date":"2021-11-11T11:35:09","date_gmt":"2021-11-11T11:35:09","guid":{"rendered":"https:\/\/cvinoticias.com\/v3\/?p=10518"},"modified":"2021-11-11T11:35:09","modified_gmt":"2021-11-11T11:35:09","slug":"promueven-campana-para-que-adultos-cuiden-a-ninos-y-jovenes-en-espacios-digitales","status":"publish","type":"post","link":"https:\/\/cvinoticias.com\/v3\/promueven-campana-para-que-adultos-cuiden-a-ninos-y-jovenes-en-espacios-digitales\/","title":{"rendered":"Promueven campa\u00f1a para que adultos cuiden a ni\u00f1os y j\u00f3venes en espacios digitales"},"content":{"rendered":"\n<p><em><strong>Una campa\u00f1a para que los adultos \u00abcuiden\u00bb y acompa\u00f1en a ni\u00f1os y j\u00f3venes en los espacios digitales fue lanzada por una G argentina junto a 11 organizaciones iberoa<\/strong><\/em><\/p>\n\n\n\n<p>Una campa\u00f1a para que los adultos \u00abcuiden\u00bb y acompa\u00f1en a ni\u00f1os y j\u00f3venes en los espacios digitales fue lanzada por una G argentina junto a 11 organizaciones iberoamericanas vinculadas al estudio social y el trabajo relacionado a las tecnolog\u00edas digitales.<\/p>\n\n\n\n<p>La campa\u00f1a, bajo el lema \u00ab\u00bfComo te fue en Internet hoy?\u00bb consiste en acciones en medios digitales con consejos sobre c\u00f3mo acompa\u00f1ar a ni\u00f1os, ni\u00f1as y juventudes en internet. Por otro lado, comprende una jornada abierta y gratuita de formaci\u00f3n, los d\u00edas 22 y 23 de noviembre, en los que se brindar\u00e1n cuatro talleres virtuales.<\/p>\n\n\n\n<p>La G argentina Faro Digital organiza estos eventos y en los talleres se abordar\u00e1n temas como pantallas e infancias, convivencia digital, pantallas y adolescencias y violencia de g\u00e9nero digital.<\/p>\n\n\n\n<p>\u00c2\u201cCreemos necesario que familias, docentes y personas adultas en general digan presente y pongan el cuerpo para apoyar, guiar y cuidar a los chicos y las chicas en su tr\u00e1nsito por estos espacios, en los que no solo pasan cada vez m\u00e1s tiempo, sino en los que cada vez ponen en juego m\u00e1s aspectos de su vida\u00c2\u201d, destac\u00f3 Ezequiel Passeron, director institucional de Faro Digital.<\/p>\n\n\n\n<p>Adem\u00e1s se va a conformar una mesa redonda con la presencia de Juliana Raffaghelli, acad\u00e9mica argentina especialista en tecnolog\u00eda educativa, algoritmos y cultura de datos abierta, y miembros de cada una de las organizaciones.<\/p>\n\n\n\n<p>All\u00ed se va a trabajar sobre \u00abdatificaci\u00f3n y los diferentes cruces entre inteligencia artificial, algoritmos, m\u00e1quinas que aprenden y c\u00f3mo esto impacta nuestras vidas (desde las identidades y relaciones, hasta el cumplimiento de derechos humanos)\u00bb.<\/p>\n\n\n\n<p>Participan de esta campa\u00f1a Plan Ceibal (Uruguay), CEPIA (Brasil), Fundaci\u00f3n Wikimedia (Chile), Civix (Colombia), CEPAM Guayaquil (Ecuador), CEPS (Espa\u00f1a), Hiper Derecho (Per\u00fa), Fundaci\u00f3n Paniamor (Costa Rica), Paraguay Educa (Paraguay), Transit Projectes (Espa\u00f1a) y SocialTIC (M\u00e9xico).<\/p>\n","protected":false},"excerpt":{"rendered":"<p>Una campa\u00f1a para que los adultos \u00abcuiden\u00bb y acompa\u00f1en a ni\u00f1os y j\u00f3venes en los espacios digitales fue lanzada por una G argentina junto a 11 organizaciones iberoa Una campa\u00f1a para que los adultos \u00abcuiden\u00bb y acompa\u00f1en a ni\u00f1os y j\u00f3venes en los espacios digitales fue lanzada por una G argentina junto a 11 organizaciones [&hellip;]<\/p>\n","protected":false},"author":2,"featured_media":10519,"comment_status":"open","ping_status":"open","sticky":false,"template":"","format":"standard","meta":{"footnotes":""},"categories":[47],"tags":[],"class_list":["post-10518","post","type-post","status-publish","format-standard","has-post-thumbnail","hentry","category-sociedad"],"yoast_head":"<!-- This site is optimized with the Yoast SEO plugin v27.5 - https:\/\/yoast.com\/product\/yoast-seo-wordpress\/ -->\n<title>Promueven campa\u00f1a para que adultos cuiden a ni\u00f1os y j\u00f3venes en espacios digitales | CVI NOTICIAS<\/title>\n<meta name=\"robots\" content=\"index, follow, max-snippet:-1, max-image-preview:large, max-video-preview:-1\" \/>\n<link rel=\"canonical\" href=\"https:\/\/cvinoticias.com\/v3\/promueven-campana-para-que-adultos-cuiden-a-ninos-y-jovenes-en-espacios-digitales\/\" \/>\n<meta property=\"og:locale\" content=\"es_ES\" \/>\n<meta property=\"og:type\" content=\"article\" \/>\n<meta property=\"og:title\" content=\"Promueven campa\u00f1a para que adultos cuiden a ni\u00f1os y j\u00f3venes en espacios digitales | CVI NOTICIAS\" \/>\n<meta property=\"og:description\" content=\"Una campa\u00f1a para que los adultos \u00abcuiden\u00bb y acompa\u00f1en a ni\u00f1os y j\u00f3venes en los espacios digitales fue lanzada por una G argentina junto a 11 organizaciones iberoa Una campa\u00f1a para que los adultos \u00abcuiden\u00bb y acompa\u00f1en a ni\u00f1os y j\u00f3venes en los espacios digitales fue lanzada por una G argentina junto a 11 organizaciones [&hellip;]\" \/>\n<meta property=\"og:url\" content=\"https:\/\/cvinoticias.com\/v3\/promueven-campana-para-que-adultos-cuiden-a-ninos-y-jovenes-en-espacios-digitales\/\" \/>\n<meta property=\"og:site_name\" content=\"CVI NOTICIAS\" \/>\n<meta property=\"article:publisher\" content=\"https:\/\/www.facebook.com\/cvinoticias\" \/>\n<meta property=\"article:published_time\" content=\"2021-11-11T11:35:09+00:00\" \/>\n<meta property=\"og:image\" content=\"https:\/\/cvinoticias.com\/wp-content\/uploads\/2021\/11\/sociedad-3.jpg\" \/>\n\t<meta property=\"og:image:width\" content=\"1024\" \/>\n\t<meta property=\"og:image:height\" content=\"576\" \/>\n\t<meta property=\"og:image:type\" content=\"image\/jpeg\" \/>\n<meta name=\"author\" content=\"f1000024\" \/>\n<meta name=\"twitter:card\" content=\"summary_large_image\" \/>\n<meta name=\"twitter:label1\" content=\"Escrito por\" \/>\n\t<meta name=\"twitter:data1\" content=\"f1000024\" \/>\n\t<meta name=\"twitter:label2\" content=\"Tiempo de lectura\" \/>\n\t<meta name=\"twitter:data2\" content=\"2 minutos\" \/>\n<script type=\"application\/ld+json\" class=\"yoast-schema-graph\">{\"@context\":\"https:\\\/\\\/schema.org\",\"@graph\":[{\"@type\":\"Article\",\"@id\":\"https:\\\/\\\/cvinoticias.com\\\/v3\\\/promueven-campana-para-que-adultos-cuiden-a-ninos-y-jovenes-en-espacios-digitales\\\/#article\",\"isPartOf\":{\"@id\":\"https:\\\/\\\/cvinoticias.com\\\/v3\\\/promueven-campana-para-que-adultos-cuiden-a-ninos-y-jovenes-en-espacios-digitales\\\/\"},\"author\":{\"name\":\"f1000024\",\"@id\":\"https:\\\/\\\/cvinoticias.com\\\/v3\\\/#\\\/schema\\\/person\\\/2db77e3c6bc03c538495d7b2b8be9b66\"},\"headline\":\"Promueven campa\u00f1a para que adultos cuiden a ni\u00f1os y j\u00f3venes en espacios digitales\",\"datePublished\":\"2021-11-11T11:35:09+00:00\",\"mainEntityOfPage\":{\"@id\":\"https:\\\/\\\/cvinoticias.com\\\/v3\\\/promueven-campana-para-que-adultos-cuiden-a-ninos-y-jovenes-en-espacios-digitales\\\/\"},\"wordCount\":367,\"commentCount\":0,\"publisher\":{\"@id\":\"https:\\\/\\\/cvinoticias.com\\\/v3\\\/#organization\"},\"image\":{\"@id\":\"https:\\\/\\\/cvinoticias.com\\\/v3\\\/promueven-campana-para-que-adultos-cuiden-a-ninos-y-jovenes-en-espacios-digitales\\\/#primaryimage\"},\"thumbnailUrl\":\"https:\\\/\\\/cvinoticias.com\\\/wp-content\\\/uploads\\\/2021\\\/11\\\/sociedad-3.jpg\",\"articleSection\":[\"Sociedad\"],\"inLanguage\":\"es\",\"potentialAction\":[{\"@type\":\"CommentAction\",\"name\":\"Comment\",\"target\":[\"https:\\\/\\\/cvinoticias.com\\\/v3\\\/promueven-campana-para-que-adultos-cuiden-a-ninos-y-jovenes-en-espacios-digitales\\\/#respond\"]}]},{\"@type\":\"WebPage\",\"@id\":\"https:\\\/\\\/cvinoticias.com\\\/v3\\\/promueven-campana-para-que-adultos-cuiden-a-ninos-y-jovenes-en-espacios-digitales\\\/\",\"url\":\"https:\\\/\\\/cvinoticias.com\\\/v3\\\/promueven-campana-para-que-adultos-cuiden-a-ninos-y-jovenes-en-espacios-digitales\\\/\",\"name\":\"Promueven campa\u00f1a para que adultos cuiden a ni\u00f1os y j\u00f3venes en espacios digitales | CVI NOTICIAS\",\"isPartOf\":{\"@id\":\"https:\\\/\\\/cvinoticias.com\\\/v3\\\/#website\"},\"primaryImageOfPage\":{\"@id\":\"https:\\\/\\\/cvinoticias.com\\\/v3\\\/promueven-campana-para-que-adultos-cuiden-a-ninos-y-jovenes-en-espacios-digitales\\\/#primaryimage\"},\"image\":{\"@id\":\"https:\\\/\\\/cvinoticias.com\\\/v3\\\/promueven-campana-para-que-adultos-cuiden-a-ninos-y-jovenes-en-espacios-digitales\\\/#primaryimage\"},\"thumbnailUrl\":\"https:\\\/\\\/cvinoticias.com\\\/wp-content\\\/uploads\\\/2021\\\/11\\\/sociedad-3.jpg\",\"datePublished\":\"2021-11-11T11:35:09+00:00\",\"breadcrumb\":{\"@id\":\"https:\\\/\\\/cvinoticias.com\\\/v3\\\/promueven-campana-para-que-adultos-cuiden-a-ninos-y-jovenes-en-espacios-digitales\\\/#breadcrumb\"},\"inLanguage\":\"es\",\"potentialAction\":[{\"@type\":\"ReadAction\",\"target\":[\"https:\\\/\\\/cvinoticias.com\\\/v3\\\/promueven-campana-para-que-adultos-cuiden-a-ninos-y-jovenes-en-espacios-digitales\\\/\"]}]},{\"@type\":\"ImageObject\",\"inLanguage\":\"es\",\"@id\":\"https:\\\/\\\/cvinoticias.com\\\/v3\\\/promueven-campana-para-que-adultos-cuiden-a-ninos-y-jovenes-en-espacios-digitales\\\/#primaryimage\",\"url\":\"https:\\\/\\\/cvinoticias.com\\\/wp-content\\\/uploads\\\/2021\\\/11\\\/sociedad-3.jpg\",\"contentUrl\":\"https:\\\/\\\/cvinoticias.com\\\/wp-content\\\/uploads\\\/2021\\\/11\\\/sociedad-3.jpg\",\"width\":1024,\"height\":576},{\"@type\":\"BreadcrumbList\",\"@id\":\"https:\\\/\\\/cvinoticias.com\\\/v3\\\/promueven-campana-para-que-adultos-cuiden-a-ninos-y-jovenes-en-espacios-digitales\\\/#breadcrumb\",\"itemListElement\":[{\"@type\":\"ListItem\",\"position\":1,\"name\":\"Portada\",\"item\":\"https:\\\/\\\/cvinoticias.com\\\/v3\\\/\"},{\"@type\":\"ListItem\",\"position\":2,\"name\":\"Promueven campa\u00f1a para que adultos cuiden a ni\u00f1os y j\u00f3venes en espacios digitales\"}]},{\"@type\":\"WebSite\",\"@id\":\"https:\\\/\\\/cvinoticias.com\\\/v3\\\/#website\",\"url\":\"https:\\\/\\\/cvinoticias.com\\\/v3\\\/\",\"name\":\"CVI NOTICIAS\",\"description\":\"\",\"publisher\":{\"@id\":\"https:\\\/\\\/cvinoticias.com\\\/v3\\\/#organization\"},\"alternateName\":\"CVI\",\"potentialAction\":[{\"@type\":\"SearchAction\",\"target\":{\"@type\":\"EntryPoint\",\"urlTemplate\":\"https:\\\/\\\/cvinoticias.com\\\/v3\\\/?s={search_term_string}\"},\"query-input\":{\"@type\":\"PropertyValueSpecification\",\"valueRequired\":true,\"valueName\":\"search_term_string\"}}],\"inLanguage\":\"es\"},{\"@type\":\"Organization\",\"@id\":\"https:\\\/\\\/cvinoticias.com\\\/v3\\\/#organization\",\"name\":\"CVI NOTICIAS\",\"url\":\"https:\\\/\\\/cvinoticias.com\\\/v3\\\/\",\"logo\":{\"@type\":\"ImageObject\",\"inLanguage\":\"es\",\"@id\":\"https:\\\/\\\/cvinoticias.com\\\/v3\\\/#\\\/schema\\\/logo\\\/image\\\/\",\"url\":\"https:\\\/\\\/cvinoticias.com\\\/wp-content\\\/uploads\\\/2023\\\/04\\\/cropped-cropped-cropped-cropped-cropped-3-1.png\",\"contentUrl\":\"https:\\\/\\\/cvinoticias.com\\\/wp-content\\\/uploads\\\/2023\\\/04\\\/cropped-cropped-cropped-cropped-cropped-3-1.png\",\"width\":95,\"height\":122,\"caption\":\"CVI NOTICIAS\"},\"image\":{\"@id\":\"https:\\\/\\\/cvinoticias.com\\\/v3\\\/#\\\/schema\\\/logo\\\/image\\\/\"},\"sameAs\":[\"https:\\\/\\\/www.facebook.com\\\/cvinoticias\",\"https:\\\/\\\/www.instagram.com\\\/cvinoticias\\\/\",\"https:\\\/\\\/www.youtube.com\\\/@CVINOTICIAS\"]},{\"@type\":\"Person\",\"@id\":\"https:\\\/\\\/cvinoticias.com\\\/v3\\\/#\\\/schema\\\/person\\\/2db77e3c6bc03c538495d7b2b8be9b66\",\"name\":\"f1000024\",\"image\":{\"@type\":\"ImageObject\",\"inLanguage\":\"es\",\"@id\":\"https:\\\/\\\/secure.gravatar.com\\\/avatar\\\/d4fe7459cfc51ff5129ce1a732bbef5928568b8092d412ef95611616376bbeed?s=96&d=mm&r=g\",\"url\":\"https:\\\/\\\/secure.gravatar.com\\\/avatar\\\/d4fe7459cfc51ff5129ce1a732bbef5928568b8092d412ef95611616376bbeed?s=96&d=mm&r=g\",\"contentUrl\":\"https:\\\/\\\/secure.gravatar.com\\\/avatar\\\/d4fe7459cfc51ff5129ce1a732bbef5928568b8092d412ef95611616376bbeed?s=96&d=mm&r=g\",\"caption\":\"f1000024\"},\"url\":\"https:\\\/\\\/cvinoticias.com\\\/v3\\\/author\\\/f1000024\\\/\"}]}<\/script>\n<!-- \/ Yoast SEO plugin. -->","yoast_head_json":{"title":"Promueven campa\u00f1a para que adultos cuiden a ni\u00f1os y j\u00f3venes en espacios digitales | CVI NOTICIAS","robots":{"index":"index","follow":"follow","max-snippet":"max-snippet:-1","max-image-preview":"max-image-preview:large","max-video-preview":"max-video-preview:-1"},"canonical":"https:\/\/cvinoticias.com\/v3\/promueven-campana-para-que-adultos-cuiden-a-ninos-y-jovenes-en-espacios-digitales\/","og_locale":"es_ES","og_type":"article","og_title":"Promueven campa\u00f1a para que adultos cuiden a ni\u00f1os y j\u00f3venes en espacios digitales | CVI NOTICIAS","og_description":"Una campa\u00f1a para que los adultos \u00abcuiden\u00bb y acompa\u00f1en a ni\u00f1os y j\u00f3venes en los espacios digitales fue lanzada por una G argentina junto a 11 organizaciones iberoa Una campa\u00f1a para que los adultos \u00abcuiden\u00bb y acompa\u00f1en a ni\u00f1os y j\u00f3venes en los espacios digitales fue lanzada por una G argentina junto a 11 organizaciones [&hellip;]","og_url":"https:\/\/cvinoticias.com\/v3\/promueven-campana-para-que-adultos-cuiden-a-ninos-y-jovenes-en-espacios-digitales\/","og_site_name":"CVI NOTICIAS","article_publisher":"https:\/\/www.facebook.com\/cvinoticias","article_published_time":"2021-11-11T11:35:09+00:00","og_image":[{"width":1024,"height":576,"url":"https:\/\/cvinoticias.com\/wp-content\/uploads\/2021\/11\/sociedad-3.jpg","type":"image\/jpeg"}],"author":"f1000024","twitter_card":"summary_large_image","twitter_misc":{"Escrito por":"f1000024","Tiempo de lectura":"2 minutos"},"schema":{"@context":"https:\/\/schema.org","@graph":[{"@type":"Article","@id":"https:\/\/cvinoticias.com\/v3\/promueven-campana-para-que-adultos-cuiden-a-ninos-y-jovenes-en-espacios-digitales\/#article","isPartOf":{"@id":"https:\/\/cvinoticias.com\/v3\/promueven-campana-para-que-adultos-cuiden-a-ninos-y-jovenes-en-espacios-digitales\/"},"author":{"name":"f1000024","@id":"https:\/\/cvinoticias.com\/v3\/#\/schema\/person\/2db77e3c6bc03c538495d7b2b8be9b66"},"headline":"Promueven campa\u00f1a para que adultos cuiden a ni\u00f1os y j\u00f3venes en espacios digitales","datePublished":"2021-11-11T11:35:09+00:00","mainEntityOfPage":{"@id":"https:\/\/cvinoticias.com\/v3\/promueven-campana-para-que-adultos-cuiden-a-ninos-y-jovenes-en-espacios-digitales\/"},"wordCount":367,"commentCount":0,"publisher":{"@id":"https:\/\/cvinoticias.com\/v3\/#organization"},"image":{"@id":"https:\/\/cvinoticias.com\/v3\/promueven-campana-para-que-adultos-cuiden-a-ninos-y-jovenes-en-espacios-digitales\/#primaryimage"},"thumbnailUrl":"https:\/\/cvinoticias.com\/wp-content\/uploads\/2021\/11\/sociedad-3.jpg","articleSection":["Sociedad"],"inLanguage":"es","potentialAction":[{"@type":"CommentAction","name":"Comment","target":["https:\/\/cvinoticias.com\/v3\/promueven-campana-para-que-adultos-cuiden-a-ninos-y-jovenes-en-espacios-digitales\/#respond"]}]},{"@type":"WebPage","@id":"https:\/\/cvinoticias.com\/v3\/promueven-campana-para-que-adultos-cuiden-a-ninos-y-jovenes-en-espacios-digitales\/","url":"https:\/\/cvinoticias.com\/v3\/promueven-campana-para-que-adultos-cuiden-a-ninos-y-jovenes-en-espacios-digitales\/","name":"Promueven campa\u00f1a para que adultos cuiden a ni\u00f1os y j\u00f3venes en espacios digitales | CVI NOTICIAS","isPartOf":{"@id":"https:\/\/cvinoticias.com\/v3\/#website"},"primaryImageOfPage":{"@id":"https:\/\/cvinoticias.com\/v3\/promueven-campana-para-que-adultos-cuiden-a-ninos-y-jovenes-en-espacios-digitales\/#primaryimage"},"image":{"@id":"https:\/\/cvinoticias.com\/v3\/promueven-campana-para-que-adultos-cuiden-a-ninos-y-jovenes-en-espacios-digitales\/#primaryimage"},"thumbnailUrl":"https:\/\/cvinoticias.com\/wp-content\/uploads\/2021\/11\/sociedad-3.jpg","datePublished":"2021-11-11T11:35:09+00:00","breadcrumb":{"@id":"https:\/\/cvinoticias.com\/v3\/promueven-campana-para-que-adultos-cuiden-a-ninos-y-jovenes-en-espacios-digitales\/#breadcrumb"},"inLanguage":"es","potentialAction":[{"@type":"ReadAction","target":["https:\/\/cvinoticias.com\/v3\/promueven-campana-para-que-adultos-cuiden-a-ninos-y-jovenes-en-espacios-digitales\/"]}]},{"@type":"ImageObject","inLanguage":"es","@id":"https:\/\/cvinoticias.com\/v3\/promueven-campana-para-que-adultos-cuiden-a-ninos-y-jovenes-en-espacios-digitales\/#primaryimage","url":"https:\/\/cvinoticias.com\/wp-content\/uploads\/2021\/11\/sociedad-3.jpg","contentUrl":"https:\/\/cvinoticias.com\/wp-content\/uploads\/2021\/11\/sociedad-3.jpg","width":1024,"height":576},{"@type":"BreadcrumbList","@id":"https:\/\/cvinoticias.com\/v3\/promueven-campana-para-que-adultos-cuiden-a-ninos-y-jovenes-en-espacios-digitales\/#breadcrumb","itemListElement":[{"@type":"ListItem","position":1,"name":"Portada","item":"https:\/\/cvinoticias.com\/v3\/"},{"@type":"ListItem","position":2,"name":"Promueven campa\u00f1a para que adultos cuiden a ni\u00f1os y j\u00f3venes en espacios digitales"}]},{"@type":"WebSite","@id":"https:\/\/cvinoticias.com\/v3\/#website","url":"https:\/\/cvinoticias.com\/v3\/","name":"CVI NOTICIAS","description":"","publisher":{"@id":"https:\/\/cvinoticias.com\/v3\/#organization"},"alternateName":"CVI","potentialAction":[{"@type":"SearchAction","target":{"@type":"EntryPoint","urlTemplate":"https:\/\/cvinoticias.com\/v3\/?s={search_term_string}"},"query-input":{"@type":"PropertyValueSpecification","valueRequired":true,"valueName":"search_term_string"}}],"inLanguage":"es"},{"@type":"Organization","@id":"https:\/\/cvinoticias.com\/v3\/#organization","name":"CVI NOTICIAS","url":"https:\/\/cvinoticias.com\/v3\/","logo":{"@type":"ImageObject","inLanguage":"es","@id":"https:\/\/cvinoticias.com\/v3\/#\/schema\/logo\/image\/","url":"https:\/\/cvinoticias.com\/wp-content\/uploads\/2023\/04\/cropped-cropped-cropped-cropped-cropped-3-1.png","contentUrl":"https:\/\/cvinoticias.com\/wp-content\/uploads\/2023\/04\/cropped-cropped-cropped-cropped-cropped-3-1.png","width":95,"height":122,"caption":"CVI NOTICIAS"},"image":{"@id":"https:\/\/cvinoticias.com\/v3\/#\/schema\/logo\/image\/"},"sameAs":["https:\/\/www.facebook.com\/cvinoticias","https:\/\/www.instagram.com\/cvinoticias\/","https:\/\/www.youtube.com\/@CVINOTICIAS"]},{"@type":"Person","@id":"https:\/\/cvinoticias.com\/v3\/#\/schema\/person\/2db77e3c6bc03c538495d7b2b8be9b66","name":"f1000024","image":{"@type":"ImageObject","inLanguage":"es","@id":"https:\/\/secure.gravatar.com\/avatar\/d4fe7459cfc51ff5129ce1a732bbef5928568b8092d412ef95611616376bbeed?s=96&d=mm&r=g","url":"https:\/\/secure.gravatar.com\/avatar\/d4fe7459cfc51ff5129ce1a732bbef5928568b8092d412ef95611616376bbeed?s=96&d=mm&r=g","contentUrl":"https:\/\/secure.gravatar.com\/avatar\/d4fe7459cfc51ff5129ce1a732bbef5928568b8092d412ef95611616376bbeed?s=96&d=mm&r=g","caption":"f1000024"},"url":"https:\/\/cvinoticias.com\/v3\/author\/f1000024\/"}]}},"_links":{"self":[{"href":"https:\/\/cvinoticias.com\/v3\/wp-json\/wp\/v2\/posts\/10518","targetHints":{"allow":["GET"]}}],"collection":[{"href":"https:\/\/cvinoticias.com\/v3\/wp-json\/wp\/v2\/posts"}],"about":[{"href":"https:\/\/cvinoticias.com\/v3\/wp-json\/wp\/v2\/types\/post"}],"author":[{"embeddable":true,"href":"https:\/\/cvinoticias.com\/v3\/wp-json\/wp\/v2\/users\/2"}],"replies":[{"embeddable":true,"href":"https:\/\/cvinoticias.com\/v3\/wp-json\/wp\/v2\/comments?post=10518"}],"version-history":[{"count":1,"href":"https:\/\/cvinoticias.com\/v3\/wp-json\/wp\/v2\/posts\/10518\/revisions"}],"predecessor-version":[{"id":10520,"href":"https:\/\/cvinoticias.com\/v3\/wp-json\/wp\/v2\/posts\/10518\/revisions\/10520"}],"wp:featuredmedia":[{"embeddable":true,"href":"https:\/\/cvinoticias.com\/v3\/wp-json\/wp\/v2\/media\/10519"}],"wp:attachment":[{"href":"https:\/\/cvinoticias.com\/v3\/wp-json\/wp\/v2\/media?parent=10518"}],"wp:term":[{"taxonomy":"category","embeddable":true,"href":"https:\/\/cvinoticias.com\/v3\/wp-json\/wp\/v2\/categories?post=10518"},{"taxonomy":"post_tag","embeddable":true,"href":"https:\/\/cvinoticias.com\/v3\/wp-json\/wp\/v2\/tags?post=10518"}],"curies":[{"name":"wp","href":"https:\/\/api.w.org\/{rel}","templated":true}]}}