{"id":10512,"date":"2021-11-11T11:04:04","date_gmt":"2021-11-11T11:04:04","guid":{"rendered":"https:\/\/cvinoticias.com\/v3\/?p=10512"},"modified":"2021-11-11T11:04:04","modified_gmt":"2021-11-11T11:04:04","slug":"cierra-la-paritaria-y-un-plus-por-temporada-para-los-gastronomicos","status":"publish","type":"post","link":"https:\/\/cvinoticias.com\/v3\/cierra-la-paritaria-y-un-plus-por-temporada-para-los-gastronomicos\/","title":{"rendered":"Cierra la paritaria y un plus por temporada para los gastron\u00f3micos"},"content":{"rendered":"\n<p><em><strong>As\u00ed lo confirm\u00f3 el titular de Uthgra, Luis Barrionuevo, quien adem\u00e1s celebr\u00f3 que \u00abel sector se est\u00e1 reactivando con creces\u00bb tras los efectos de la pandemia<\/strong><\/em><\/p>\n\n\n\n<p>El gremio gastron\u00f3mico Uthgra cerrar\u00e1 en los pr\u00f3ximos d\u00edas las paritarias del sector, que incluir\u00e1n el \u00abplus por temporada\u00bb. As\u00ed lo confirm\u00f3 el l\u00edder sindical Luis Barrinuevo, quien adem\u00e1s pidi\u00f3 a los empresarios \u00abvolcar las ganancias a los trabajadores\u00bb.<\/p>\n\n\n\n<p>En el marco de una reuni\u00f3n realizada en la Asociaci\u00f3n Empresaria Hotelera de Mar del Plata, Barrionuevo, dijo que \u00ablos empresarios tienen que ir trabajando y volcando la ganancia al trabajador, para no entrar en conflictos y seguir mejorando la situaci\u00f3n\u00bb.<\/p>\n\n\n\n<p>Acompa\u00f1ado por la secretaria adjunta de la Uthgra marplatense, Nancy Todoroff, el titular de Utghra se refiri\u00f3 al avance para el blanqueo de trabajo por jornadas, el fin de aportes por 4 horas de labor y cobros \u00aben negro\u00bb, y sostuvo, adem\u00e1s, que \u00ablas partes est\u00e1n al borde del cierre de paritarias con muy buen porcentaje\u00bb.<\/p>\n\n\n\n<p>Por su parte, Todoroff destac\u00f3 \u00abel plus de temporada que es un reconocimiento v\u00e1lido para el trabajador ante un verano que debe ser muy bueno para todos\u00bb.<\/p>\n\n\n\n<p>Ambos dirigentes coincidieron que la temporada 2022 se alargar\u00e1, y resaltaron que desde el 12 de octubre no dej\u00f3 de fluir el turismo en la semana y tambi\u00e9n las reservas est\u00e1n muy avanzadas para el verano.<\/p>\n\n\n\n<p>Barrionuevo invit\u00f3 a \u00abextenderla por parte de los Gobiernos nacional y provincial con los viajes de egresados en el territorio bonaerense y el previaje para jubilados con devoluci\u00f3n del 70% entre diciembre y abril\u00bb.<\/p>\n\n\n\n<p>Respecto a las paritarias, se plante\u00f3 que \u00aben la pr\u00f3xima semana habr\u00e1 novedades as\u00ed como del acuerdo por un plus de temporada acorde a este derecho adquirido desde hace a\u00f1os\u00bb.<\/p>\n\n\n\n<p>\u00abNuestro sector se est\u00e1 reactivando con creces, con un movimiento incesante y reservas concretas que dan confianza sobre una temporada exitosa para todos.Como gremio tambi\u00e9n estamos recuperando ingresos que se ven reflejados en nuestros servicios y sobre todo en la obra social, que es lo m\u00e1s necesario para nuestra gente, porque sin salud no hay trabajo\u00bb, dijo Todoroff.<\/p>\n\n\n\n<p><\/p>\n\n\n\n<p><strong>Fuente: iProfesional<\/strong><\/p>\n\n\n\n<p><a href=\"https:\/\/www.facebook.com\/sharer.php?u=https%3A%2F%2Fviajesfotosycomidas.com%2Fcierra-la-paritaria-y-un-plus-por-temporada-para-los-gastronomicos%2F\" target=\"_blank\" rel=\"noreferrer noopener\"><\/a><a href=\"https:\/\/twitter.com\/share?url=https%3A%2F%2Fviajesfotosycomidas.com%2Fcierra-la-paritaria-y-un-plus-por-temporada-para-los-gastronomicos%2F&amp;text=Acabo%20de%20ver%20Cierra%20la%20paritaria%20y%20un%20plus%20por%20temporada%20para%20los%20gastron%C3%B3micos%20-%20Haga%20clic%20ver%20tambi%C3%A9n%20%E2%98%9B%20\" target=\"_blank\" rel=\"noreferrer noopener\"><\/a><a href=\"\/\/send?text=Cierra%20la%20paritaria%20y%20un%20plus%20por%20temporada%20para%20los%20gastron%C3%B3micos%20%E2%98%9B%20https%3A%2F%2Fviajesfotosycomidas.com%2Fcierra-la-paritaria-y-un-plus-por-temporada-para-los-gastronomicos%2F\" target=\"_blank\" rel=\"noreferrer noopener\"><\/a><a href=\"javascript:void(0);\"><\/a><\/p>\n","protected":false},"excerpt":{"rendered":"<p>As\u00ed lo confirm\u00f3 el titular de Uthgra, Luis Barrionuevo, quien adem\u00e1s celebr\u00f3 que \u00abel sector se est\u00e1 reactivando con creces\u00bb tras los efectos de la pandemia El gremio gastron\u00f3mico Uthgra cerrar\u00e1 en los pr\u00f3ximos d\u00edas las paritarias del sector, que incluir\u00e1n el \u00abplus por temporada\u00bb. As\u00ed lo confirm\u00f3 el l\u00edder sindical Luis Barrinuevo, quien adem\u00e1s [&hellip;]<\/p>\n","protected":false},"author":2,"featured_media":10513,"comment_status":"open","ping_status":"open","sticky":false,"template":"","format":"standard","meta":{"footnotes":""},"categories":[39],"tags":[],"class_list":["post-10512","post","type-post","status-publish","format-standard","has-post-thumbnail","hentry","category-nacionales"],"yoast_head":"<!-- This site is optimized with the Yoast SEO plugin v27.5 - https:\/\/yoast.com\/product\/yoast-seo-wordpress\/ -->\n<title>Cierra la paritaria y un plus por temporada para los gastron\u00f3micos | CVI NOTICIAS<\/title>\n<meta name=\"robots\" content=\"index, follow, max-snippet:-1, max-image-preview:large, max-video-preview:-1\" \/>\n<link rel=\"canonical\" href=\"https:\/\/cvinoticias.com\/v3\/cierra-la-paritaria-y-un-plus-por-temporada-para-los-gastronomicos\/\" \/>\n<meta property=\"og:locale\" content=\"es_ES\" \/>\n<meta property=\"og:type\" content=\"article\" \/>\n<meta property=\"og:title\" content=\"Cierra la paritaria y un plus por temporada para los gastron\u00f3micos | CVI NOTICIAS\" \/>\n<meta property=\"og:description\" content=\"As\u00ed lo confirm\u00f3 el titular de Uthgra, Luis Barrionuevo, quien adem\u00e1s celebr\u00f3 que \u00abel sector se est\u00e1 reactivando con creces\u00bb tras los efectos de la pandemia El gremio gastron\u00f3mico Uthgra cerrar\u00e1 en los pr\u00f3ximos d\u00edas las paritarias del sector, que incluir\u00e1n el \u00abplus por temporada\u00bb. As\u00ed lo confirm\u00f3 el l\u00edder sindical Luis Barrinuevo, quien adem\u00e1s [&hellip;]\" \/>\n<meta property=\"og:url\" content=\"https:\/\/cvinoticias.com\/v3\/cierra-la-paritaria-y-un-plus-por-temporada-para-los-gastronomicos\/\" \/>\n<meta property=\"og:site_name\" content=\"CVI NOTICIAS\" \/>\n<meta property=\"article:publisher\" content=\"https:\/\/www.facebook.com\/cvinoticias\" \/>\n<meta property=\"article:published_time\" content=\"2021-11-11T11:04:04+00:00\" \/>\n<meta property=\"og:image\" content=\"https:\/\/cvinoticias.com\/wp-content\/uploads\/2021\/11\/FB_IMG_1619778220610.jpg\" \/>\n\t<meta property=\"og:image:width\" content=\"1080\" \/>\n\t<meta property=\"og:image:height\" content=\"525\" \/>\n\t<meta property=\"og:image:type\" content=\"image\/jpeg\" \/>\n<meta name=\"author\" content=\"f1000024\" \/>\n<meta name=\"twitter:card\" content=\"summary_large_image\" \/>\n<meta name=\"twitter:label1\" content=\"Escrito por\" \/>\n\t<meta name=\"twitter:data1\" content=\"f1000024\" \/>\n\t<meta name=\"twitter:label2\" content=\"Tiempo de lectura\" \/>\n\t<meta name=\"twitter:data2\" content=\"2 minutos\" \/>\n<script type=\"application\/ld+json\" class=\"yoast-schema-graph\">{\"@context\":\"https:\\\/\\\/schema.org\",\"@graph\":[{\"@type\":\"Article\",\"@id\":\"https:\\\/\\\/cvinoticias.com\\\/v3\\\/cierra-la-paritaria-y-un-plus-por-temporada-para-los-gastronomicos\\\/#article\",\"isPartOf\":{\"@id\":\"https:\\\/\\\/cvinoticias.com\\\/v3\\\/cierra-la-paritaria-y-un-plus-por-temporada-para-los-gastronomicos\\\/\"},\"author\":{\"name\":\"f1000024\",\"@id\":\"https:\\\/\\\/cvinoticias.com\\\/v3\\\/#\\\/schema\\\/person\\\/2db77e3c6bc03c538495d7b2b8be9b66\"},\"headline\":\"Cierra la paritaria y un plus por temporada para los gastron\u00f3micos\",\"datePublished\":\"2021-11-11T11:04:04+00:00\",\"mainEntityOfPage\":{\"@id\":\"https:\\\/\\\/cvinoticias.com\\\/v3\\\/cierra-la-paritaria-y-un-plus-por-temporada-para-los-gastronomicos\\\/\"},\"wordCount\":379,\"commentCount\":0,\"publisher\":{\"@id\":\"https:\\\/\\\/cvinoticias.com\\\/v3\\\/#organization\"},\"image\":{\"@id\":\"https:\\\/\\\/cvinoticias.com\\\/v3\\\/cierra-la-paritaria-y-un-plus-por-temporada-para-los-gastronomicos\\\/#primaryimage\"},\"thumbnailUrl\":\"https:\\\/\\\/cvinoticias.com\\\/wp-content\\\/uploads\\\/2021\\\/11\\\/FB_IMG_1619778220610.jpg\",\"articleSection\":[\"Nacionales\"],\"inLanguage\":\"es\",\"potentialAction\":[{\"@type\":\"CommentAction\",\"name\":\"Comment\",\"target\":[\"https:\\\/\\\/cvinoticias.com\\\/v3\\\/cierra-la-paritaria-y-un-plus-por-temporada-para-los-gastronomicos\\\/#respond\"]}]},{\"@type\":\"WebPage\",\"@id\":\"https:\\\/\\\/cvinoticias.com\\\/v3\\\/cierra-la-paritaria-y-un-plus-por-temporada-para-los-gastronomicos\\\/\",\"url\":\"https:\\\/\\\/cvinoticias.com\\\/v3\\\/cierra-la-paritaria-y-un-plus-por-temporada-para-los-gastronomicos\\\/\",\"name\":\"Cierra la paritaria y un plus por temporada para los gastron\u00f3micos | CVI NOTICIAS\",\"isPartOf\":{\"@id\":\"https:\\\/\\\/cvinoticias.com\\\/v3\\\/#website\"},\"primaryImageOfPage\":{\"@id\":\"https:\\\/\\\/cvinoticias.com\\\/v3\\\/cierra-la-paritaria-y-un-plus-por-temporada-para-los-gastronomicos\\\/#primaryimage\"},\"image\":{\"@id\":\"https:\\\/\\\/cvinoticias.com\\\/v3\\\/cierra-la-paritaria-y-un-plus-por-temporada-para-los-gastronomicos\\\/#primaryimage\"},\"thumbnailUrl\":\"https:\\\/\\\/cvinoticias.com\\\/wp-content\\\/uploads\\\/2021\\\/11\\\/FB_IMG_1619778220610.jpg\",\"datePublished\":\"2021-11-11T11:04:04+00:00\",\"breadcrumb\":{\"@id\":\"https:\\\/\\\/cvinoticias.com\\\/v3\\\/cierra-la-paritaria-y-un-plus-por-temporada-para-los-gastronomicos\\\/#breadcrumb\"},\"inLanguage\":\"es\",\"potentialAction\":[{\"@type\":\"ReadAction\",\"target\":[\"https:\\\/\\\/cvinoticias.com\\\/v3\\\/cierra-la-paritaria-y-un-plus-por-temporada-para-los-gastronomicos\\\/\"]}]},{\"@type\":\"ImageObject\",\"inLanguage\":\"es\",\"@id\":\"https:\\\/\\\/cvinoticias.com\\\/v3\\\/cierra-la-paritaria-y-un-plus-por-temporada-para-los-gastronomicos\\\/#primaryimage\",\"url\":\"https:\\\/\\\/cvinoticias.com\\\/wp-content\\\/uploads\\\/2021\\\/11\\\/FB_IMG_1619778220610.jpg\",\"contentUrl\":\"https:\\\/\\\/cvinoticias.com\\\/wp-content\\\/uploads\\\/2021\\\/11\\\/FB_IMG_1619778220610.jpg\",\"width\":1080,\"height\":525},{\"@type\":\"BreadcrumbList\",\"@id\":\"https:\\\/\\\/cvinoticias.com\\\/v3\\\/cierra-la-paritaria-y-un-plus-por-temporada-para-los-gastronomicos\\\/#breadcrumb\",\"itemListElement\":[{\"@type\":\"ListItem\",\"position\":1,\"name\":\"Portada\",\"item\":\"https:\\\/\\\/cvinoticias.com\\\/v3\\\/\"},{\"@type\":\"ListItem\",\"position\":2,\"name\":\"Cierra la paritaria y un plus por temporada para los gastron\u00f3micos\"}]},{\"@type\":\"WebSite\",\"@id\":\"https:\\\/\\\/cvinoticias.com\\\/v3\\\/#website\",\"url\":\"https:\\\/\\\/cvinoticias.com\\\/v3\\\/\",\"name\":\"CVI NOTICIAS\",\"description\":\"\",\"publisher\":{\"@id\":\"https:\\\/\\\/cvinoticias.com\\\/v3\\\/#organization\"},\"alternateName\":\"CVI\",\"potentialAction\":[{\"@type\":\"SearchAction\",\"target\":{\"@type\":\"EntryPoint\",\"urlTemplate\":\"https:\\\/\\\/cvinoticias.com\\\/v3\\\/?s={search_term_string}\"},\"query-input\":{\"@type\":\"PropertyValueSpecification\",\"valueRequired\":true,\"valueName\":\"search_term_string\"}}],\"inLanguage\":\"es\"},{\"@type\":\"Organization\",\"@id\":\"https:\\\/\\\/cvinoticias.com\\\/v3\\\/#organization\",\"name\":\"CVI NOTICIAS\",\"url\":\"https:\\\/\\\/cvinoticias.com\\\/v3\\\/\",\"logo\":{\"@type\":\"ImageObject\",\"inLanguage\":\"es\",\"@id\":\"https:\\\/\\\/cvinoticias.com\\\/v3\\\/#\\\/schema\\\/logo\\\/image\\\/\",\"url\":\"https:\\\/\\\/cvinoticias.com\\\/wp-content\\\/uploads\\\/2023\\\/04\\\/cropped-cropped-cropped-cropped-cropped-3-1.png\",\"contentUrl\":\"https:\\\/\\\/cvinoticias.com\\\/wp-content\\\/uploads\\\/2023\\\/04\\\/cropped-cropped-cropped-cropped-cropped-3-1.png\",\"width\":95,\"height\":122,\"caption\":\"CVI NOTICIAS\"},\"image\":{\"@id\":\"https:\\\/\\\/cvinoticias.com\\\/v3\\\/#\\\/schema\\\/logo\\\/image\\\/\"},\"sameAs\":[\"https:\\\/\\\/www.facebook.com\\\/cvinoticias\",\"https:\\\/\\\/www.instagram.com\\\/cvinoticias\\\/\",\"https:\\\/\\\/www.youtube.com\\\/@CVINOTICIAS\"]},{\"@type\":\"Person\",\"@id\":\"https:\\\/\\\/cvinoticias.com\\\/v3\\\/#\\\/schema\\\/person\\\/2db77e3c6bc03c538495d7b2b8be9b66\",\"name\":\"f1000024\",\"image\":{\"@type\":\"ImageObject\",\"inLanguage\":\"es\",\"@id\":\"https:\\\/\\\/secure.gravatar.com\\\/avatar\\\/d4fe7459cfc51ff5129ce1a732bbef5928568b8092d412ef95611616376bbeed?s=96&d=mm&r=g\",\"url\":\"https:\\\/\\\/secure.gravatar.com\\\/avatar\\\/d4fe7459cfc51ff5129ce1a732bbef5928568b8092d412ef95611616376bbeed?s=96&d=mm&r=g\",\"contentUrl\":\"https:\\\/\\\/secure.gravatar.com\\\/avatar\\\/d4fe7459cfc51ff5129ce1a732bbef5928568b8092d412ef95611616376bbeed?s=96&d=mm&r=g\",\"caption\":\"f1000024\"},\"url\":\"https:\\\/\\\/cvinoticias.com\\\/v3\\\/author\\\/f1000024\\\/\"}]}<\/script>\n<!-- \/ Yoast SEO plugin. -->","yoast_head_json":{"title":"Cierra la paritaria y un plus por temporada para los gastron\u00f3micos | CVI NOTICIAS","robots":{"index":"index","follow":"follow","max-snippet":"max-snippet:-1","max-image-preview":"max-image-preview:large","max-video-preview":"max-video-preview:-1"},"canonical":"https:\/\/cvinoticias.com\/v3\/cierra-la-paritaria-y-un-plus-por-temporada-para-los-gastronomicos\/","og_locale":"es_ES","og_type":"article","og_title":"Cierra la paritaria y un plus por temporada para los gastron\u00f3micos | CVI NOTICIAS","og_description":"As\u00ed lo confirm\u00f3 el titular de Uthgra, Luis Barrionuevo, quien adem\u00e1s celebr\u00f3 que \u00abel sector se est\u00e1 reactivando con creces\u00bb tras los efectos de la pandemia El gremio gastron\u00f3mico Uthgra cerrar\u00e1 en los pr\u00f3ximos d\u00edas las paritarias del sector, que incluir\u00e1n el \u00abplus por temporada\u00bb. As\u00ed lo confirm\u00f3 el l\u00edder sindical Luis Barrinuevo, quien adem\u00e1s [&hellip;]","og_url":"https:\/\/cvinoticias.com\/v3\/cierra-la-paritaria-y-un-plus-por-temporada-para-los-gastronomicos\/","og_site_name":"CVI NOTICIAS","article_publisher":"https:\/\/www.facebook.com\/cvinoticias","article_published_time":"2021-11-11T11:04:04+00:00","og_image":[{"width":1080,"height":525,"url":"https:\/\/cvinoticias.com\/wp-content\/uploads\/2021\/11\/FB_IMG_1619778220610.jpg","type":"image\/jpeg"}],"author":"f1000024","twitter_card":"summary_large_image","twitter_misc":{"Escrito por":"f1000024","Tiempo de lectura":"2 minutos"},"schema":{"@context":"https:\/\/schema.org","@graph":[{"@type":"Article","@id":"https:\/\/cvinoticias.com\/v3\/cierra-la-paritaria-y-un-plus-por-temporada-para-los-gastronomicos\/#article","isPartOf":{"@id":"https:\/\/cvinoticias.com\/v3\/cierra-la-paritaria-y-un-plus-por-temporada-para-los-gastronomicos\/"},"author":{"name":"f1000024","@id":"https:\/\/cvinoticias.com\/v3\/#\/schema\/person\/2db77e3c6bc03c538495d7b2b8be9b66"},"headline":"Cierra la paritaria y un plus por temporada para los gastron\u00f3micos","datePublished":"2021-11-11T11:04:04+00:00","mainEntityOfPage":{"@id":"https:\/\/cvinoticias.com\/v3\/cierra-la-paritaria-y-un-plus-por-temporada-para-los-gastronomicos\/"},"wordCount":379,"commentCount":0,"publisher":{"@id":"https:\/\/cvinoticias.com\/v3\/#organization"},"image":{"@id":"https:\/\/cvinoticias.com\/v3\/cierra-la-paritaria-y-un-plus-por-temporada-para-los-gastronomicos\/#primaryimage"},"thumbnailUrl":"https:\/\/cvinoticias.com\/wp-content\/uploads\/2021\/11\/FB_IMG_1619778220610.jpg","articleSection":["Nacionales"],"inLanguage":"es","potentialAction":[{"@type":"CommentAction","name":"Comment","target":["https:\/\/cvinoticias.com\/v3\/cierra-la-paritaria-y-un-plus-por-temporada-para-los-gastronomicos\/#respond"]}]},{"@type":"WebPage","@id":"https:\/\/cvinoticias.com\/v3\/cierra-la-paritaria-y-un-plus-por-temporada-para-los-gastronomicos\/","url":"https:\/\/cvinoticias.com\/v3\/cierra-la-paritaria-y-un-plus-por-temporada-para-los-gastronomicos\/","name":"Cierra la paritaria y un plus por temporada para los gastron\u00f3micos | CVI NOTICIAS","isPartOf":{"@id":"https:\/\/cvinoticias.com\/v3\/#website"},"primaryImageOfPage":{"@id":"https:\/\/cvinoticias.com\/v3\/cierra-la-paritaria-y-un-plus-por-temporada-para-los-gastronomicos\/#primaryimage"},"image":{"@id":"https:\/\/cvinoticias.com\/v3\/cierra-la-paritaria-y-un-plus-por-temporada-para-los-gastronomicos\/#primaryimage"},"thumbnailUrl":"https:\/\/cvinoticias.com\/wp-content\/uploads\/2021\/11\/FB_IMG_1619778220610.jpg","datePublished":"2021-11-11T11:04:04+00:00","breadcrumb":{"@id":"https:\/\/cvinoticias.com\/v3\/cierra-la-paritaria-y-un-plus-por-temporada-para-los-gastronomicos\/#breadcrumb"},"inLanguage":"es","potentialAction":[{"@type":"ReadAction","target":["https:\/\/cvinoticias.com\/v3\/cierra-la-paritaria-y-un-plus-por-temporada-para-los-gastronomicos\/"]}]},{"@type":"ImageObject","inLanguage":"es","@id":"https:\/\/cvinoticias.com\/v3\/cierra-la-paritaria-y-un-plus-por-temporada-para-los-gastronomicos\/#primaryimage","url":"https:\/\/cvinoticias.com\/wp-content\/uploads\/2021\/11\/FB_IMG_1619778220610.jpg","contentUrl":"https:\/\/cvinoticias.com\/wp-content\/uploads\/2021\/11\/FB_IMG_1619778220610.jpg","width":1080,"height":525},{"@type":"BreadcrumbList","@id":"https:\/\/cvinoticias.com\/v3\/cierra-la-paritaria-y-un-plus-por-temporada-para-los-gastronomicos\/#breadcrumb","itemListElement":[{"@type":"ListItem","position":1,"name":"Portada","item":"https:\/\/cvinoticias.com\/v3\/"},{"@type":"ListItem","position":2,"name":"Cierra la paritaria y un plus por temporada para los gastron\u00f3micos"}]},{"@type":"WebSite","@id":"https:\/\/cvinoticias.com\/v3\/#website","url":"https:\/\/cvinoticias.com\/v3\/","name":"CVI NOTICIAS","description":"","publisher":{"@id":"https:\/\/cvinoticias.com\/v3\/#organization"},"alternateName":"CVI","potentialAction":[{"@type":"SearchAction","target":{"@type":"EntryPoint","urlTemplate":"https:\/\/cvinoticias.com\/v3\/?s={search_term_string}"},"query-input":{"@type":"PropertyValueSpecification","valueRequired":true,"valueName":"search_term_string"}}],"inLanguage":"es"},{"@type":"Organization","@id":"https:\/\/cvinoticias.com\/v3\/#organization","name":"CVI NOTICIAS","url":"https:\/\/cvinoticias.com\/v3\/","logo":{"@type":"ImageObject","inLanguage":"es","@id":"https:\/\/cvinoticias.com\/v3\/#\/schema\/logo\/image\/","url":"https:\/\/cvinoticias.com\/wp-content\/uploads\/2023\/04\/cropped-cropped-cropped-cropped-cropped-3-1.png","contentUrl":"https:\/\/cvinoticias.com\/wp-content\/uploads\/2023\/04\/cropped-cropped-cropped-cropped-cropped-3-1.png","width":95,"height":122,"caption":"CVI NOTICIAS"},"image":{"@id":"https:\/\/cvinoticias.com\/v3\/#\/schema\/logo\/image\/"},"sameAs":["https:\/\/www.facebook.com\/cvinoticias","https:\/\/www.instagram.com\/cvinoticias\/","https:\/\/www.youtube.com\/@CVINOTICIAS"]},{"@type":"Person","@id":"https:\/\/cvinoticias.com\/v3\/#\/schema\/person\/2db77e3c6bc03c538495d7b2b8be9b66","name":"f1000024","image":{"@type":"ImageObject","inLanguage":"es","@id":"https:\/\/secure.gravatar.com\/avatar\/d4fe7459cfc51ff5129ce1a732bbef5928568b8092d412ef95611616376bbeed?s=96&d=mm&r=g","url":"https:\/\/secure.gravatar.com\/avatar\/d4fe7459cfc51ff5129ce1a732bbef5928568b8092d412ef95611616376bbeed?s=96&d=mm&r=g","contentUrl":"https:\/\/secure.gravatar.com\/avatar\/d4fe7459cfc51ff5129ce1a732bbef5928568b8092d412ef95611616376bbeed?s=96&d=mm&r=g","caption":"f1000024"},"url":"https:\/\/cvinoticias.com\/v3\/author\/f1000024\/"}]}},"_links":{"self":[{"href":"https:\/\/cvinoticias.com\/v3\/wp-json\/wp\/v2\/posts\/10512","targetHints":{"allow":["GET"]}}],"collection":[{"href":"https:\/\/cvinoticias.com\/v3\/wp-json\/wp\/v2\/posts"}],"about":[{"href":"https:\/\/cvinoticias.com\/v3\/wp-json\/wp\/v2\/types\/post"}],"author":[{"embeddable":true,"href":"https:\/\/cvinoticias.com\/v3\/wp-json\/wp\/v2\/users\/2"}],"replies":[{"embeddable":true,"href":"https:\/\/cvinoticias.com\/v3\/wp-json\/wp\/v2\/comments?post=10512"}],"version-history":[{"count":1,"href":"https:\/\/cvinoticias.com\/v3\/wp-json\/wp\/v2\/posts\/10512\/revisions"}],"predecessor-version":[{"id":10514,"href":"https:\/\/cvinoticias.com\/v3\/wp-json\/wp\/v2\/posts\/10512\/revisions\/10514"}],"wp:featuredmedia":[{"embeddable":true,"href":"https:\/\/cvinoticias.com\/v3\/wp-json\/wp\/v2\/media\/10513"}],"wp:attachment":[{"href":"https:\/\/cvinoticias.com\/v3\/wp-json\/wp\/v2\/media?parent=10512"}],"wp:term":[{"taxonomy":"category","embeddable":true,"href":"https:\/\/cvinoticias.com\/v3\/wp-json\/wp\/v2\/categories?post=10512"},{"taxonomy":"post_tag","embeddable":true,"href":"https:\/\/cvinoticias.com\/v3\/wp-json\/wp\/v2\/tags?post=10512"}],"curies":[{"name":"wp","href":"https:\/\/api.w.org\/{rel}","templated":true}]}}