{"id":10509,"date":"2021-11-11T10:49:43","date_gmt":"2021-11-11T10:49:43","guid":{"rendered":"https:\/\/cvinoticias.com\/v3\/?p=10509"},"modified":"2021-11-11T10:49:43","modified_gmt":"2021-11-11T10:49:43","slug":"elecciones-2021-que-debo-llevar-para-ir-a-votar","status":"publish","type":"post","link":"https:\/\/cvinoticias.com\/v3\/elecciones-2021-que-debo-llevar-para-ir-a-votar\/","title":{"rendered":"Elecciones 2021: Qu\u00e9 debo llevar para ir a votar"},"content":{"rendered":"\n<p class=\"wp-block-paragraph\"><strong><em>El pr\u00f3ximo domingo 14 de noviembre se realizar\u00e1n las elecciones legislativas en todo el pa\u00eds. Conoc\u00e9 qu\u00e9 tenes que llevar para un proceso electoral similar al \u201cprepandemia\u201d.<\/em><\/strong><\/p>\n\n\n\n<p class=\"wp-block-paragraph\">Las&nbsp;elecciones generales legislativas del 2021&nbsp;se realizar\u00e1n el&nbsp;domingo 14 de noviembre, dos meses despu\u00e9s de las Primarias, Abiertas, Simult\u00e1neas y Obligatorias (PASO) que se llevaron a cabo el 12 de septiembre pasado.<\/p>\n\n\n\n<p class=\"wp-block-paragraph\">Para este proceso, la vocera de presidencia,&nbsp;Gabriela Cerutti&nbsp;confirm\u00f3 que el pr\u00f3ximo domingo&nbsp;no habr\u00e1 las mismas restricciones&nbsp;que en las \u00faltimas PASO y que ser\u00e1 una elecci\u00f3n similar a las \u201cprepandemia\u201d que se desarrollaron en 2019.<\/p>\n\n\n\n<p class=\"wp-block-paragraph\">Si bien el barbijo continuar\u00e1 siendo obligatorio, el proceso ser\u00e1&nbsp;\u201cm\u00e1s veloz\u201d, ya que&nbsp;habr\u00e1 una sola fila en cada mesa&nbsp;y no varias en la puerta, como en las \u00faltimas elecciones desarrolladas en agosto de este a\u00f1o.<\/p>\n\n\n\n<p class=\"wp-block-paragraph\">Quienes no hayan concurrido a votar en las PASO igual&nbsp;podr\u00e1n hacerlo en las generales.<\/p>\n\n\n\n<p class=\"wp-block-paragraph\"><strong>Elecciones 2021: qu\u00e9 hay que llevar para ir a votar<\/strong><\/p>\n\n\n\n<p class=\"wp-block-paragraph\">Obligatorio:<\/p>\n\n\n\n<ul class=\"wp-block-list\"><li>Documento Nacional de Identidad: el \u00faltimo ejemplar emitido o los ejemplares posteriores (no se puede llevar el DNI en el celular).<\/li><li>Barbijo&nbsp;durante todo el proceso de sufragio.<\/li><\/ul>\n\n\n\n<p class=\"wp-block-paragraph\">Opcional:<\/p>\n\n\n\n<ul class=\"wp-block-list\"><li>Lapicera&nbsp;para firmar el acta electoral.<\/li><li>Alcohol&nbsp;en gel.<\/li><li>Plasticola&nbsp;para pegar el sobre (est\u00e1 prohibido cerrarlo con saliva).<\/li><\/ul>\n\n\n\n<p class=\"wp-block-paragraph\"><strong>Elecciones 2021: Cu\u00e1les son los protocolos sanitarios<\/strong><\/p>\n\n\n\n<ul class=\"wp-block-list\"><li>Horario para los&nbsp;grupos de riesgo. Quienes conformen este grupo podr\u00e1n acercarse al respectivo lugar de votaci\u00f3n entre las 10:30 y las 12:30 y tendr\u00e1n prioridad.<\/li><li>Habr\u00e1 un facilitador sanitario que dar\u00e1 las indicaciones correspondientes para hacer cumplir las&nbsp;medidas de prevenci\u00f3n.<\/li><li>No se deber\u00e1 pegar el sobre con saliva; habr\u00e1 que dejar el DNI sobre la mesa, a efectos de no tener contacto f\u00edsico con las autoridades; se deber\u00e1 evitar el roce con la urna.<\/li><li>Dentro de lo posible hay que llevar&nbsp;lapicera propia&nbsp;y adem\u00e1s van a haber disponibles kits sanitarios con elementos de desinfecci\u00f3n.<\/li><\/ul>\n\n\n\n<p class=\"wp-block-paragraph\"><strong>Elecciones 2021: con qu\u00e9 documento tengo que votar<\/strong><\/p>\n\n\n\n<p class=\"wp-block-paragraph\">Se puede votar con cualquiera de los siguientes documentos, siempre que sea el \u00faltimo ejemplar emitido.<\/p>\n\n\n\n<ul class=\"wp-block-list\"><li>Libreta de enrolamiento.<\/li><li>Libreta c\u00edvica.<\/li><li>DNI libreta verde.<\/li><li>Tarjeta del DNI libreta celeste.<\/li><li>Nuevo DNI tarjeta (v\u00e1lido para votar aunque contenga la leyenda \u201cno v\u00e1lido para<br>votar\u201d).<\/li><\/ul>\n\n\n\n<p class=\"wp-block-paragraph\"><strong>C\u00f3mo averiguar d\u00f3nde voto en las elecciones 2021<\/strong><\/p>\n\n\n\n<p class=\"wp-block-paragraph\">El padr\u00f3n electoral ya cuenta con las listas definitivas. De esta manera, ya se puede consultar de&nbsp;forma online&nbsp;para saber d\u00f3nde voto.<br>Pasos a seguir para consultar el&nbsp;padr\u00f3n:<\/p>\n\n\n\n<ul class=\"wp-block-list\"><li>Ingresar el&nbsp;n\u00famero de DNI.<\/li><li>Seleccionar el&nbsp;g\u00e9nero.<\/li><li>Elegir el&nbsp;distrito.<\/li><li>Validar el&nbsp;c\u00f3digo&nbsp;que se muestra en la p\u00e1gina.<\/li><\/ul>\n\n\n\n<p class=\"wp-block-paragraph\">Tambi\u00e9n se puede consultar telef\u00f3nicamente al tel\u00e9fono que brind\u00f3 la CNE que es el 0800-999-7237.<\/p>\n\n\n\n<p class=\"wp-block-paragraph\"><strong>Elecciones 2021: qu\u00e9 voto de acuerdo a mi jurisdicci\u00f3n<\/strong><\/p>\n\n\n\n<p class=\"wp-block-paragraph\">En las elecciones 2021 todas las provincias votar\u00e1n diputados y en ocho, adem\u00e1s, se votar\u00e1n senadores.&nbsp;Chubut, La Pampa, Catamarca, C\u00f3rdoba, Corrientes, Mendoza, Tucum\u00e1n y Santa Fe&nbsp;renovar\u00e1n la C\u00e1mara alta.<\/p>\n\n\n\n<ul class=\"wp-block-list\"><li>Buenos Aires: 35 bancas.<\/li><li>Ciudad de Buenos Aires: 13 bancas.<\/li><li>C\u00f3rdoba: 9 bancas.<\/li><li>Santa Fe: 9 bancas.<\/li><li>Mendoza: 5 bancas.<\/li><li>Entre R\u00edos: 5 bancas.<\/li><li>Tucum\u00e1n: 4 bancas.<\/li><li>Chaco: 4 bancas.<\/li><li>Catamarca: 3 bancas.<\/li><li>Corrientes: 3 bancas.<\/li><li>Jujuy: 3 bancas.<\/li><li>La Pampa: 3 bancas.<\/li><li>Misiones: 3 bancas.<\/li><li>Neuqu\u00e9n: 3 bancas.<\/li><li>Salta: 3 bancas.<\/li><li>San Juan: 3 bancas.<\/li><li>San Luis: 3 bancas.<\/li><li>Santa Cruz: 3 bancas.<\/li><li>Santiago del Estero: 3 bancas.<\/li><li>Formosa: 2 bancas.<\/li><li>La Rioja: 2 bancas.<\/li><li>R\u00edo Negro: 2 bancas.<\/li><li>Chubut: 2 bancas.<\/li><li>Tierra del Fuego: 2 bancas.<\/li><\/ul>\n","protected":false},"excerpt":{"rendered":"<p>El pr\u00f3ximo domingo 14 de noviembre se realizar\u00e1n las elecciones legislativas en todo el pa\u00eds. Conoc\u00e9 qu\u00e9 tenes que llevar para un proceso electoral similar al \u201cprepandemia\u201d. Las&nbsp;elecciones generales legislativas del 2021&nbsp;se realizar\u00e1n el&nbsp;domingo 14 de noviembre, dos meses despu\u00e9s de las Primarias, Abiertas, Simult\u00e1neas y Obligatorias (PASO) que se llevaron a cabo el 12 [&hellip;]<\/p>\n","protected":false},"author":2,"featured_media":10510,"comment_status":"open","ping_status":"open","sticky":false,"template":"","format":"standard","meta":{"footnotes":""},"categories":[35],"tags":[],"class_list":["post-10509","post","type-post","status-publish","format-standard","has-post-thumbnail","hentry","category-informacion-general"],"yoast_head":"<!-- This site is optimized with the Yoast SEO plugin v28.4 - https:\/\/yoast.com\/product\/yoast-seo-wordpress\/ -->\n<title>Elecciones 2021: Qu\u00e9 debo llevar para ir a votar | CVI NOTICIAS<\/title>\n<meta name=\"robots\" content=\"index, follow, max-snippet:-1, max-image-preview:large, max-video-preview:-1\" \/>\n<link rel=\"canonical\" href=\"https:\/\/cvinoticias.com\/v3\/elecciones-2021-que-debo-llevar-para-ir-a-votar\/\" \/>\n<meta property=\"og:locale\" content=\"es_ES\" \/>\n<meta property=\"og:type\" content=\"article\" \/>\n<meta property=\"og:title\" content=\"Elecciones 2021: Qu\u00e9 debo llevar para ir a votar | CVI NOTICIAS\" \/>\n<meta property=\"og:description\" content=\"El pr\u00f3ximo domingo 14 de noviembre se realizar\u00e1n las elecciones legislativas en todo el pa\u00eds. Conoc\u00e9 qu\u00e9 tenes que llevar para un proceso electoral similar al \u201cprepandemia\u201d. Las&nbsp;elecciones generales legislativas del 2021&nbsp;se realizar\u00e1n el&nbsp;domingo 14 de noviembre, dos meses despu\u00e9s de las Primarias, Abiertas, Simult\u00e1neas y Obligatorias (PASO) que se llevaron a cabo el 12 [&hellip;]\" \/>\n<meta property=\"og:url\" content=\"https:\/\/cvinoticias.com\/v3\/elecciones-2021-que-debo-llevar-para-ir-a-votar\/\" \/>\n<meta property=\"og:site_name\" content=\"CVI NOTICIAS\" \/>\n<meta property=\"article:publisher\" content=\"https:\/\/www.facebook.com\/cvinoticias\" \/>\n<meta property=\"article:published_time\" content=\"2021-11-11T10:49:43+00:00\" \/>\n<meta property=\"og:image\" content=\"https:\/\/cvinoticias.com\/wp-content\/uploads\/2021\/11\/elecciones-cuidasas-1.jpg\" \/>\n\t<meta property=\"og:image:width\" content=\"920\" \/>\n\t<meta property=\"og:image:height\" content=\"517\" \/>\n\t<meta property=\"og:image:type\" content=\"image\/jpeg\" \/>\n<meta name=\"author\" content=\"f1000024\" \/>\n<meta name=\"twitter:card\" content=\"summary_large_image\" \/>\n<meta name=\"twitter:label1\" content=\"Escrito por\" \/>\n\t<meta name=\"twitter:data1\" content=\"f1000024\" \/>\n\t<meta name=\"twitter:label2\" content=\"Tiempo de lectura\" \/>\n\t<meta name=\"twitter:data2\" content=\"3 minutos\" \/>\n<script type=\"application\/ld+json\" class=\"yoast-schema-graph\">{\"@context\":\"https:\\\/\\\/schema.org\",\"@graph\":[{\"@type\":\"Article\",\"@id\":\"https:\\\/\\\/cvinoticias.com\\\/v3\\\/elecciones-2021-que-debo-llevar-para-ir-a-votar\\\/#article\",\"isPartOf\":{\"@id\":\"https:\\\/\\\/cvinoticias.com\\\/v3\\\/elecciones-2021-que-debo-llevar-para-ir-a-votar\\\/\"},\"author\":{\"name\":\"f1000024\",\"@id\":\"https:\\\/\\\/cvinoticias.com\\\/v3\\\/#\\\/schema\\\/person\\\/2db77e3c6bc03c538495d7b2b8be9b66\"},\"headline\":\"Elecciones 2021: Qu\u00e9 debo llevar para ir a votar\",\"datePublished\":\"2021-11-11T10:49:43+00:00\",\"mainEntityOfPage\":{\"@id\":\"https:\\\/\\\/cvinoticias.com\\\/v3\\\/elecciones-2021-que-debo-llevar-para-ir-a-votar\\\/\"},\"wordCount\":614,\"commentCount\":0,\"publisher\":{\"@id\":\"https:\\\/\\\/cvinoticias.com\\\/v3\\\/#organization\"},\"image\":{\"@id\":\"https:\\\/\\\/cvinoticias.com\\\/v3\\\/elecciones-2021-que-debo-llevar-para-ir-a-votar\\\/#primaryimage\"},\"thumbnailUrl\":\"https:\\\/\\\/cvinoticias.com\\\/wp-content\\\/uploads\\\/2021\\\/11\\\/elecciones-cuidasas-1.jpg\",\"articleSection\":[\"Informaci\u00f3n General\"],\"inLanguage\":\"es\",\"potentialAction\":[{\"@type\":\"CommentAction\",\"name\":\"Comment\",\"target\":[\"https:\\\/\\\/cvinoticias.com\\\/v3\\\/elecciones-2021-que-debo-llevar-para-ir-a-votar\\\/#respond\"]}]},{\"@type\":\"WebPage\",\"@id\":\"https:\\\/\\\/cvinoticias.com\\\/v3\\\/elecciones-2021-que-debo-llevar-para-ir-a-votar\\\/\",\"url\":\"https:\\\/\\\/cvinoticias.com\\\/v3\\\/elecciones-2021-que-debo-llevar-para-ir-a-votar\\\/\",\"name\":\"Elecciones 2021: Qu\u00e9 debo llevar para ir a votar | CVI NOTICIAS\",\"isPartOf\":{\"@id\":\"https:\\\/\\\/cvinoticias.com\\\/v3\\\/#website\"},\"primaryImageOfPage\":{\"@id\":\"https:\\\/\\\/cvinoticias.com\\\/v3\\\/elecciones-2021-que-debo-llevar-para-ir-a-votar\\\/#primaryimage\"},\"image\":{\"@id\":\"https:\\\/\\\/cvinoticias.com\\\/v3\\\/elecciones-2021-que-debo-llevar-para-ir-a-votar\\\/#primaryimage\"},\"thumbnailUrl\":\"https:\\\/\\\/cvinoticias.com\\\/wp-content\\\/uploads\\\/2021\\\/11\\\/elecciones-cuidasas-1.jpg\",\"datePublished\":\"2021-11-11T10:49:43+00:00\",\"breadcrumb\":{\"@id\":\"https:\\\/\\\/cvinoticias.com\\\/v3\\\/elecciones-2021-que-debo-llevar-para-ir-a-votar\\\/#breadcrumb\"},\"inLanguage\":\"es\",\"potentialAction\":[{\"@type\":\"ReadAction\",\"target\":[\"https:\\\/\\\/cvinoticias.com\\\/v3\\\/elecciones-2021-que-debo-llevar-para-ir-a-votar\\\/\"]}]},{\"@type\":\"ImageObject\",\"inLanguage\":\"es\",\"@id\":\"https:\\\/\\\/cvinoticias.com\\\/v3\\\/elecciones-2021-que-debo-llevar-para-ir-a-votar\\\/#primaryimage\",\"url\":\"https:\\\/\\\/cvinoticias.com\\\/wp-content\\\/uploads\\\/2021\\\/11\\\/elecciones-cuidasas-1.jpg\",\"contentUrl\":\"https:\\\/\\\/cvinoticias.com\\\/wp-content\\\/uploads\\\/2021\\\/11\\\/elecciones-cuidasas-1.jpg\",\"width\":920,\"height\":517},{\"@type\":\"BreadcrumbList\",\"@id\":\"https:\\\/\\\/cvinoticias.com\\\/v3\\\/elecciones-2021-que-debo-llevar-para-ir-a-votar\\\/#breadcrumb\",\"itemListElement\":[{\"@type\":\"ListItem\",\"position\":1,\"name\":\"Portada\",\"item\":\"https:\\\/\\\/cvinoticias.com\\\/v3\\\/\"},{\"@type\":\"ListItem\",\"position\":2,\"name\":\"Elecciones 2021: Qu\u00e9 debo llevar para ir a votar\"}]},{\"@type\":\"WebSite\",\"@id\":\"https:\\\/\\\/cvinoticias.com\\\/v3\\\/#website\",\"url\":\"https:\\\/\\\/cvinoticias.com\\\/v3\\\/\",\"name\":\"CVI NOTICIAS\",\"description\":\"\",\"publisher\":{\"@id\":\"https:\\\/\\\/cvinoticias.com\\\/v3\\\/#organization\"},\"alternateName\":\"CVI\",\"potentialAction\":[{\"@type\":\"SearchAction\",\"target\":{\"@type\":\"EntryPoint\",\"urlTemplate\":\"https:\\\/\\\/cvinoticias.com\\\/v3\\\/?s={search_term_string}\"},\"query-input\":{\"@type\":\"PropertyValueSpecification\",\"valueRequired\":true,\"valueName\":\"search_term_string\"}}],\"inLanguage\":\"es\"},{\"@type\":\"Organization\",\"@id\":\"https:\\\/\\\/cvinoticias.com\\\/v3\\\/#organization\",\"name\":\"CVI NOTICIAS\",\"url\":\"https:\\\/\\\/cvinoticias.com\\\/v3\\\/\",\"logo\":{\"@type\":\"ImageObject\",\"inLanguage\":\"es\",\"@id\":\"https:\\\/\\\/cvinoticias.com\\\/v3\\\/#\\\/schema\\\/logo\\\/image\\\/\",\"url\":\"https:\\\/\\\/cvinoticias.com\\\/wp-content\\\/uploads\\\/2023\\\/04\\\/cropped-cropped-cropped-cropped-cropped-3-1.png\",\"contentUrl\":\"https:\\\/\\\/cvinoticias.com\\\/wp-content\\\/uploads\\\/2023\\\/04\\\/cropped-cropped-cropped-cropped-cropped-3-1.png\",\"width\":95,\"height\":122,\"caption\":\"CVI NOTICIAS\"},\"image\":{\"@id\":\"https:\\\/\\\/cvinoticias.com\\\/v3\\\/#\\\/schema\\\/logo\\\/image\\\/\"},\"sameAs\":[\"https:\\\/\\\/www.facebook.com\\\/cvinoticias\",\"https:\\\/\\\/www.instagram.com\\\/cvinoticias\\\/\",\"https:\\\/\\\/www.youtube.com\\\/@CVINOTICIAS\"]},{\"@type\":\"Person\",\"@id\":\"https:\\\/\\\/cvinoticias.com\\\/v3\\\/#\\\/schema\\\/person\\\/2db77e3c6bc03c538495d7b2b8be9b66\",\"name\":\"f1000024\",\"image\":{\"@type\":\"ImageObject\",\"inLanguage\":\"es\",\"@id\":\"https:\\\/\\\/secure.gravatar.com\\\/avatar\\\/d4fe7459cfc51ff5129ce1a732bbef5928568b8092d412ef95611616376bbeed?s=96&d=mm&r=g\",\"url\":\"https:\\\/\\\/secure.gravatar.com\\\/avatar\\\/d4fe7459cfc51ff5129ce1a732bbef5928568b8092d412ef95611616376bbeed?s=96&d=mm&r=g\",\"contentUrl\":\"https:\\\/\\\/secure.gravatar.com\\\/avatar\\\/d4fe7459cfc51ff5129ce1a732bbef5928568b8092d412ef95611616376bbeed?s=96&d=mm&r=g\",\"caption\":\"f1000024\"},\"url\":\"https:\\\/\\\/cvinoticias.com\\\/v3\\\/author\\\/f1000024\\\/\"}]}<\/script>\n<!-- \/ Yoast SEO plugin. -->","yoast_head_json":{"title":"Elecciones 2021: Qu\u00e9 debo llevar para ir a votar | CVI NOTICIAS","robots":{"index":"index","follow":"follow","max-snippet":"max-snippet:-1","max-image-preview":"max-image-preview:large","max-video-preview":"max-video-preview:-1"},"canonical":"https:\/\/cvinoticias.com\/v3\/elecciones-2021-que-debo-llevar-para-ir-a-votar\/","og_locale":"es_ES","og_type":"article","og_title":"Elecciones 2021: Qu\u00e9 debo llevar para ir a votar | CVI NOTICIAS","og_description":"El pr\u00f3ximo domingo 14 de noviembre se realizar\u00e1n las elecciones legislativas en todo el pa\u00eds. Conoc\u00e9 qu\u00e9 tenes que llevar para un proceso electoral similar al \u201cprepandemia\u201d. Las&nbsp;elecciones generales legislativas del 2021&nbsp;se realizar\u00e1n el&nbsp;domingo 14 de noviembre, dos meses despu\u00e9s de las Primarias, Abiertas, Simult\u00e1neas y Obligatorias (PASO) que se llevaron a cabo el 12 [&hellip;]","og_url":"https:\/\/cvinoticias.com\/v3\/elecciones-2021-que-debo-llevar-para-ir-a-votar\/","og_site_name":"CVI NOTICIAS","article_publisher":"https:\/\/www.facebook.com\/cvinoticias","article_published_time":"2021-11-11T10:49:43+00:00","og_image":[{"width":920,"height":517,"url":"https:\/\/cvinoticias.com\/wp-content\/uploads\/2021\/11\/elecciones-cuidasas-1.jpg","type":"image\/jpeg"}],"author":"f1000024","twitter_card":"summary_large_image","twitter_misc":{"Escrito por":"f1000024","Tiempo de lectura":"3 minutos"},"schema":{"@context":"https:\/\/schema.org","@graph":[{"@type":"Article","@id":"https:\/\/cvinoticias.com\/v3\/elecciones-2021-que-debo-llevar-para-ir-a-votar\/#article","isPartOf":{"@id":"https:\/\/cvinoticias.com\/v3\/elecciones-2021-que-debo-llevar-para-ir-a-votar\/"},"author":{"name":"f1000024","@id":"https:\/\/cvinoticias.com\/v3\/#\/schema\/person\/2db77e3c6bc03c538495d7b2b8be9b66"},"headline":"Elecciones 2021: Qu\u00e9 debo llevar para ir a votar","datePublished":"2021-11-11T10:49:43+00:00","mainEntityOfPage":{"@id":"https:\/\/cvinoticias.com\/v3\/elecciones-2021-que-debo-llevar-para-ir-a-votar\/"},"wordCount":614,"commentCount":0,"publisher":{"@id":"https:\/\/cvinoticias.com\/v3\/#organization"},"image":{"@id":"https:\/\/cvinoticias.com\/v3\/elecciones-2021-que-debo-llevar-para-ir-a-votar\/#primaryimage"},"thumbnailUrl":"https:\/\/cvinoticias.com\/wp-content\/uploads\/2021\/11\/elecciones-cuidasas-1.jpg","articleSection":["Informaci\u00f3n General"],"inLanguage":"es","potentialAction":[{"@type":"CommentAction","name":"Comment","target":["https:\/\/cvinoticias.com\/v3\/elecciones-2021-que-debo-llevar-para-ir-a-votar\/#respond"]}]},{"@type":"WebPage","@id":"https:\/\/cvinoticias.com\/v3\/elecciones-2021-que-debo-llevar-para-ir-a-votar\/","url":"https:\/\/cvinoticias.com\/v3\/elecciones-2021-que-debo-llevar-para-ir-a-votar\/","name":"Elecciones 2021: Qu\u00e9 debo llevar para ir a votar | CVI NOTICIAS","isPartOf":{"@id":"https:\/\/cvinoticias.com\/v3\/#website"},"primaryImageOfPage":{"@id":"https:\/\/cvinoticias.com\/v3\/elecciones-2021-que-debo-llevar-para-ir-a-votar\/#primaryimage"},"image":{"@id":"https:\/\/cvinoticias.com\/v3\/elecciones-2021-que-debo-llevar-para-ir-a-votar\/#primaryimage"},"thumbnailUrl":"https:\/\/cvinoticias.com\/wp-content\/uploads\/2021\/11\/elecciones-cuidasas-1.jpg","datePublished":"2021-11-11T10:49:43+00:00","breadcrumb":{"@id":"https:\/\/cvinoticias.com\/v3\/elecciones-2021-que-debo-llevar-para-ir-a-votar\/#breadcrumb"},"inLanguage":"es","potentialAction":[{"@type":"ReadAction","target":["https:\/\/cvinoticias.com\/v3\/elecciones-2021-que-debo-llevar-para-ir-a-votar\/"]}]},{"@type":"ImageObject","inLanguage":"es","@id":"https:\/\/cvinoticias.com\/v3\/elecciones-2021-que-debo-llevar-para-ir-a-votar\/#primaryimage","url":"https:\/\/cvinoticias.com\/wp-content\/uploads\/2021\/11\/elecciones-cuidasas-1.jpg","contentUrl":"https:\/\/cvinoticias.com\/wp-content\/uploads\/2021\/11\/elecciones-cuidasas-1.jpg","width":920,"height":517},{"@type":"BreadcrumbList","@id":"https:\/\/cvinoticias.com\/v3\/elecciones-2021-que-debo-llevar-para-ir-a-votar\/#breadcrumb","itemListElement":[{"@type":"ListItem","position":1,"name":"Portada","item":"https:\/\/cvinoticias.com\/v3\/"},{"@type":"ListItem","position":2,"name":"Elecciones 2021: Qu\u00e9 debo llevar para ir a votar"}]},{"@type":"WebSite","@id":"https:\/\/cvinoticias.com\/v3\/#website","url":"https:\/\/cvinoticias.com\/v3\/","name":"CVI NOTICIAS","description":"","publisher":{"@id":"https:\/\/cvinoticias.com\/v3\/#organization"},"alternateName":"CVI","potentialAction":[{"@type":"SearchAction","target":{"@type":"EntryPoint","urlTemplate":"https:\/\/cvinoticias.com\/v3\/?s={search_term_string}"},"query-input":{"@type":"PropertyValueSpecification","valueRequired":true,"valueName":"search_term_string"}}],"inLanguage":"es"},{"@type":"Organization","@id":"https:\/\/cvinoticias.com\/v3\/#organization","name":"CVI NOTICIAS","url":"https:\/\/cvinoticias.com\/v3\/","logo":{"@type":"ImageObject","inLanguage":"es","@id":"https:\/\/cvinoticias.com\/v3\/#\/schema\/logo\/image\/","url":"https:\/\/cvinoticias.com\/wp-content\/uploads\/2023\/04\/cropped-cropped-cropped-cropped-cropped-3-1.png","contentUrl":"https:\/\/cvinoticias.com\/wp-content\/uploads\/2023\/04\/cropped-cropped-cropped-cropped-cropped-3-1.png","width":95,"height":122,"caption":"CVI NOTICIAS"},"image":{"@id":"https:\/\/cvinoticias.com\/v3\/#\/schema\/logo\/image\/"},"sameAs":["https:\/\/www.facebook.com\/cvinoticias","https:\/\/www.instagram.com\/cvinoticias\/","https:\/\/www.youtube.com\/@CVINOTICIAS"]},{"@type":"Person","@id":"https:\/\/cvinoticias.com\/v3\/#\/schema\/person\/2db77e3c6bc03c538495d7b2b8be9b66","name":"f1000024","image":{"@type":"ImageObject","inLanguage":"es","@id":"https:\/\/secure.gravatar.com\/avatar\/d4fe7459cfc51ff5129ce1a732bbef5928568b8092d412ef95611616376bbeed?s=96&d=mm&r=g","url":"https:\/\/secure.gravatar.com\/avatar\/d4fe7459cfc51ff5129ce1a732bbef5928568b8092d412ef95611616376bbeed?s=96&d=mm&r=g","contentUrl":"https:\/\/secure.gravatar.com\/avatar\/d4fe7459cfc51ff5129ce1a732bbef5928568b8092d412ef95611616376bbeed?s=96&d=mm&r=g","caption":"f1000024"},"url":"https:\/\/cvinoticias.com\/v3\/author\/f1000024\/"}]}},"_links":{"self":[{"href":"https:\/\/cvinoticias.com\/v3\/wp-json\/wp\/v2\/posts\/10509","targetHints":{"allow":["GET"]}}],"collection":[{"href":"https:\/\/cvinoticias.com\/v3\/wp-json\/wp\/v2\/posts"}],"about":[{"href":"https:\/\/cvinoticias.com\/v3\/wp-json\/wp\/v2\/types\/post"}],"author":[{"embeddable":true,"href":"https:\/\/cvinoticias.com\/v3\/wp-json\/wp\/v2\/users\/2"}],"replies":[{"embeddable":true,"href":"https:\/\/cvinoticias.com\/v3\/wp-json\/wp\/v2\/comments?post=10509"}],"version-history":[{"count":1,"href":"https:\/\/cvinoticias.com\/v3\/wp-json\/wp\/v2\/posts\/10509\/revisions"}],"predecessor-version":[{"id":10511,"href":"https:\/\/cvinoticias.com\/v3\/wp-json\/wp\/v2\/posts\/10509\/revisions\/10511"}],"wp:featuredmedia":[{"embeddable":true,"href":"https:\/\/cvinoticias.com\/v3\/wp-json\/wp\/v2\/media\/10510"}],"wp:attachment":[{"href":"https:\/\/cvinoticias.com\/v3\/wp-json\/wp\/v2\/media?parent=10509"}],"wp:term":[{"taxonomy":"category","embeddable":true,"href":"https:\/\/cvinoticias.com\/v3\/wp-json\/wp\/v2\/categories?post=10509"},{"taxonomy":"post_tag","embeddable":true,"href":"https:\/\/cvinoticias.com\/v3\/wp-json\/wp\/v2\/tags?post=10509"}],"curies":[{"name":"wp","href":"https:\/\/api.w.org\/{rel}","templated":true}]}}