{"id":10504,"date":"2021-11-11T01:36:33","date_gmt":"2021-11-11T01:36:33","guid":{"rendered":"https:\/\/cvinoticias.com\/v3\/?p=10504"},"modified":"2021-11-11T01:38:11","modified_gmt":"2021-11-11T01:38:11","slug":"las-cataratas-festejan-su-decimo-aniversario-como-maravilla-natural-del-mundo","status":"publish","type":"post","link":"https:\/\/cvinoticias.com\/v3\/las-cataratas-festejan-su-decimo-aniversario-como-maravilla-natural-del-mundo\/","title":{"rendered":"Las Cataratas festejan su d\u00e9cimo aniversario como Maravilla Natural del  Mundo"},"content":{"rendered":"\n<p><em><strong>Las\u00a0Cataratas del Iguaz\u00fa celebrar\u00e1n este 11 de noviembre 10 a\u00f1os como Maravilla Natural del Mundo, elegidas por m\u00e1s de 100 millones de personas en el concurso global organizado por New7Wonders. Es por eso que el\u00a0Ministerio de Turismo de Misiones, junto a Visit7Wonders, y todo el sector tur\u00edstico de\u00a0Puerto Iguaz\u00fa\u00a0est\u00e1n organizando una semana de festejos.<\/strong><\/em><\/p>\n\n\n\n<p>En este contexto, Visit7Wonders, la plataforma oficial de promoci\u00f3n y difusi\u00f3n de las 7 Maravillas, organiz\u00f3 un\u00a0sorteo por nada menos que 100 estad\u00edas en Iguaz\u00fa.\u00a0Este incre\u00edble premio permitir\u00e1 que unas 200 personas tengan la oportunidad de\u00a0sorprenderse con las Cataratas del Iguaz\u00fa, Maravilla Natural del Mundo y disfrutar una placentera estad\u00eda en los mejores hoteles de Iguaz\u00fa.<\/p>\n\n\n\n<p>Esta celebraci\u00f3n tom\u00f3 inicio con las actividades que se realizaron el 7 de noviembre como el\u00a0Iguaz\u00fa Trail de la Selva, la primera competencia \u201cBasura Cero\u201d de la Argentina, es decir 100% sostenible y la\u00a0Ruta del Dise\u00f1o Misionero\u00a0donde dise\u00f1adores-artesanos de la moda confeccionaron prendas inspiradas en el\u00a0Camino Jesuita\u00a0para tener la posibilidad de confeccionar su colecci\u00f3n con producci\u00f3n, editorial y promoci\u00f3n; y participar de las pasarelas del\u00a0Argentina Fashion Travel\u00a0en el marco de la\u00a0Feria Internacional de Turismo.<\/p>\n\n\n\n<p><strong>\u00bfC\u00f3mo participar del sorteo por las 100 estad\u00edas para visitar las Cataratas del Iguaz\u00fa?<\/strong><\/p>\n\n\n\n<p>Ingres\u00e1 a\u00a0<strong>https:\/\/visit7wonders.com\/<\/strong>\u00a0y rellen\u00e1 el formulario. Y para duplicar tus chances de ganar,\u00a0compart\u00ed en las redes sociales una foto o un video en las Cataratas del Iguaz\u00fa con el hashtag #CataratasDay.\u00a0<\/p>\n","protected":false},"excerpt":{"rendered":"<p>Las\u00a0Cataratas del Iguaz\u00fa celebrar\u00e1n este 11 de noviembre 10 a\u00f1os como Maravilla Natural del Mundo, elegidas por m\u00e1s de 100 millones de personas en el concurso global organizado por New7Wonders. Es por eso que el\u00a0Ministerio de Turismo de Misiones, junto a Visit7Wonders, y todo el sector tur\u00edstico de\u00a0Puerto Iguaz\u00fa\u00a0est\u00e1n organizando una semana de festejos. En [&hellip;]<\/p>\n","protected":false},"author":2,"featured_media":10505,"comment_status":"open","ping_status":"open","sticky":false,"template":"","format":"standard","meta":{"footnotes":""},"categories":[50],"tags":[],"class_list":["post-10504","post","type-post","status-publish","format-standard","has-post-thumbnail","hentry","category-turismo"],"yoast_head":"<!-- This site is optimized with the Yoast SEO plugin v27.5 - https:\/\/yoast.com\/product\/yoast-seo-wordpress\/ -->\n<title>Las Cataratas festejan su d\u00e9cimo aniversario como Maravilla Natural del Mundo | CVI NOTICIAS<\/title>\n<meta name=\"robots\" content=\"index, follow, max-snippet:-1, max-image-preview:large, max-video-preview:-1\" \/>\n<link rel=\"canonical\" href=\"https:\/\/cvinoticias.com\/v3\/las-cataratas-festejan-su-decimo-aniversario-como-maravilla-natural-del-mundo\/\" \/>\n<meta property=\"og:locale\" content=\"es_ES\" \/>\n<meta property=\"og:type\" content=\"article\" \/>\n<meta property=\"og:title\" content=\"Las Cataratas festejan su d\u00e9cimo aniversario como Maravilla Natural del Mundo | CVI NOTICIAS\" \/>\n<meta property=\"og:description\" content=\"Las\u00a0Cataratas del Iguaz\u00fa celebrar\u00e1n este 11 de noviembre 10 a\u00f1os como Maravilla Natural del Mundo, elegidas por m\u00e1s de 100 millones de personas en el concurso global organizado por New7Wonders. Es por eso que el\u00a0Ministerio de Turismo de Misiones, junto a Visit7Wonders, y todo el sector tur\u00edstico de\u00a0Puerto Iguaz\u00fa\u00a0est\u00e1n organizando una semana de festejos. En [&hellip;]\" \/>\n<meta property=\"og:url\" content=\"https:\/\/cvinoticias.com\/v3\/las-cataratas-festejan-su-decimo-aniversario-como-maravilla-natural-del-mundo\/\" \/>\n<meta property=\"og:site_name\" content=\"CVI NOTICIAS\" \/>\n<meta property=\"article:publisher\" content=\"https:\/\/www.facebook.com\/cvinoticias\" \/>\n<meta property=\"article:published_time\" content=\"2021-11-11T01:36:33+00:00\" \/>\n<meta property=\"article:modified_time\" content=\"2021-11-11T01:38:11+00:00\" \/>\n<meta property=\"og:image\" content=\"https:\/\/cvinoticias.com\/wp-content\/uploads\/2021\/11\/IMG-20211110-WA0080.jpg\" \/>\n\t<meta property=\"og:image:width\" content=\"1024\" \/>\n\t<meta property=\"og:image:height\" content=\"366\" \/>\n\t<meta property=\"og:image:type\" content=\"image\/jpeg\" \/>\n<meta name=\"author\" content=\"f1000024\" \/>\n<meta name=\"twitter:card\" content=\"summary_large_image\" \/>\n<meta name=\"twitter:label1\" content=\"Escrito por\" \/>\n\t<meta name=\"twitter:data1\" content=\"f1000024\" \/>\n\t<meta name=\"twitter:label2\" content=\"Tiempo de lectura\" \/>\n\t<meta name=\"twitter:data2\" content=\"1 minuto\" \/>\n<script type=\"application\/ld+json\" class=\"yoast-schema-graph\">{\"@context\":\"https:\\\/\\\/schema.org\",\"@graph\":[{\"@type\":\"Article\",\"@id\":\"https:\\\/\\\/cvinoticias.com\\\/v3\\\/las-cataratas-festejan-su-decimo-aniversario-como-maravilla-natural-del-mundo\\\/#article\",\"isPartOf\":{\"@id\":\"https:\\\/\\\/cvinoticias.com\\\/v3\\\/las-cataratas-festejan-su-decimo-aniversario-como-maravilla-natural-del-mundo\\\/\"},\"author\":{\"name\":\"f1000024\",\"@id\":\"https:\\\/\\\/cvinoticias.com\\\/v3\\\/#\\\/schema\\\/person\\\/2db77e3c6bc03c538495d7b2b8be9b66\"},\"headline\":\"Las Cataratas festejan su d\u00e9cimo aniversario como Maravilla Natural del Mundo\",\"datePublished\":\"2021-11-11T01:36:33+00:00\",\"dateModified\":\"2021-11-11T01:38:11+00:00\",\"mainEntityOfPage\":{\"@id\":\"https:\\\/\\\/cvinoticias.com\\\/v3\\\/las-cataratas-festejan-su-decimo-aniversario-como-maravilla-natural-del-mundo\\\/\"},\"wordCount\":273,\"commentCount\":0,\"publisher\":{\"@id\":\"https:\\\/\\\/cvinoticias.com\\\/v3\\\/#organization\"},\"image\":{\"@id\":\"https:\\\/\\\/cvinoticias.com\\\/v3\\\/las-cataratas-festejan-su-decimo-aniversario-como-maravilla-natural-del-mundo\\\/#primaryimage\"},\"thumbnailUrl\":\"https:\\\/\\\/cvinoticias.com\\\/wp-content\\\/uploads\\\/2021\\\/11\\\/IMG-20211110-WA0080.jpg\",\"articleSection\":[\"Turismo\"],\"inLanguage\":\"es\",\"potentialAction\":[{\"@type\":\"CommentAction\",\"name\":\"Comment\",\"target\":[\"https:\\\/\\\/cvinoticias.com\\\/v3\\\/las-cataratas-festejan-su-decimo-aniversario-como-maravilla-natural-del-mundo\\\/#respond\"]}]},{\"@type\":\"WebPage\",\"@id\":\"https:\\\/\\\/cvinoticias.com\\\/v3\\\/las-cataratas-festejan-su-decimo-aniversario-como-maravilla-natural-del-mundo\\\/\",\"url\":\"https:\\\/\\\/cvinoticias.com\\\/v3\\\/las-cataratas-festejan-su-decimo-aniversario-como-maravilla-natural-del-mundo\\\/\",\"name\":\"Las Cataratas festejan su d\u00e9cimo aniversario como Maravilla Natural del Mundo | CVI NOTICIAS\",\"isPartOf\":{\"@id\":\"https:\\\/\\\/cvinoticias.com\\\/v3\\\/#website\"},\"primaryImageOfPage\":{\"@id\":\"https:\\\/\\\/cvinoticias.com\\\/v3\\\/las-cataratas-festejan-su-decimo-aniversario-como-maravilla-natural-del-mundo\\\/#primaryimage\"},\"image\":{\"@id\":\"https:\\\/\\\/cvinoticias.com\\\/v3\\\/las-cataratas-festejan-su-decimo-aniversario-como-maravilla-natural-del-mundo\\\/#primaryimage\"},\"thumbnailUrl\":\"https:\\\/\\\/cvinoticias.com\\\/wp-content\\\/uploads\\\/2021\\\/11\\\/IMG-20211110-WA0080.jpg\",\"datePublished\":\"2021-11-11T01:36:33+00:00\",\"dateModified\":\"2021-11-11T01:38:11+00:00\",\"breadcrumb\":{\"@id\":\"https:\\\/\\\/cvinoticias.com\\\/v3\\\/las-cataratas-festejan-su-decimo-aniversario-como-maravilla-natural-del-mundo\\\/#breadcrumb\"},\"inLanguage\":\"es\",\"potentialAction\":[{\"@type\":\"ReadAction\",\"target\":[\"https:\\\/\\\/cvinoticias.com\\\/v3\\\/las-cataratas-festejan-su-decimo-aniversario-como-maravilla-natural-del-mundo\\\/\"]}]},{\"@type\":\"ImageObject\",\"inLanguage\":\"es\",\"@id\":\"https:\\\/\\\/cvinoticias.com\\\/v3\\\/las-cataratas-festejan-su-decimo-aniversario-como-maravilla-natural-del-mundo\\\/#primaryimage\",\"url\":\"https:\\\/\\\/cvinoticias.com\\\/wp-content\\\/uploads\\\/2021\\\/11\\\/IMG-20211110-WA0080.jpg\",\"contentUrl\":\"https:\\\/\\\/cvinoticias.com\\\/wp-content\\\/uploads\\\/2021\\\/11\\\/IMG-20211110-WA0080.jpg\",\"width\":1024,\"height\":366},{\"@type\":\"BreadcrumbList\",\"@id\":\"https:\\\/\\\/cvinoticias.com\\\/v3\\\/las-cataratas-festejan-su-decimo-aniversario-como-maravilla-natural-del-mundo\\\/#breadcrumb\",\"itemListElement\":[{\"@type\":\"ListItem\",\"position\":1,\"name\":\"Portada\",\"item\":\"https:\\\/\\\/cvinoticias.com\\\/v3\\\/\"},{\"@type\":\"ListItem\",\"position\":2,\"name\":\"Las Cataratas festejan su d\u00e9cimo aniversario como Maravilla Natural del Mundo\"}]},{\"@type\":\"WebSite\",\"@id\":\"https:\\\/\\\/cvinoticias.com\\\/v3\\\/#website\",\"url\":\"https:\\\/\\\/cvinoticias.com\\\/v3\\\/\",\"name\":\"CVI NOTICIAS\",\"description\":\"\",\"publisher\":{\"@id\":\"https:\\\/\\\/cvinoticias.com\\\/v3\\\/#organization\"},\"alternateName\":\"CVI\",\"potentialAction\":[{\"@type\":\"SearchAction\",\"target\":{\"@type\":\"EntryPoint\",\"urlTemplate\":\"https:\\\/\\\/cvinoticias.com\\\/v3\\\/?s={search_term_string}\"},\"query-input\":{\"@type\":\"PropertyValueSpecification\",\"valueRequired\":true,\"valueName\":\"search_term_string\"}}],\"inLanguage\":\"es\"},{\"@type\":\"Organization\",\"@id\":\"https:\\\/\\\/cvinoticias.com\\\/v3\\\/#organization\",\"name\":\"CVI NOTICIAS\",\"url\":\"https:\\\/\\\/cvinoticias.com\\\/v3\\\/\",\"logo\":{\"@type\":\"ImageObject\",\"inLanguage\":\"es\",\"@id\":\"https:\\\/\\\/cvinoticias.com\\\/v3\\\/#\\\/schema\\\/logo\\\/image\\\/\",\"url\":\"https:\\\/\\\/cvinoticias.com\\\/wp-content\\\/uploads\\\/2023\\\/04\\\/cropped-cropped-cropped-cropped-cropped-3-1.png\",\"contentUrl\":\"https:\\\/\\\/cvinoticias.com\\\/wp-content\\\/uploads\\\/2023\\\/04\\\/cropped-cropped-cropped-cropped-cropped-3-1.png\",\"width\":95,\"height\":122,\"caption\":\"CVI NOTICIAS\"},\"image\":{\"@id\":\"https:\\\/\\\/cvinoticias.com\\\/v3\\\/#\\\/schema\\\/logo\\\/image\\\/\"},\"sameAs\":[\"https:\\\/\\\/www.facebook.com\\\/cvinoticias\",\"https:\\\/\\\/www.instagram.com\\\/cvinoticias\\\/\",\"https:\\\/\\\/www.youtube.com\\\/@CVINOTICIAS\"]},{\"@type\":\"Person\",\"@id\":\"https:\\\/\\\/cvinoticias.com\\\/v3\\\/#\\\/schema\\\/person\\\/2db77e3c6bc03c538495d7b2b8be9b66\",\"name\":\"f1000024\",\"image\":{\"@type\":\"ImageObject\",\"inLanguage\":\"es\",\"@id\":\"https:\\\/\\\/secure.gravatar.com\\\/avatar\\\/d4fe7459cfc51ff5129ce1a732bbef5928568b8092d412ef95611616376bbeed?s=96&d=mm&r=g\",\"url\":\"https:\\\/\\\/secure.gravatar.com\\\/avatar\\\/d4fe7459cfc51ff5129ce1a732bbef5928568b8092d412ef95611616376bbeed?s=96&d=mm&r=g\",\"contentUrl\":\"https:\\\/\\\/secure.gravatar.com\\\/avatar\\\/d4fe7459cfc51ff5129ce1a732bbef5928568b8092d412ef95611616376bbeed?s=96&d=mm&r=g\",\"caption\":\"f1000024\"},\"url\":\"https:\\\/\\\/cvinoticias.com\\\/v3\\\/author\\\/f1000024\\\/\"}]}<\/script>\n<!-- \/ Yoast SEO plugin. -->","yoast_head_json":{"title":"Las Cataratas festejan su d\u00e9cimo aniversario como Maravilla Natural del Mundo | CVI NOTICIAS","robots":{"index":"index","follow":"follow","max-snippet":"max-snippet:-1","max-image-preview":"max-image-preview:large","max-video-preview":"max-video-preview:-1"},"canonical":"https:\/\/cvinoticias.com\/v3\/las-cataratas-festejan-su-decimo-aniversario-como-maravilla-natural-del-mundo\/","og_locale":"es_ES","og_type":"article","og_title":"Las Cataratas festejan su d\u00e9cimo aniversario como Maravilla Natural del Mundo | CVI NOTICIAS","og_description":"Las\u00a0Cataratas del Iguaz\u00fa celebrar\u00e1n este 11 de noviembre 10 a\u00f1os como Maravilla Natural del Mundo, elegidas por m\u00e1s de 100 millones de personas en el concurso global organizado por New7Wonders. Es por eso que el\u00a0Ministerio de Turismo de Misiones, junto a Visit7Wonders, y todo el sector tur\u00edstico de\u00a0Puerto Iguaz\u00fa\u00a0est\u00e1n organizando una semana de festejos. En [&hellip;]","og_url":"https:\/\/cvinoticias.com\/v3\/las-cataratas-festejan-su-decimo-aniversario-como-maravilla-natural-del-mundo\/","og_site_name":"CVI NOTICIAS","article_publisher":"https:\/\/www.facebook.com\/cvinoticias","article_published_time":"2021-11-11T01:36:33+00:00","article_modified_time":"2021-11-11T01:38:11+00:00","og_image":[{"width":1024,"height":366,"url":"https:\/\/cvinoticias.com\/wp-content\/uploads\/2021\/11\/IMG-20211110-WA0080.jpg","type":"image\/jpeg"}],"author":"f1000024","twitter_card":"summary_large_image","twitter_misc":{"Escrito por":"f1000024","Tiempo de lectura":"1 minuto"},"schema":{"@context":"https:\/\/schema.org","@graph":[{"@type":"Article","@id":"https:\/\/cvinoticias.com\/v3\/las-cataratas-festejan-su-decimo-aniversario-como-maravilla-natural-del-mundo\/#article","isPartOf":{"@id":"https:\/\/cvinoticias.com\/v3\/las-cataratas-festejan-su-decimo-aniversario-como-maravilla-natural-del-mundo\/"},"author":{"name":"f1000024","@id":"https:\/\/cvinoticias.com\/v3\/#\/schema\/person\/2db77e3c6bc03c538495d7b2b8be9b66"},"headline":"Las Cataratas festejan su d\u00e9cimo aniversario como Maravilla Natural del Mundo","datePublished":"2021-11-11T01:36:33+00:00","dateModified":"2021-11-11T01:38:11+00:00","mainEntityOfPage":{"@id":"https:\/\/cvinoticias.com\/v3\/las-cataratas-festejan-su-decimo-aniversario-como-maravilla-natural-del-mundo\/"},"wordCount":273,"commentCount":0,"publisher":{"@id":"https:\/\/cvinoticias.com\/v3\/#organization"},"image":{"@id":"https:\/\/cvinoticias.com\/v3\/las-cataratas-festejan-su-decimo-aniversario-como-maravilla-natural-del-mundo\/#primaryimage"},"thumbnailUrl":"https:\/\/cvinoticias.com\/wp-content\/uploads\/2021\/11\/IMG-20211110-WA0080.jpg","articleSection":["Turismo"],"inLanguage":"es","potentialAction":[{"@type":"CommentAction","name":"Comment","target":["https:\/\/cvinoticias.com\/v3\/las-cataratas-festejan-su-decimo-aniversario-como-maravilla-natural-del-mundo\/#respond"]}]},{"@type":"WebPage","@id":"https:\/\/cvinoticias.com\/v3\/las-cataratas-festejan-su-decimo-aniversario-como-maravilla-natural-del-mundo\/","url":"https:\/\/cvinoticias.com\/v3\/las-cataratas-festejan-su-decimo-aniversario-como-maravilla-natural-del-mundo\/","name":"Las Cataratas festejan su d\u00e9cimo aniversario como Maravilla Natural del Mundo | CVI NOTICIAS","isPartOf":{"@id":"https:\/\/cvinoticias.com\/v3\/#website"},"primaryImageOfPage":{"@id":"https:\/\/cvinoticias.com\/v3\/las-cataratas-festejan-su-decimo-aniversario-como-maravilla-natural-del-mundo\/#primaryimage"},"image":{"@id":"https:\/\/cvinoticias.com\/v3\/las-cataratas-festejan-su-decimo-aniversario-como-maravilla-natural-del-mundo\/#primaryimage"},"thumbnailUrl":"https:\/\/cvinoticias.com\/wp-content\/uploads\/2021\/11\/IMG-20211110-WA0080.jpg","datePublished":"2021-11-11T01:36:33+00:00","dateModified":"2021-11-11T01:38:11+00:00","breadcrumb":{"@id":"https:\/\/cvinoticias.com\/v3\/las-cataratas-festejan-su-decimo-aniversario-como-maravilla-natural-del-mundo\/#breadcrumb"},"inLanguage":"es","potentialAction":[{"@type":"ReadAction","target":["https:\/\/cvinoticias.com\/v3\/las-cataratas-festejan-su-decimo-aniversario-como-maravilla-natural-del-mundo\/"]}]},{"@type":"ImageObject","inLanguage":"es","@id":"https:\/\/cvinoticias.com\/v3\/las-cataratas-festejan-su-decimo-aniversario-como-maravilla-natural-del-mundo\/#primaryimage","url":"https:\/\/cvinoticias.com\/wp-content\/uploads\/2021\/11\/IMG-20211110-WA0080.jpg","contentUrl":"https:\/\/cvinoticias.com\/wp-content\/uploads\/2021\/11\/IMG-20211110-WA0080.jpg","width":1024,"height":366},{"@type":"BreadcrumbList","@id":"https:\/\/cvinoticias.com\/v3\/las-cataratas-festejan-su-decimo-aniversario-como-maravilla-natural-del-mundo\/#breadcrumb","itemListElement":[{"@type":"ListItem","position":1,"name":"Portada","item":"https:\/\/cvinoticias.com\/v3\/"},{"@type":"ListItem","position":2,"name":"Las Cataratas festejan su d\u00e9cimo aniversario como Maravilla Natural del Mundo"}]},{"@type":"WebSite","@id":"https:\/\/cvinoticias.com\/v3\/#website","url":"https:\/\/cvinoticias.com\/v3\/","name":"CVI NOTICIAS","description":"","publisher":{"@id":"https:\/\/cvinoticias.com\/v3\/#organization"},"alternateName":"CVI","potentialAction":[{"@type":"SearchAction","target":{"@type":"EntryPoint","urlTemplate":"https:\/\/cvinoticias.com\/v3\/?s={search_term_string}"},"query-input":{"@type":"PropertyValueSpecification","valueRequired":true,"valueName":"search_term_string"}}],"inLanguage":"es"},{"@type":"Organization","@id":"https:\/\/cvinoticias.com\/v3\/#organization","name":"CVI NOTICIAS","url":"https:\/\/cvinoticias.com\/v3\/","logo":{"@type":"ImageObject","inLanguage":"es","@id":"https:\/\/cvinoticias.com\/v3\/#\/schema\/logo\/image\/","url":"https:\/\/cvinoticias.com\/wp-content\/uploads\/2023\/04\/cropped-cropped-cropped-cropped-cropped-3-1.png","contentUrl":"https:\/\/cvinoticias.com\/wp-content\/uploads\/2023\/04\/cropped-cropped-cropped-cropped-cropped-3-1.png","width":95,"height":122,"caption":"CVI NOTICIAS"},"image":{"@id":"https:\/\/cvinoticias.com\/v3\/#\/schema\/logo\/image\/"},"sameAs":["https:\/\/www.facebook.com\/cvinoticias","https:\/\/www.instagram.com\/cvinoticias\/","https:\/\/www.youtube.com\/@CVINOTICIAS"]},{"@type":"Person","@id":"https:\/\/cvinoticias.com\/v3\/#\/schema\/person\/2db77e3c6bc03c538495d7b2b8be9b66","name":"f1000024","image":{"@type":"ImageObject","inLanguage":"es","@id":"https:\/\/secure.gravatar.com\/avatar\/d4fe7459cfc51ff5129ce1a732bbef5928568b8092d412ef95611616376bbeed?s=96&d=mm&r=g","url":"https:\/\/secure.gravatar.com\/avatar\/d4fe7459cfc51ff5129ce1a732bbef5928568b8092d412ef95611616376bbeed?s=96&d=mm&r=g","contentUrl":"https:\/\/secure.gravatar.com\/avatar\/d4fe7459cfc51ff5129ce1a732bbef5928568b8092d412ef95611616376bbeed?s=96&d=mm&r=g","caption":"f1000024"},"url":"https:\/\/cvinoticias.com\/v3\/author\/f1000024\/"}]}},"_links":{"self":[{"href":"https:\/\/cvinoticias.com\/v3\/wp-json\/wp\/v2\/posts\/10504","targetHints":{"allow":["GET"]}}],"collection":[{"href":"https:\/\/cvinoticias.com\/v3\/wp-json\/wp\/v2\/posts"}],"about":[{"href":"https:\/\/cvinoticias.com\/v3\/wp-json\/wp\/v2\/types\/post"}],"author":[{"embeddable":true,"href":"https:\/\/cvinoticias.com\/v3\/wp-json\/wp\/v2\/users\/2"}],"replies":[{"embeddable":true,"href":"https:\/\/cvinoticias.com\/v3\/wp-json\/wp\/v2\/comments?post=10504"}],"version-history":[{"count":2,"href":"https:\/\/cvinoticias.com\/v3\/wp-json\/wp\/v2\/posts\/10504\/revisions"}],"predecessor-version":[{"id":10507,"href":"https:\/\/cvinoticias.com\/v3\/wp-json\/wp\/v2\/posts\/10504\/revisions\/10507"}],"wp:featuredmedia":[{"embeddable":true,"href":"https:\/\/cvinoticias.com\/v3\/wp-json\/wp\/v2\/media\/10505"}],"wp:attachment":[{"href":"https:\/\/cvinoticias.com\/v3\/wp-json\/wp\/v2\/media?parent=10504"}],"wp:term":[{"taxonomy":"category","embeddable":true,"href":"https:\/\/cvinoticias.com\/v3\/wp-json\/wp\/v2\/categories?post=10504"},{"taxonomy":"post_tag","embeddable":true,"href":"https:\/\/cvinoticias.com\/v3\/wp-json\/wp\/v2\/tags?post=10504"}],"curies":[{"name":"wp","href":"https:\/\/api.w.org\/{rel}","templated":true}]}}