{"id":10497,"date":"2021-11-10T18:41:09","date_gmt":"2021-11-10T18:41:09","guid":{"rendered":"https:\/\/cvinoticias.com\/v3\/?p=10497"},"modified":"2021-11-10T18:41:09","modified_gmt":"2021-11-10T18:41:09","slug":"lanzaron-la-semana-provincial-del-prematuro","status":"publish","type":"post","link":"https:\/\/cvinoticias.com\/v3\/lanzaron-la-semana-provincial-del-prematuro\/","title":{"rendered":"Lanzaron la \u00abSemana Provincial del Prematuro:"},"content":{"rendered":"\n<p><strong><em>Se realiz\u00f3 la presentaci\u00f3n de la \u00abSemana Provincial del Prematuro\u00bb. Un evento que se inicia el jueves 11 y se extender\u00e1 hasta el 17 de noviembre, periodo en el cual se realizar\u00e1n diferentes actividades en diversos puntos de la provincia. Adem\u00e1s, en la misma jornada, Herrera Ahuad recibi\u00f3 a estudiantes del quinto a\u00f1o del colegio San Basilio Magno que le presentaron cuatro novedosos proyectos socioeducativos.<\/em><\/strong><\/p>\n\n\n\n<p>Esta ma\u00f1ana, se realiz\u00f3 el lanzamiento de la \u00abSemana Provincial del Prematuro\u00bb que comienza el jueves 11 y se extiende hasta el 17 de noviembre, periodo en el cual se concretar\u00e1n diferentes actividades en diversos puntos de la provincia. En el marco de la presentaci\u00f3n, realizada en la Sala de Situaci\u00f3n y presidida por el gobernador Oscar Herrera Ahuad, se resalt\u00f3 que se trata de la primera jornada provincial organizada por la Fundaci\u00f3n Peque\u00f1os Gigantes, impulsora del proyecto de ley.<\/p>\n\n\n\n<p>En su intervenci\u00f3n, el Gobernador se\u00f1al\u00f3 que ser\u00e1 \u201cuna semana de aprendizaje y concientizaci\u00f3n por sobre todas las cosas y de reafirmar la pol\u00edtica p\u00fablica en materia humana\u201d. As\u00ed, valor\u00f3 el papel de todos los actores involucrados en la iniciativa m\u00e1s all\u00e1 de la responsabilidad institucional pol\u00edtica y de gesti\u00f3n, porque \u201chan marcado un antes y un despu\u00e9s en lo que son los derechos de los ni\u00f1os prematuros llev\u00e1ndolos a la pr\u00e1ctica\u201d.<\/p>\n\n\n\n<p>En la misma l\u00ednea, destac\u00f3 el rol de la Fundaci\u00f3n Peque\u00f1os Gigantes que mostr\u00f3 el camino y la importancia de la problem\u00e1tica al Estado provincial dando soporte a la toma de decisiones en la b\u00fasqueda de una mejorar la calidad de vida de los ni\u00f1os prematuros. Tambi\u00e9n, enfatiz\u00f3 que la ONG \u201cdio un paso peque\u00f1o pero gigante que fue incorporar pr\u00e1cticamente en toda la provincia el trabajo extra muro\u201d en relaci\u00f3n con la problem\u00e1tica.<\/p>\n\n\n\n<figure class=\"wp-block-image size-large\"><a href=\"https:\/\/cvinoticias.com\/wp-content\/uploads\/2021\/11\/FB_IMG_1636569216918.jpg\"><img decoding=\"async\" width=\"1024\" height=\"683\" data-src=\"https:\/\/cvinoticias.com\/wp-content\/uploads\/2021\/11\/FB_IMG_1636569216918-1024x683.jpg\" alt=\"\" class=\"wp-image-10502 lazyload\" data-srcset=\"https:\/\/cvinoticias.com\/wp-content\/uploads\/2021\/11\/FB_IMG_1636569216918-1024x683.jpg 1024w, https:\/\/cvinoticias.com\/wp-content\/uploads\/2021\/11\/FB_IMG_1636569216918-300x200.jpg 300w, https:\/\/cvinoticias.com\/wp-content\/uploads\/2021\/11\/FB_IMG_1636569216918-768x512.jpg 768w, https:\/\/cvinoticias.com\/wp-content\/uploads\/2021\/11\/FB_IMG_1636569216918.jpg 1080w\" data-sizes=\"(max-width: 1024px) 100vw, 1024px\" src=\"data:image\/svg+xml;base64,PHN2ZyB3aWR0aD0iMSIgaGVpZ2h0PSIxIiB4bWxucz0iaHR0cDovL3d3dy53My5vcmcvMjAwMC9zdmciPjwvc3ZnPg==\" style=\"--smush-placeholder-width: 1024px; --smush-placeholder-aspect-ratio: 1024\/683;\" \/><\/a><\/figure>\n\n\n\n<p>Asimismo, dando cuenta de su experiencia como m\u00e9dico y funcionario p\u00fablico, hizo un repaso de la evoluci\u00f3n del tratamiento de los bebes prematuros en la provincia. Destac\u00f3 que en la actualidad los hospitales de alta complejidad con \u00e1reas de maternidad en Misiones cuentan con equipos multidisciplinarios capacitados en la contenci\u00f3n integral de la familia, impulsando que el Hospital Materno Neonatal de Posadas sea acreditado como \u00abAmigo de la Madre y el Ni\u00f1o\u00bb, una distinci\u00f3n que honra a todos los misioneros.<\/p>\n\n\n\n<p>En la misma ocasi\u00f3n tomo la palabra el vicepresidente primero de la C\u00e1mara de Representantes, Hugo Passalaqua, para resaltar la iniciativa como \u201cla culminaci\u00f3n de muchos esfuerzos conjuntos de muchas personas\u201d, en especial de la Fundaci\u00f3n Peque\u00f1os Gigantes y la Legislatura provincial. Demuestra a \u201clos misioneros y misioneras que el ni\u00f1o es un sujeto de derecho y el ni\u00f1o o ni\u00f1a que naci\u00f3 prematuro es sujeto especial\u00edsimo de derechos\u201d, dijo.<\/p>\n\n\n\n<p>Mientras que la presidente de la fundaci\u00f3n, Paula Schapovaloff, se\u00f1al\u00f3 que durante esta semana habr\u00e1 actividades para concientizar, visibilizar y para que todo el mundo conozca cu\u00e1les son los derechos de los ni\u00f1os que nacen prematuros. Enfatiz\u00f3 que la ONG es la \u00fanica fundaci\u00f3n en Latinoam\u00e9rica en tener un centro de contenci\u00f3n y seguimiento totalmente p\u00fablico y gratuito.<\/p>\n\n\n\n<p>Acompa\u00f1aron el evento el ministro de Salud P\u00fablica, Oscar Alarc\u00f3n; la diputada provincial Adriana Bezus y el concejal de Posadas Fernando Meza<\/p>\n\n\n\n<p>Por otro lado, cabe destacar que esta fue la primera conferencia que el Gobernador hizo uso de la \u201cAplicaci\u00f3n Educativa Inclusiva\u201d. Esta app forma parte un proyecto socioeducativo presentada por la alumna Milagros Mekekuk del Instituto San Basilio Magno. La misma permite una comunicaci\u00f3n fluida entre profesor y alumno mediante la descarga de dos aplicaciones para incluir a estudiantes con hipoacusia o con sordera parcial en las aulas.<\/p>\n\n\n\n<p><strong>UNA SEMANA EN FAVOR DE LOS NI\u00d1OS PREMATUROS<\/strong><\/p>\n\n\n\n<p>Durante el lanzamiento del evento se destac\u00f3 que Misiones es la \u00fanica provincia de Argentina que tiene semana provincial por ley, y esta es la primera jornada provincial organizada por la Fundaci\u00f3n Peque\u00f1os Gigantes quien fue impulsora del proyecto de ley que fue acompa\u00f1ado por los disputados Bezus y Passalacqua. Y en el marco de la semana provincial, se van a realizar diferentes actividades en diversos puntos de la provincia.<\/p>\n\n\n\n<figure class=\"wp-block-image size-large\"><a href=\"https:\/\/cvinoticias.com\/wp-content\/uploads\/2021\/11\/FB_IMG_1636569213962.jpg\"><img decoding=\"async\" width=\"1024\" height=\"683\" data-src=\"https:\/\/cvinoticias.com\/wp-content\/uploads\/2021\/11\/FB_IMG_1636569213962-1024x683.jpg\" alt=\"\" class=\"wp-image-10500 lazyload\" data-srcset=\"https:\/\/cvinoticias.com\/wp-content\/uploads\/2021\/11\/FB_IMG_1636569213962-1024x683.jpg 1024w, https:\/\/cvinoticias.com\/wp-content\/uploads\/2021\/11\/FB_IMG_1636569213962-300x200.jpg 300w, https:\/\/cvinoticias.com\/wp-content\/uploads\/2021\/11\/FB_IMG_1636569213962-768x512.jpg 768w, https:\/\/cvinoticias.com\/wp-content\/uploads\/2021\/11\/FB_IMG_1636569213962.jpg 1080w\" data-sizes=\"(max-width: 1024px) 100vw, 1024px\" src=\"data:image\/svg+xml;base64,PHN2ZyB3aWR0aD0iMSIgaGVpZ2h0PSIxIiB4bWxucz0iaHR0cDovL3d3dy53My5vcmcvMjAwMC9zdmciPjwvc3ZnPg==\" style=\"--smush-placeholder-width: 1024px; --smush-placeholder-aspect-ratio: 1024\/683;\" \/><\/a><\/figure>\n\n\n\n<p><strong>Las actividades<\/strong><\/p>\n\n\n\n<p>El jueves 11 &#8211; Simposio \u00abCuidar para prevenir\u00bb Escuela de enfermer\u00eda &#8211; Posadas. 9:30hs.<\/p>\n\n\n\n<p>Viernes 12 &#8211; Fiesta de las familias prematuras Cascada &#8211; Av. Costanera, Posadas. 18:00hs.<\/p>\n\n\n\n<p>Lunes 15 &#8211; Fiesta de las familias prematuras Hospital SAMIC &#8211; Eldorado. 9:00hs<\/p>\n\n\n\n<p>Martes 16 &#8211; Fiesta de las familias prematuras Hospital SAMIC &#8211; Ober\u00e1. 9:00hs.<\/p>\n\n\n\n<p>Mi\u00e9rcoles 17 &#8211; \u00abMISIONES SE ILUMINA POR LA PREMATUREZ\u00bb en el Monumento al Comandante General Andr\u00e9s Guacurar\u00ed y Artigas. 19:30hs.<\/p>\n\n\n\n<p>PROYECTOS SOCIOEDUCATIVOS DEL SAN BASILIO MAGNO<\/p>\n\n\n\n<p>En la misma conferencia, el Gobernador present\u00f3 a un grupo de alumnas del \u00faltimo a\u00f1o del Instituto San Basilio Magno que desarrollaron cuatro proyectos socioeducativos con gran potencial para el uso de la comunidad. Previamente, el funcionario ya los hab\u00eda conocido, le fueron presentados por las estudiantes en la Sala de Situaci\u00f3n del Ministerio de Gobierno, donde hubo incluso demostraci\u00f3n en vivo.<\/p>\n\n\n\n<figure class=\"wp-block-image size-large\"><a href=\"https:\/\/cvinoticias.com\/wp-content\/uploads\/2021\/11\/FB_IMG_1636569225757.jpg\"><img decoding=\"async\" width=\"1024\" height=\"683\" data-src=\"https:\/\/cvinoticias.com\/wp-content\/uploads\/2021\/11\/FB_IMG_1636569225757-1024x683.jpg\" alt=\"\" class=\"wp-image-10498 lazyload\" data-srcset=\"https:\/\/cvinoticias.com\/wp-content\/uploads\/2021\/11\/FB_IMG_1636569225757-1024x683.jpg 1024w, https:\/\/cvinoticias.com\/wp-content\/uploads\/2021\/11\/FB_IMG_1636569225757-300x200.jpg 300w, https:\/\/cvinoticias.com\/wp-content\/uploads\/2021\/11\/FB_IMG_1636569225757-768x512.jpg 768w, https:\/\/cvinoticias.com\/wp-content\/uploads\/2021\/11\/FB_IMG_1636569225757.jpg 1080w\" data-sizes=\"(max-width: 1024px) 100vw, 1024px\" src=\"data:image\/svg+xml;base64,PHN2ZyB3aWR0aD0iMSIgaGVpZ2h0PSIxIiB4bWxucz0iaHR0cDovL3d3dy53My5vcmcvMjAwMC9zdmciPjwvc3ZnPg==\" style=\"--smush-placeholder-width: 1024px; --smush-placeholder-aspect-ratio: 1024\/683;\" \/><\/a><\/figure>\n\n\n\n<p>Particularmente, Herrera Ahuad, como persona hipoac\u00fasica, destac\u00f3 la practicidad en de la app educativa inclusiva para estudiantes sordos o de baja audici\u00f3n. Asimismo, conoci\u00f3 el desarrollo de una p\u00e1gina web para aprender lenguaje de se\u00f1as. Las estudiantes solicitaron a las autoridades que a partir de 2022 se solicite a las escuelas de Posadas que la incluyan en la curriculas. En tanto, otra de las propuesta sistematiza aproximadamente 80 plantas de la provincia poniendo en valor su uso. Mientras la \u00faltima consiste en una p\u00e1gina web que incluye la totalidad de las opciones de educaci\u00f3n superior ofrecidas en Misiones por zona y carrera, tanto p\u00fablicas como privadas.<\/p>\n\n\n\n<p>Por su parte, el mandatario sugiri\u00f3 a los alumnos que incorporen sus proyectos a la Plataforma Guacurar\u00ed y a la p\u00e1gina oficial de Gobierno para que toda la comunidad pueda hacer uso de esas iniciativas.<\/p>\n\n\n\n<figure class=\"wp-block-image size-large\"><a href=\"https:\/\/cvinoticias.com\/wp-content\/uploads\/2021\/11\/FB_IMG_1636569219637.jpg\"><img decoding=\"async\" width=\"1024\" height=\"683\" data-src=\"https:\/\/cvinoticias.com\/wp-content\/uploads\/2021\/11\/FB_IMG_1636569219637-1024x683.jpg\" alt=\"\" class=\"wp-image-10499 lazyload\" data-srcset=\"https:\/\/cvinoticias.com\/wp-content\/uploads\/2021\/11\/FB_IMG_1636569219637-1024x683.jpg 1024w, https:\/\/cvinoticias.com\/wp-content\/uploads\/2021\/11\/FB_IMG_1636569219637-300x200.jpg 300w, https:\/\/cvinoticias.com\/wp-content\/uploads\/2021\/11\/FB_IMG_1636569219637-768x512.jpg 768w, https:\/\/cvinoticias.com\/wp-content\/uploads\/2021\/11\/FB_IMG_1636569219637.jpg 1080w\" data-sizes=\"(max-width: 1024px) 100vw, 1024px\" src=\"data:image\/svg+xml;base64,PHN2ZyB3aWR0aD0iMSIgaGVpZ2h0PSIxIiB4bWxucz0iaHR0cDovL3d3dy53My5vcmcvMjAwMC9zdmciPjwvc3ZnPg==\" style=\"--smush-placeholder-width: 1024px; --smush-placeholder-aspect-ratio: 1024\/683;\" \/><\/a><\/figure>\n\n\n\n<p>En esta reuni\u00f3n, fue acompa\u00f1ado por el ministro de Gobierno, Marcelo P\u00e9rez y la rectora del Instituto Santa Mar\u00eda, Sonia Rojas Decut. Estuvieron tambi\u00e9n la docente a cargo de los proyectos, Karina Pasam\u00e1n, junto a las alumnas Milagros Mekekuk, Valentina Ben\u00edtez, Paloma Irrazabal, Sof\u00eda Ram\u00edrez, Guadalupe Hoffman, y Giana Morero.<\/p>\n","protected":false},"excerpt":{"rendered":"<p>Se realiz\u00f3 la presentaci\u00f3n de la \u00abSemana Provincial del Prematuro\u00bb. Un evento que se inicia el jueves 11 y se extender\u00e1 hasta el 17 de noviembre, periodo en el cual se realizar\u00e1n diferentes actividades en diversos puntos de la provincia. Adem\u00e1s, en la misma jornada, Herrera Ahuad recibi\u00f3 a estudiantes del quinto a\u00f1o del colegio [&hellip;]<\/p>\n","protected":false},"author":2,"featured_media":10501,"comment_status":"open","ping_status":"open","sticky":false,"template":"","format":"standard","meta":{"footnotes":""},"categories":[43],"tags":[],"class_list":["post-10497","post","type-post","status-publish","format-standard","has-post-thumbnail","hentry","category-provinciales"],"yoast_head":"<!-- This site is optimized with the Yoast SEO plugin v27.5 - https:\/\/yoast.com\/product\/yoast-seo-wordpress\/ -->\n<title>Lanzaron la &quot;Semana Provincial del Prematuro: | CVI NOTICIAS<\/title>\n<meta name=\"robots\" content=\"index, follow, max-snippet:-1, max-image-preview:large, max-video-preview:-1\" \/>\n<link rel=\"canonical\" href=\"https:\/\/cvinoticias.com\/v3\/lanzaron-la-semana-provincial-del-prematuro\/\" \/>\n<meta property=\"og:locale\" content=\"es_ES\" \/>\n<meta property=\"og:type\" content=\"article\" \/>\n<meta property=\"og:title\" content=\"Lanzaron la &quot;Semana Provincial del Prematuro: | CVI NOTICIAS\" \/>\n<meta property=\"og:description\" content=\"Se realiz\u00f3 la presentaci\u00f3n de la \u00abSemana Provincial del Prematuro\u00bb. Un evento que se inicia el jueves 11 y se extender\u00e1 hasta el 17 de noviembre, periodo en el cual se realizar\u00e1n diferentes actividades en diversos puntos de la provincia. Adem\u00e1s, en la misma jornada, Herrera Ahuad recibi\u00f3 a estudiantes del quinto a\u00f1o del colegio [&hellip;]\" \/>\n<meta property=\"og:url\" content=\"https:\/\/cvinoticias.com\/v3\/lanzaron-la-semana-provincial-del-prematuro\/\" \/>\n<meta property=\"og:site_name\" content=\"CVI NOTICIAS\" \/>\n<meta property=\"article:publisher\" content=\"https:\/\/www.facebook.com\/cvinoticias\" \/>\n<meta property=\"article:published_time\" content=\"2021-11-10T18:41:09+00:00\" \/>\n<meta property=\"og:image\" content=\"https:\/\/cvinoticias.com\/wp-content\/uploads\/2021\/11\/FB_IMG_1636569229013.jpg\" \/>\n\t<meta property=\"og:image:width\" content=\"1080\" \/>\n\t<meta property=\"og:image:height\" content=\"720\" \/>\n\t<meta property=\"og:image:type\" content=\"image\/jpeg\" \/>\n<meta name=\"author\" content=\"f1000024\" \/>\n<meta name=\"twitter:card\" content=\"summary_large_image\" \/>\n<meta name=\"twitter:label1\" content=\"Escrito por\" \/>\n\t<meta name=\"twitter:data1\" content=\"f1000024\" \/>\n\t<meta name=\"twitter:label2\" content=\"Tiempo de lectura\" \/>\n\t<meta name=\"twitter:data2\" content=\"5 minutos\" \/>\n<script type=\"application\/ld+json\" class=\"yoast-schema-graph\">{\"@context\":\"https:\\\/\\\/schema.org\",\"@graph\":[{\"@type\":\"Article\",\"@id\":\"https:\\\/\\\/cvinoticias.com\\\/v3\\\/lanzaron-la-semana-provincial-del-prematuro\\\/#article\",\"isPartOf\":{\"@id\":\"https:\\\/\\\/cvinoticias.com\\\/v3\\\/lanzaron-la-semana-provincial-del-prematuro\\\/\"},\"author\":{\"name\":\"f1000024\",\"@id\":\"https:\\\/\\\/cvinoticias.com\\\/v3\\\/#\\\/schema\\\/person\\\/2db77e3c6bc03c538495d7b2b8be9b66\"},\"headline\":\"Lanzaron la \u00abSemana Provincial del Prematuro:\",\"datePublished\":\"2021-11-10T18:41:09+00:00\",\"mainEntityOfPage\":{\"@id\":\"https:\\\/\\\/cvinoticias.com\\\/v3\\\/lanzaron-la-semana-provincial-del-prematuro\\\/\"},\"wordCount\":1086,\"commentCount\":0,\"publisher\":{\"@id\":\"https:\\\/\\\/cvinoticias.com\\\/v3\\\/#organization\"},\"image\":{\"@id\":\"https:\\\/\\\/cvinoticias.com\\\/v3\\\/lanzaron-la-semana-provincial-del-prematuro\\\/#primaryimage\"},\"thumbnailUrl\":\"https:\\\/\\\/cvinoticias.com\\\/wp-content\\\/uploads\\\/2021\\\/11\\\/FB_IMG_1636569229013.jpg\",\"articleSection\":[\"Provinciales\"],\"inLanguage\":\"es\",\"potentialAction\":[{\"@type\":\"CommentAction\",\"name\":\"Comment\",\"target\":[\"https:\\\/\\\/cvinoticias.com\\\/v3\\\/lanzaron-la-semana-provincial-del-prematuro\\\/#respond\"]}]},{\"@type\":\"WebPage\",\"@id\":\"https:\\\/\\\/cvinoticias.com\\\/v3\\\/lanzaron-la-semana-provincial-del-prematuro\\\/\",\"url\":\"https:\\\/\\\/cvinoticias.com\\\/v3\\\/lanzaron-la-semana-provincial-del-prematuro\\\/\",\"name\":\"Lanzaron la \\\"Semana Provincial del Prematuro: | CVI NOTICIAS\",\"isPartOf\":{\"@id\":\"https:\\\/\\\/cvinoticias.com\\\/v3\\\/#website\"},\"primaryImageOfPage\":{\"@id\":\"https:\\\/\\\/cvinoticias.com\\\/v3\\\/lanzaron-la-semana-provincial-del-prematuro\\\/#primaryimage\"},\"image\":{\"@id\":\"https:\\\/\\\/cvinoticias.com\\\/v3\\\/lanzaron-la-semana-provincial-del-prematuro\\\/#primaryimage\"},\"thumbnailUrl\":\"https:\\\/\\\/cvinoticias.com\\\/wp-content\\\/uploads\\\/2021\\\/11\\\/FB_IMG_1636569229013.jpg\",\"datePublished\":\"2021-11-10T18:41:09+00:00\",\"breadcrumb\":{\"@id\":\"https:\\\/\\\/cvinoticias.com\\\/v3\\\/lanzaron-la-semana-provincial-del-prematuro\\\/#breadcrumb\"},\"inLanguage\":\"es\",\"potentialAction\":[{\"@type\":\"ReadAction\",\"target\":[\"https:\\\/\\\/cvinoticias.com\\\/v3\\\/lanzaron-la-semana-provincial-del-prematuro\\\/\"]}]},{\"@type\":\"ImageObject\",\"inLanguage\":\"es\",\"@id\":\"https:\\\/\\\/cvinoticias.com\\\/v3\\\/lanzaron-la-semana-provincial-del-prematuro\\\/#primaryimage\",\"url\":\"https:\\\/\\\/cvinoticias.com\\\/wp-content\\\/uploads\\\/2021\\\/11\\\/FB_IMG_1636569229013.jpg\",\"contentUrl\":\"https:\\\/\\\/cvinoticias.com\\\/wp-content\\\/uploads\\\/2021\\\/11\\\/FB_IMG_1636569229013.jpg\",\"width\":1080,\"height\":720},{\"@type\":\"BreadcrumbList\",\"@id\":\"https:\\\/\\\/cvinoticias.com\\\/v3\\\/lanzaron-la-semana-provincial-del-prematuro\\\/#breadcrumb\",\"itemListElement\":[{\"@type\":\"ListItem\",\"position\":1,\"name\":\"Portada\",\"item\":\"https:\\\/\\\/cvinoticias.com\\\/v3\\\/\"},{\"@type\":\"ListItem\",\"position\":2,\"name\":\"Lanzaron la \u00abSemana Provincial del Prematuro:\"}]},{\"@type\":\"WebSite\",\"@id\":\"https:\\\/\\\/cvinoticias.com\\\/v3\\\/#website\",\"url\":\"https:\\\/\\\/cvinoticias.com\\\/v3\\\/\",\"name\":\"CVI NOTICIAS\",\"description\":\"\",\"publisher\":{\"@id\":\"https:\\\/\\\/cvinoticias.com\\\/v3\\\/#organization\"},\"alternateName\":\"CVI\",\"potentialAction\":[{\"@type\":\"SearchAction\",\"target\":{\"@type\":\"EntryPoint\",\"urlTemplate\":\"https:\\\/\\\/cvinoticias.com\\\/v3\\\/?s={search_term_string}\"},\"query-input\":{\"@type\":\"PropertyValueSpecification\",\"valueRequired\":true,\"valueName\":\"search_term_string\"}}],\"inLanguage\":\"es\"},{\"@type\":\"Organization\",\"@id\":\"https:\\\/\\\/cvinoticias.com\\\/v3\\\/#organization\",\"name\":\"CVI NOTICIAS\",\"url\":\"https:\\\/\\\/cvinoticias.com\\\/v3\\\/\",\"logo\":{\"@type\":\"ImageObject\",\"inLanguage\":\"es\",\"@id\":\"https:\\\/\\\/cvinoticias.com\\\/v3\\\/#\\\/schema\\\/logo\\\/image\\\/\",\"url\":\"https:\\\/\\\/cvinoticias.com\\\/wp-content\\\/uploads\\\/2023\\\/04\\\/cropped-cropped-cropped-cropped-cropped-3-1.png\",\"contentUrl\":\"https:\\\/\\\/cvinoticias.com\\\/wp-content\\\/uploads\\\/2023\\\/04\\\/cropped-cropped-cropped-cropped-cropped-3-1.png\",\"width\":95,\"height\":122,\"caption\":\"CVI NOTICIAS\"},\"image\":{\"@id\":\"https:\\\/\\\/cvinoticias.com\\\/v3\\\/#\\\/schema\\\/logo\\\/image\\\/\"},\"sameAs\":[\"https:\\\/\\\/www.facebook.com\\\/cvinoticias\",\"https:\\\/\\\/www.instagram.com\\\/cvinoticias\\\/\",\"https:\\\/\\\/www.youtube.com\\\/@CVINOTICIAS\"]},{\"@type\":\"Person\",\"@id\":\"https:\\\/\\\/cvinoticias.com\\\/v3\\\/#\\\/schema\\\/person\\\/2db77e3c6bc03c538495d7b2b8be9b66\",\"name\":\"f1000024\",\"image\":{\"@type\":\"ImageObject\",\"inLanguage\":\"es\",\"@id\":\"https:\\\/\\\/secure.gravatar.com\\\/avatar\\\/d4fe7459cfc51ff5129ce1a732bbef5928568b8092d412ef95611616376bbeed?s=96&d=mm&r=g\",\"url\":\"https:\\\/\\\/secure.gravatar.com\\\/avatar\\\/d4fe7459cfc51ff5129ce1a732bbef5928568b8092d412ef95611616376bbeed?s=96&d=mm&r=g\",\"contentUrl\":\"https:\\\/\\\/secure.gravatar.com\\\/avatar\\\/d4fe7459cfc51ff5129ce1a732bbef5928568b8092d412ef95611616376bbeed?s=96&d=mm&r=g\",\"caption\":\"f1000024\"},\"url\":\"https:\\\/\\\/cvinoticias.com\\\/v3\\\/author\\\/f1000024\\\/\"}]}<\/script>\n<!-- \/ Yoast SEO plugin. -->","yoast_head_json":{"title":"Lanzaron la \"Semana Provincial del Prematuro: | CVI NOTICIAS","robots":{"index":"index","follow":"follow","max-snippet":"max-snippet:-1","max-image-preview":"max-image-preview:large","max-video-preview":"max-video-preview:-1"},"canonical":"https:\/\/cvinoticias.com\/v3\/lanzaron-la-semana-provincial-del-prematuro\/","og_locale":"es_ES","og_type":"article","og_title":"Lanzaron la \"Semana Provincial del Prematuro: | CVI NOTICIAS","og_description":"Se realiz\u00f3 la presentaci\u00f3n de la \u00abSemana Provincial del Prematuro\u00bb. Un evento que se inicia el jueves 11 y se extender\u00e1 hasta el 17 de noviembre, periodo en el cual se realizar\u00e1n diferentes actividades en diversos puntos de la provincia. Adem\u00e1s, en la misma jornada, Herrera Ahuad recibi\u00f3 a estudiantes del quinto a\u00f1o del colegio [&hellip;]","og_url":"https:\/\/cvinoticias.com\/v3\/lanzaron-la-semana-provincial-del-prematuro\/","og_site_name":"CVI NOTICIAS","article_publisher":"https:\/\/www.facebook.com\/cvinoticias","article_published_time":"2021-11-10T18:41:09+00:00","og_image":[{"width":1080,"height":720,"url":"https:\/\/cvinoticias.com\/wp-content\/uploads\/2021\/11\/FB_IMG_1636569229013.jpg","type":"image\/jpeg"}],"author":"f1000024","twitter_card":"summary_large_image","twitter_misc":{"Escrito por":"f1000024","Tiempo de lectura":"5 minutos"},"schema":{"@context":"https:\/\/schema.org","@graph":[{"@type":"Article","@id":"https:\/\/cvinoticias.com\/v3\/lanzaron-la-semana-provincial-del-prematuro\/#article","isPartOf":{"@id":"https:\/\/cvinoticias.com\/v3\/lanzaron-la-semana-provincial-del-prematuro\/"},"author":{"name":"f1000024","@id":"https:\/\/cvinoticias.com\/v3\/#\/schema\/person\/2db77e3c6bc03c538495d7b2b8be9b66"},"headline":"Lanzaron la \u00abSemana Provincial del Prematuro:","datePublished":"2021-11-10T18:41:09+00:00","mainEntityOfPage":{"@id":"https:\/\/cvinoticias.com\/v3\/lanzaron-la-semana-provincial-del-prematuro\/"},"wordCount":1086,"commentCount":0,"publisher":{"@id":"https:\/\/cvinoticias.com\/v3\/#organization"},"image":{"@id":"https:\/\/cvinoticias.com\/v3\/lanzaron-la-semana-provincial-del-prematuro\/#primaryimage"},"thumbnailUrl":"https:\/\/cvinoticias.com\/wp-content\/uploads\/2021\/11\/FB_IMG_1636569229013.jpg","articleSection":["Provinciales"],"inLanguage":"es","potentialAction":[{"@type":"CommentAction","name":"Comment","target":["https:\/\/cvinoticias.com\/v3\/lanzaron-la-semana-provincial-del-prematuro\/#respond"]}]},{"@type":"WebPage","@id":"https:\/\/cvinoticias.com\/v3\/lanzaron-la-semana-provincial-del-prematuro\/","url":"https:\/\/cvinoticias.com\/v3\/lanzaron-la-semana-provincial-del-prematuro\/","name":"Lanzaron la \"Semana Provincial del Prematuro: | CVI NOTICIAS","isPartOf":{"@id":"https:\/\/cvinoticias.com\/v3\/#website"},"primaryImageOfPage":{"@id":"https:\/\/cvinoticias.com\/v3\/lanzaron-la-semana-provincial-del-prematuro\/#primaryimage"},"image":{"@id":"https:\/\/cvinoticias.com\/v3\/lanzaron-la-semana-provincial-del-prematuro\/#primaryimage"},"thumbnailUrl":"https:\/\/cvinoticias.com\/wp-content\/uploads\/2021\/11\/FB_IMG_1636569229013.jpg","datePublished":"2021-11-10T18:41:09+00:00","breadcrumb":{"@id":"https:\/\/cvinoticias.com\/v3\/lanzaron-la-semana-provincial-del-prematuro\/#breadcrumb"},"inLanguage":"es","potentialAction":[{"@type":"ReadAction","target":["https:\/\/cvinoticias.com\/v3\/lanzaron-la-semana-provincial-del-prematuro\/"]}]},{"@type":"ImageObject","inLanguage":"es","@id":"https:\/\/cvinoticias.com\/v3\/lanzaron-la-semana-provincial-del-prematuro\/#primaryimage","url":"https:\/\/cvinoticias.com\/wp-content\/uploads\/2021\/11\/FB_IMG_1636569229013.jpg","contentUrl":"https:\/\/cvinoticias.com\/wp-content\/uploads\/2021\/11\/FB_IMG_1636569229013.jpg","width":1080,"height":720},{"@type":"BreadcrumbList","@id":"https:\/\/cvinoticias.com\/v3\/lanzaron-la-semana-provincial-del-prematuro\/#breadcrumb","itemListElement":[{"@type":"ListItem","position":1,"name":"Portada","item":"https:\/\/cvinoticias.com\/v3\/"},{"@type":"ListItem","position":2,"name":"Lanzaron la \u00abSemana Provincial del Prematuro:"}]},{"@type":"WebSite","@id":"https:\/\/cvinoticias.com\/v3\/#website","url":"https:\/\/cvinoticias.com\/v3\/","name":"CVI NOTICIAS","description":"","publisher":{"@id":"https:\/\/cvinoticias.com\/v3\/#organization"},"alternateName":"CVI","potentialAction":[{"@type":"SearchAction","target":{"@type":"EntryPoint","urlTemplate":"https:\/\/cvinoticias.com\/v3\/?s={search_term_string}"},"query-input":{"@type":"PropertyValueSpecification","valueRequired":true,"valueName":"search_term_string"}}],"inLanguage":"es"},{"@type":"Organization","@id":"https:\/\/cvinoticias.com\/v3\/#organization","name":"CVI NOTICIAS","url":"https:\/\/cvinoticias.com\/v3\/","logo":{"@type":"ImageObject","inLanguage":"es","@id":"https:\/\/cvinoticias.com\/v3\/#\/schema\/logo\/image\/","url":"https:\/\/cvinoticias.com\/wp-content\/uploads\/2023\/04\/cropped-cropped-cropped-cropped-cropped-3-1.png","contentUrl":"https:\/\/cvinoticias.com\/wp-content\/uploads\/2023\/04\/cropped-cropped-cropped-cropped-cropped-3-1.png","width":95,"height":122,"caption":"CVI NOTICIAS"},"image":{"@id":"https:\/\/cvinoticias.com\/v3\/#\/schema\/logo\/image\/"},"sameAs":["https:\/\/www.facebook.com\/cvinoticias","https:\/\/www.instagram.com\/cvinoticias\/","https:\/\/www.youtube.com\/@CVINOTICIAS"]},{"@type":"Person","@id":"https:\/\/cvinoticias.com\/v3\/#\/schema\/person\/2db77e3c6bc03c538495d7b2b8be9b66","name":"f1000024","image":{"@type":"ImageObject","inLanguage":"es","@id":"https:\/\/secure.gravatar.com\/avatar\/d4fe7459cfc51ff5129ce1a732bbef5928568b8092d412ef95611616376bbeed?s=96&d=mm&r=g","url":"https:\/\/secure.gravatar.com\/avatar\/d4fe7459cfc51ff5129ce1a732bbef5928568b8092d412ef95611616376bbeed?s=96&d=mm&r=g","contentUrl":"https:\/\/secure.gravatar.com\/avatar\/d4fe7459cfc51ff5129ce1a732bbef5928568b8092d412ef95611616376bbeed?s=96&d=mm&r=g","caption":"f1000024"},"url":"https:\/\/cvinoticias.com\/v3\/author\/f1000024\/"}]}},"_links":{"self":[{"href":"https:\/\/cvinoticias.com\/v3\/wp-json\/wp\/v2\/posts\/10497","targetHints":{"allow":["GET"]}}],"collection":[{"href":"https:\/\/cvinoticias.com\/v3\/wp-json\/wp\/v2\/posts"}],"about":[{"href":"https:\/\/cvinoticias.com\/v3\/wp-json\/wp\/v2\/types\/post"}],"author":[{"embeddable":true,"href":"https:\/\/cvinoticias.com\/v3\/wp-json\/wp\/v2\/users\/2"}],"replies":[{"embeddable":true,"href":"https:\/\/cvinoticias.com\/v3\/wp-json\/wp\/v2\/comments?post=10497"}],"version-history":[{"count":1,"href":"https:\/\/cvinoticias.com\/v3\/wp-json\/wp\/v2\/posts\/10497\/revisions"}],"predecessor-version":[{"id":10503,"href":"https:\/\/cvinoticias.com\/v3\/wp-json\/wp\/v2\/posts\/10497\/revisions\/10503"}],"wp:featuredmedia":[{"embeddable":true,"href":"https:\/\/cvinoticias.com\/v3\/wp-json\/wp\/v2\/media\/10501"}],"wp:attachment":[{"href":"https:\/\/cvinoticias.com\/v3\/wp-json\/wp\/v2\/media?parent=10497"}],"wp:term":[{"taxonomy":"category","embeddable":true,"href":"https:\/\/cvinoticias.com\/v3\/wp-json\/wp\/v2\/categories?post=10497"},{"taxonomy":"post_tag","embeddable":true,"href":"https:\/\/cvinoticias.com\/v3\/wp-json\/wp\/v2\/tags?post=10497"}],"curies":[{"name":"wp","href":"https:\/\/api.w.org\/{rel}","templated":true}]}}