{"id":10490,"date":"2021-11-10T16:10:40","date_gmt":"2021-11-10T16:10:40","guid":{"rendered":"https:\/\/cvinoticias.com\/v3\/?p=10490"},"modified":"2021-11-10T16:10:40","modified_gmt":"2021-11-10T16:10:40","slug":"vuelve-la-carpa-de-ips-a-iguazu-para-este-jueves-11-de-noviembre","status":"publish","type":"post","link":"https:\/\/cvinoticias.com\/v3\/vuelve-la-carpa-de-ips-a-iguazu-para-este-jueves-11-de-noviembre\/","title":{"rendered":"Vuelve la Carpa de IPS a Iguaz\u00fa para este jueves 11 de noviembre"},"content":{"rendered":"\n<p><strong><em>Con la coordinaci\u00f3n del Director de Farmacias del Interior del organismo, Carlos Herrera Ahuad, la carpa de Salud del IPS atender\u00e1 en el Merendero \u00abSomos Felices\u00bb de las 2000 Hect\u00e1reas de Puerto Iguaz\u00fa, en un trabajo en conjunto de todo el equipo de profesionales de la obra social provincial y la Municipalidad local.<\/em><\/strong><\/p>\n\n\n\n<p>All\u00ed se estar\u00e1 brindando los siguientes servicios: aplicaci\u00f3n de vacuna antigripal, medici\u00f3n de glucosa, toma de presi\u00f3n, nutricionista (control de peso y talla), entre otras consultas.<\/p>\n\n\n\n<figure class=\"wp-block-image size-full\"><a href=\"https:\/\/cvinoticias.com\/wp-content\/uploads\/2021\/11\/Screenshot_20211110-130730_Chrome.jpg\"><img decoding=\"async\" width=\"895\" height=\"493\" data-src=\"https:\/\/cvinoticias.com\/wp-content\/uploads\/2021\/11\/Screenshot_20211110-130730_Chrome.jpg\" alt=\"\" class=\"wp-image-10492 lazyload\" data-srcset=\"https:\/\/cvinoticias.com\/wp-content\/uploads\/2021\/11\/Screenshot_20211110-130730_Chrome.jpg 895w, https:\/\/cvinoticias.com\/wp-content\/uploads\/2021\/11\/Screenshot_20211110-130730_Chrome-300x165.jpg 300w, https:\/\/cvinoticias.com\/wp-content\/uploads\/2021\/11\/Screenshot_20211110-130730_Chrome-768x423.jpg 768w\" data-sizes=\"(max-width: 895px) 100vw, 895px\" src=\"data:image\/svg+xml;base64,PHN2ZyB3aWR0aD0iMSIgaGVpZ2h0PSIxIiB4bWxucz0iaHR0cDovL3d3dy53My5vcmcvMjAwMC9zdmciPjwvc3ZnPg==\" style=\"--smush-placeholder-width: 895px; --smush-placeholder-aspect-ratio: 895\/493;\" \/><\/a><\/figure>\n","protected":false},"excerpt":{"rendered":"<p>Con la coordinaci\u00f3n del Director de Farmacias del Interior del organismo, Carlos Herrera Ahuad, la carpa de Salud del IPS atender\u00e1 en el Merendero \u00abSomos Felices\u00bb de las 2000 Hect\u00e1reas de Puerto Iguaz\u00fa, en un trabajo en conjunto de todo el equipo de profesionales de la obra social provincial y la Municipalidad local. All\u00ed se [&hellip;]<\/p>\n","protected":false},"author":2,"featured_media":10494,"comment_status":"open","ping_status":"open","sticky":false,"template":"","format":"standard","meta":{"footnotes":""},"categories":[29,22],"tags":[],"class_list":["post-10490","post","type-post","status-publish","format-standard","has-post-thumbnail","hentry","category-locales","category-salud"],"yoast_head":"<!-- This site is optimized with the Yoast SEO plugin v27.5 - https:\/\/yoast.com\/product\/yoast-seo-wordpress\/ -->\n<title>Vuelve la Carpa de IPS a Iguaz\u00fa para este jueves 11 de noviembre | CVI NOTICIAS<\/title>\n<meta name=\"robots\" content=\"index, follow, max-snippet:-1, max-image-preview:large, max-video-preview:-1\" \/>\n<link rel=\"canonical\" href=\"https:\/\/cvinoticias.com\/v3\/vuelve-la-carpa-de-ips-a-iguazu-para-este-jueves-11-de-noviembre\/\" \/>\n<meta property=\"og:locale\" content=\"es_ES\" \/>\n<meta property=\"og:type\" content=\"article\" \/>\n<meta property=\"og:title\" content=\"Vuelve la Carpa de IPS a Iguaz\u00fa para este jueves 11 de noviembre | CVI NOTICIAS\" \/>\n<meta property=\"og:description\" content=\"Con la coordinaci\u00f3n del Director de Farmacias del Interior del organismo, Carlos Herrera Ahuad, la carpa de Salud del IPS atender\u00e1 en el Merendero \u00abSomos Felices\u00bb de las 2000 Hect\u00e1reas de Puerto Iguaz\u00fa, en un trabajo en conjunto de todo el equipo de profesionales de la obra social provincial y la Municipalidad local. All\u00ed se [&hellip;]\" \/>\n<meta property=\"og:url\" content=\"https:\/\/cvinoticias.com\/v3\/vuelve-la-carpa-de-ips-a-iguazu-para-este-jueves-11-de-noviembre\/\" \/>\n<meta property=\"og:site_name\" content=\"CVI NOTICIAS\" \/>\n<meta property=\"article:publisher\" content=\"https:\/\/www.facebook.com\/cvinoticias\" \/>\n<meta property=\"article:published_time\" content=\"2021-11-10T16:10:40+00:00\" \/>\n<meta property=\"og:image\" content=\"https:\/\/cvinoticias.com\/wp-content\/uploads\/2021\/11\/Screenshot_20211110-130820_Chrome.jpg\" \/>\n\t<meta property=\"og:image:width\" content=\"607\" \/>\n\t<meta property=\"og:image:height\" content=\"897\" \/>\n\t<meta property=\"og:image:type\" content=\"image\/jpeg\" \/>\n<meta name=\"author\" content=\"f1000024\" \/>\n<meta name=\"twitter:card\" content=\"summary_large_image\" \/>\n<meta name=\"twitter:label1\" content=\"Escrito por\" \/>\n\t<meta name=\"twitter:data1\" content=\"f1000024\" \/>\n<script type=\"application\/ld+json\" class=\"yoast-schema-graph\">{\"@context\":\"https:\\\/\\\/schema.org\",\"@graph\":[{\"@type\":\"Article\",\"@id\":\"https:\\\/\\\/cvinoticias.com\\\/v3\\\/vuelve-la-carpa-de-ips-a-iguazu-para-este-jueves-11-de-noviembre\\\/#article\",\"isPartOf\":{\"@id\":\"https:\\\/\\\/cvinoticias.com\\\/v3\\\/vuelve-la-carpa-de-ips-a-iguazu-para-este-jueves-11-de-noviembre\\\/\"},\"author\":{\"name\":\"f1000024\",\"@id\":\"https:\\\/\\\/cvinoticias.com\\\/v3\\\/#\\\/schema\\\/person\\\/2db77e3c6bc03c538495d7b2b8be9b66\"},\"headline\":\"Vuelve la Carpa de IPS a Iguaz\u00fa para este jueves 11 de noviembre\",\"datePublished\":\"2021-11-10T16:10:40+00:00\",\"mainEntityOfPage\":{\"@id\":\"https:\\\/\\\/cvinoticias.com\\\/v3\\\/vuelve-la-carpa-de-ips-a-iguazu-para-este-jueves-11-de-noviembre\\\/\"},\"wordCount\":95,\"commentCount\":0,\"publisher\":{\"@id\":\"https:\\\/\\\/cvinoticias.com\\\/v3\\\/#organization\"},\"image\":{\"@id\":\"https:\\\/\\\/cvinoticias.com\\\/v3\\\/vuelve-la-carpa-de-ips-a-iguazu-para-este-jueves-11-de-noviembre\\\/#primaryimage\"},\"thumbnailUrl\":\"https:\\\/\\\/cvinoticias.com\\\/wp-content\\\/uploads\\\/2021\\\/11\\\/Screenshot_20211110-130820_Chrome.jpg\",\"articleSection\":[\"Locales\",\"Salud\"],\"inLanguage\":\"es\",\"potentialAction\":[{\"@type\":\"CommentAction\",\"name\":\"Comment\",\"target\":[\"https:\\\/\\\/cvinoticias.com\\\/v3\\\/vuelve-la-carpa-de-ips-a-iguazu-para-este-jueves-11-de-noviembre\\\/#respond\"]}]},{\"@type\":\"WebPage\",\"@id\":\"https:\\\/\\\/cvinoticias.com\\\/v3\\\/vuelve-la-carpa-de-ips-a-iguazu-para-este-jueves-11-de-noviembre\\\/\",\"url\":\"https:\\\/\\\/cvinoticias.com\\\/v3\\\/vuelve-la-carpa-de-ips-a-iguazu-para-este-jueves-11-de-noviembre\\\/\",\"name\":\"Vuelve la Carpa de IPS a Iguaz\u00fa para este jueves 11 de noviembre | CVI NOTICIAS\",\"isPartOf\":{\"@id\":\"https:\\\/\\\/cvinoticias.com\\\/v3\\\/#website\"},\"primaryImageOfPage\":{\"@id\":\"https:\\\/\\\/cvinoticias.com\\\/v3\\\/vuelve-la-carpa-de-ips-a-iguazu-para-este-jueves-11-de-noviembre\\\/#primaryimage\"},\"image\":{\"@id\":\"https:\\\/\\\/cvinoticias.com\\\/v3\\\/vuelve-la-carpa-de-ips-a-iguazu-para-este-jueves-11-de-noviembre\\\/#primaryimage\"},\"thumbnailUrl\":\"https:\\\/\\\/cvinoticias.com\\\/wp-content\\\/uploads\\\/2021\\\/11\\\/Screenshot_20211110-130820_Chrome.jpg\",\"datePublished\":\"2021-11-10T16:10:40+00:00\",\"breadcrumb\":{\"@id\":\"https:\\\/\\\/cvinoticias.com\\\/v3\\\/vuelve-la-carpa-de-ips-a-iguazu-para-este-jueves-11-de-noviembre\\\/#breadcrumb\"},\"inLanguage\":\"es\",\"potentialAction\":[{\"@type\":\"ReadAction\",\"target\":[\"https:\\\/\\\/cvinoticias.com\\\/v3\\\/vuelve-la-carpa-de-ips-a-iguazu-para-este-jueves-11-de-noviembre\\\/\"]}]},{\"@type\":\"ImageObject\",\"inLanguage\":\"es\",\"@id\":\"https:\\\/\\\/cvinoticias.com\\\/v3\\\/vuelve-la-carpa-de-ips-a-iguazu-para-este-jueves-11-de-noviembre\\\/#primaryimage\",\"url\":\"https:\\\/\\\/cvinoticias.com\\\/wp-content\\\/uploads\\\/2021\\\/11\\\/Screenshot_20211110-130820_Chrome.jpg\",\"contentUrl\":\"https:\\\/\\\/cvinoticias.com\\\/wp-content\\\/uploads\\\/2021\\\/11\\\/Screenshot_20211110-130820_Chrome.jpg\",\"width\":607,\"height\":897},{\"@type\":\"BreadcrumbList\",\"@id\":\"https:\\\/\\\/cvinoticias.com\\\/v3\\\/vuelve-la-carpa-de-ips-a-iguazu-para-este-jueves-11-de-noviembre\\\/#breadcrumb\",\"itemListElement\":[{\"@type\":\"ListItem\",\"position\":1,\"name\":\"Portada\",\"item\":\"https:\\\/\\\/cvinoticias.com\\\/v3\\\/\"},{\"@type\":\"ListItem\",\"position\":2,\"name\":\"Vuelve la Carpa de IPS a Iguaz\u00fa para este jueves 11 de noviembre\"}]},{\"@type\":\"WebSite\",\"@id\":\"https:\\\/\\\/cvinoticias.com\\\/v3\\\/#website\",\"url\":\"https:\\\/\\\/cvinoticias.com\\\/v3\\\/\",\"name\":\"CVI NOTICIAS\",\"description\":\"\",\"publisher\":{\"@id\":\"https:\\\/\\\/cvinoticias.com\\\/v3\\\/#organization\"},\"alternateName\":\"CVI\",\"potentialAction\":[{\"@type\":\"SearchAction\",\"target\":{\"@type\":\"EntryPoint\",\"urlTemplate\":\"https:\\\/\\\/cvinoticias.com\\\/v3\\\/?s={search_term_string}\"},\"query-input\":{\"@type\":\"PropertyValueSpecification\",\"valueRequired\":true,\"valueName\":\"search_term_string\"}}],\"inLanguage\":\"es\"},{\"@type\":\"Organization\",\"@id\":\"https:\\\/\\\/cvinoticias.com\\\/v3\\\/#organization\",\"name\":\"CVI NOTICIAS\",\"url\":\"https:\\\/\\\/cvinoticias.com\\\/v3\\\/\",\"logo\":{\"@type\":\"ImageObject\",\"inLanguage\":\"es\",\"@id\":\"https:\\\/\\\/cvinoticias.com\\\/v3\\\/#\\\/schema\\\/logo\\\/image\\\/\",\"url\":\"https:\\\/\\\/cvinoticias.com\\\/wp-content\\\/uploads\\\/2023\\\/04\\\/cropped-cropped-cropped-cropped-cropped-3-1.png\",\"contentUrl\":\"https:\\\/\\\/cvinoticias.com\\\/wp-content\\\/uploads\\\/2023\\\/04\\\/cropped-cropped-cropped-cropped-cropped-3-1.png\",\"width\":95,\"height\":122,\"caption\":\"CVI NOTICIAS\"},\"image\":{\"@id\":\"https:\\\/\\\/cvinoticias.com\\\/v3\\\/#\\\/schema\\\/logo\\\/image\\\/\"},\"sameAs\":[\"https:\\\/\\\/www.facebook.com\\\/cvinoticias\",\"https:\\\/\\\/www.instagram.com\\\/cvinoticias\\\/\",\"https:\\\/\\\/www.youtube.com\\\/@CVINOTICIAS\"]},{\"@type\":\"Person\",\"@id\":\"https:\\\/\\\/cvinoticias.com\\\/v3\\\/#\\\/schema\\\/person\\\/2db77e3c6bc03c538495d7b2b8be9b66\",\"name\":\"f1000024\",\"image\":{\"@type\":\"ImageObject\",\"inLanguage\":\"es\",\"@id\":\"https:\\\/\\\/secure.gravatar.com\\\/avatar\\\/d4fe7459cfc51ff5129ce1a732bbef5928568b8092d412ef95611616376bbeed?s=96&d=mm&r=g\",\"url\":\"https:\\\/\\\/secure.gravatar.com\\\/avatar\\\/d4fe7459cfc51ff5129ce1a732bbef5928568b8092d412ef95611616376bbeed?s=96&d=mm&r=g\",\"contentUrl\":\"https:\\\/\\\/secure.gravatar.com\\\/avatar\\\/d4fe7459cfc51ff5129ce1a732bbef5928568b8092d412ef95611616376bbeed?s=96&d=mm&r=g\",\"caption\":\"f1000024\"},\"url\":\"https:\\\/\\\/cvinoticias.com\\\/v3\\\/author\\\/f1000024\\\/\"}]}<\/script>\n<!-- \/ Yoast SEO plugin. -->","yoast_head_json":{"title":"Vuelve la Carpa de IPS a Iguaz\u00fa para este jueves 11 de noviembre | CVI NOTICIAS","robots":{"index":"index","follow":"follow","max-snippet":"max-snippet:-1","max-image-preview":"max-image-preview:large","max-video-preview":"max-video-preview:-1"},"canonical":"https:\/\/cvinoticias.com\/v3\/vuelve-la-carpa-de-ips-a-iguazu-para-este-jueves-11-de-noviembre\/","og_locale":"es_ES","og_type":"article","og_title":"Vuelve la Carpa de IPS a Iguaz\u00fa para este jueves 11 de noviembre | CVI NOTICIAS","og_description":"Con la coordinaci\u00f3n del Director de Farmacias del Interior del organismo, Carlos Herrera Ahuad, la carpa de Salud del IPS atender\u00e1 en el Merendero \u00abSomos Felices\u00bb de las 2000 Hect\u00e1reas de Puerto Iguaz\u00fa, en un trabajo en conjunto de todo el equipo de profesionales de la obra social provincial y la Municipalidad local. All\u00ed se [&hellip;]","og_url":"https:\/\/cvinoticias.com\/v3\/vuelve-la-carpa-de-ips-a-iguazu-para-este-jueves-11-de-noviembre\/","og_site_name":"CVI NOTICIAS","article_publisher":"https:\/\/www.facebook.com\/cvinoticias","article_published_time":"2021-11-10T16:10:40+00:00","og_image":[{"width":607,"height":897,"url":"https:\/\/cvinoticias.com\/wp-content\/uploads\/2021\/11\/Screenshot_20211110-130820_Chrome.jpg","type":"image\/jpeg"}],"author":"f1000024","twitter_card":"summary_large_image","twitter_misc":{"Escrito por":"f1000024"},"schema":{"@context":"https:\/\/schema.org","@graph":[{"@type":"Article","@id":"https:\/\/cvinoticias.com\/v3\/vuelve-la-carpa-de-ips-a-iguazu-para-este-jueves-11-de-noviembre\/#article","isPartOf":{"@id":"https:\/\/cvinoticias.com\/v3\/vuelve-la-carpa-de-ips-a-iguazu-para-este-jueves-11-de-noviembre\/"},"author":{"name":"f1000024","@id":"https:\/\/cvinoticias.com\/v3\/#\/schema\/person\/2db77e3c6bc03c538495d7b2b8be9b66"},"headline":"Vuelve la Carpa de IPS a Iguaz\u00fa para este jueves 11 de noviembre","datePublished":"2021-11-10T16:10:40+00:00","mainEntityOfPage":{"@id":"https:\/\/cvinoticias.com\/v3\/vuelve-la-carpa-de-ips-a-iguazu-para-este-jueves-11-de-noviembre\/"},"wordCount":95,"commentCount":0,"publisher":{"@id":"https:\/\/cvinoticias.com\/v3\/#organization"},"image":{"@id":"https:\/\/cvinoticias.com\/v3\/vuelve-la-carpa-de-ips-a-iguazu-para-este-jueves-11-de-noviembre\/#primaryimage"},"thumbnailUrl":"https:\/\/cvinoticias.com\/wp-content\/uploads\/2021\/11\/Screenshot_20211110-130820_Chrome.jpg","articleSection":["Locales","Salud"],"inLanguage":"es","potentialAction":[{"@type":"CommentAction","name":"Comment","target":["https:\/\/cvinoticias.com\/v3\/vuelve-la-carpa-de-ips-a-iguazu-para-este-jueves-11-de-noviembre\/#respond"]}]},{"@type":"WebPage","@id":"https:\/\/cvinoticias.com\/v3\/vuelve-la-carpa-de-ips-a-iguazu-para-este-jueves-11-de-noviembre\/","url":"https:\/\/cvinoticias.com\/v3\/vuelve-la-carpa-de-ips-a-iguazu-para-este-jueves-11-de-noviembre\/","name":"Vuelve la Carpa de IPS a Iguaz\u00fa para este jueves 11 de noviembre | CVI NOTICIAS","isPartOf":{"@id":"https:\/\/cvinoticias.com\/v3\/#website"},"primaryImageOfPage":{"@id":"https:\/\/cvinoticias.com\/v3\/vuelve-la-carpa-de-ips-a-iguazu-para-este-jueves-11-de-noviembre\/#primaryimage"},"image":{"@id":"https:\/\/cvinoticias.com\/v3\/vuelve-la-carpa-de-ips-a-iguazu-para-este-jueves-11-de-noviembre\/#primaryimage"},"thumbnailUrl":"https:\/\/cvinoticias.com\/wp-content\/uploads\/2021\/11\/Screenshot_20211110-130820_Chrome.jpg","datePublished":"2021-11-10T16:10:40+00:00","breadcrumb":{"@id":"https:\/\/cvinoticias.com\/v3\/vuelve-la-carpa-de-ips-a-iguazu-para-este-jueves-11-de-noviembre\/#breadcrumb"},"inLanguage":"es","potentialAction":[{"@type":"ReadAction","target":["https:\/\/cvinoticias.com\/v3\/vuelve-la-carpa-de-ips-a-iguazu-para-este-jueves-11-de-noviembre\/"]}]},{"@type":"ImageObject","inLanguage":"es","@id":"https:\/\/cvinoticias.com\/v3\/vuelve-la-carpa-de-ips-a-iguazu-para-este-jueves-11-de-noviembre\/#primaryimage","url":"https:\/\/cvinoticias.com\/wp-content\/uploads\/2021\/11\/Screenshot_20211110-130820_Chrome.jpg","contentUrl":"https:\/\/cvinoticias.com\/wp-content\/uploads\/2021\/11\/Screenshot_20211110-130820_Chrome.jpg","width":607,"height":897},{"@type":"BreadcrumbList","@id":"https:\/\/cvinoticias.com\/v3\/vuelve-la-carpa-de-ips-a-iguazu-para-este-jueves-11-de-noviembre\/#breadcrumb","itemListElement":[{"@type":"ListItem","position":1,"name":"Portada","item":"https:\/\/cvinoticias.com\/v3\/"},{"@type":"ListItem","position":2,"name":"Vuelve la Carpa de IPS a Iguaz\u00fa para este jueves 11 de noviembre"}]},{"@type":"WebSite","@id":"https:\/\/cvinoticias.com\/v3\/#website","url":"https:\/\/cvinoticias.com\/v3\/","name":"CVI NOTICIAS","description":"","publisher":{"@id":"https:\/\/cvinoticias.com\/v3\/#organization"},"alternateName":"CVI","potentialAction":[{"@type":"SearchAction","target":{"@type":"EntryPoint","urlTemplate":"https:\/\/cvinoticias.com\/v3\/?s={search_term_string}"},"query-input":{"@type":"PropertyValueSpecification","valueRequired":true,"valueName":"search_term_string"}}],"inLanguage":"es"},{"@type":"Organization","@id":"https:\/\/cvinoticias.com\/v3\/#organization","name":"CVI NOTICIAS","url":"https:\/\/cvinoticias.com\/v3\/","logo":{"@type":"ImageObject","inLanguage":"es","@id":"https:\/\/cvinoticias.com\/v3\/#\/schema\/logo\/image\/","url":"https:\/\/cvinoticias.com\/wp-content\/uploads\/2023\/04\/cropped-cropped-cropped-cropped-cropped-3-1.png","contentUrl":"https:\/\/cvinoticias.com\/wp-content\/uploads\/2023\/04\/cropped-cropped-cropped-cropped-cropped-3-1.png","width":95,"height":122,"caption":"CVI NOTICIAS"},"image":{"@id":"https:\/\/cvinoticias.com\/v3\/#\/schema\/logo\/image\/"},"sameAs":["https:\/\/www.facebook.com\/cvinoticias","https:\/\/www.instagram.com\/cvinoticias\/","https:\/\/www.youtube.com\/@CVINOTICIAS"]},{"@type":"Person","@id":"https:\/\/cvinoticias.com\/v3\/#\/schema\/person\/2db77e3c6bc03c538495d7b2b8be9b66","name":"f1000024","image":{"@type":"ImageObject","inLanguage":"es","@id":"https:\/\/secure.gravatar.com\/avatar\/d4fe7459cfc51ff5129ce1a732bbef5928568b8092d412ef95611616376bbeed?s=96&d=mm&r=g","url":"https:\/\/secure.gravatar.com\/avatar\/d4fe7459cfc51ff5129ce1a732bbef5928568b8092d412ef95611616376bbeed?s=96&d=mm&r=g","contentUrl":"https:\/\/secure.gravatar.com\/avatar\/d4fe7459cfc51ff5129ce1a732bbef5928568b8092d412ef95611616376bbeed?s=96&d=mm&r=g","caption":"f1000024"},"url":"https:\/\/cvinoticias.com\/v3\/author\/f1000024\/"}]}},"_links":{"self":[{"href":"https:\/\/cvinoticias.com\/v3\/wp-json\/wp\/v2\/posts\/10490","targetHints":{"allow":["GET"]}}],"collection":[{"href":"https:\/\/cvinoticias.com\/v3\/wp-json\/wp\/v2\/posts"}],"about":[{"href":"https:\/\/cvinoticias.com\/v3\/wp-json\/wp\/v2\/types\/post"}],"author":[{"embeddable":true,"href":"https:\/\/cvinoticias.com\/v3\/wp-json\/wp\/v2\/users\/2"}],"replies":[{"embeddable":true,"href":"https:\/\/cvinoticias.com\/v3\/wp-json\/wp\/v2\/comments?post=10490"}],"version-history":[{"count":1,"href":"https:\/\/cvinoticias.com\/v3\/wp-json\/wp\/v2\/posts\/10490\/revisions"}],"predecessor-version":[{"id":10495,"href":"https:\/\/cvinoticias.com\/v3\/wp-json\/wp\/v2\/posts\/10490\/revisions\/10495"}],"wp:featuredmedia":[{"embeddable":true,"href":"https:\/\/cvinoticias.com\/v3\/wp-json\/wp\/v2\/media\/10494"}],"wp:attachment":[{"href":"https:\/\/cvinoticias.com\/v3\/wp-json\/wp\/v2\/media?parent=10490"}],"wp:term":[{"taxonomy":"category","embeddable":true,"href":"https:\/\/cvinoticias.com\/v3\/wp-json\/wp\/v2\/categories?post=10490"},{"taxonomy":"post_tag","embeddable":true,"href":"https:\/\/cvinoticias.com\/v3\/wp-json\/wp\/v2\/tags?post=10490"}],"curies":[{"name":"wp","href":"https:\/\/api.w.org\/{rel}","templated":true}]}}