{"id":10453,"date":"2021-11-09T16:27:33","date_gmt":"2021-11-09T16:27:33","guid":{"rendered":"https:\/\/cvinoticias.com\/v3\/?p=10453"},"modified":"2021-11-09T16:27:33","modified_gmt":"2021-11-09T16:27:33","slug":"condenaron-al-ex-soldado-villar-a-prision-perpetua-por-el-femicidio-de-vilma-mercado","status":"publish","type":"post","link":"https:\/\/cvinoticias.com\/v3\/condenaron-al-ex-soldado-villar-a-prision-perpetua-por-el-femicidio-de-vilma-mercado\/","title":{"rendered":"Condenaron al ex soldado Villar a prisi\u00f3n perpetua por el femicidio de Vilma Mercado"},"content":{"rendered":"\n<p><strong><em>El Tribunal Penal 1 de Eldorado conden\u00f3 a prisi\u00f3n perpetua al ex soldado voluntario del Ej\u00e9rcito Argentino, Carlos Luis Leandro Villar (21 a\u00f1os), por el homicidio de la estudiante Vilma Mercado (19 a\u00f1os), hecho ocurrido el 24 de octubre de 2019 en Puerto Iguaz\u00fa.<\/em><\/strong><\/p>\n\n\n\n<p>El imputado escuch\u00f3 la sentencia de los jueces v\u00eda online desde la Unidad Penal III, donde se encuentra alojado. El Tribunal tom\u00f3 esta decisi\u00f3n de que Villar se notifique el fallo desde la c\u00e1rcel de manera virtual por razonas de seguridad, debido a los manifestantes \u2013 representantes de Mujeres Autoconvocadas de Iguaz\u00fa y del Polo Obero- que se convocaron sobre la calle San Juan, frente a la sede judicial, pidiendo \u201cjusticia\u201d.<\/p>\n\n\n\n<p>Ya en la jornada anterior de debate, Villar debi\u00f3 salir del edifico judicial con una fuerte custodia policial y los manifestantes pretend\u00edan lincharlo. Hoy; unas 300 personas integrantes de Partido Obrero y una 20 representantes de la agrupaci\u00f3n feminista mencionada, cortaran la calle San Juan y acompa\u00f1aron a los familiares de Vilma Mercado, en reclamo de una condena a cadena perpetua del imputado.<\/p>\n\n\n\n<figure class=\"wp-block-image size-large\"><a href=\"https:\/\/cvinoticias.com\/wp-content\/uploads\/2021\/11\/IMG-20211109-WA0060.jpg\"><img decoding=\"async\" width=\"1024\" height=\"576\" data-src=\"https:\/\/cvinoticias.com\/wp-content\/uploads\/2021\/11\/IMG-20211109-WA0060-1024x576.jpg\" alt=\"\" class=\"wp-image-10454 lazyload\" data-srcset=\"https:\/\/cvinoticias.com\/wp-content\/uploads\/2021\/11\/IMG-20211109-WA0060-1024x576.jpg 1024w, https:\/\/cvinoticias.com\/wp-content\/uploads\/2021\/11\/IMG-20211109-WA0060-300x169.jpg 300w, https:\/\/cvinoticias.com\/wp-content\/uploads\/2021\/11\/IMG-20211109-WA0060-768x432.jpg 768w, https:\/\/cvinoticias.com\/wp-content\/uploads\/2021\/11\/IMG-20211109-WA0060.jpg 1280w\" data-sizes=\"(max-width: 1024px) 100vw, 1024px\" src=\"data:image\/svg+xml;base64,PHN2ZyB3aWR0aD0iMSIgaGVpZ2h0PSIxIiB4bWxucz0iaHR0cDovL3d3dy53My5vcmcvMjAwMC9zdmciPjwvc3ZnPg==\" style=\"--smush-placeholder-width: 1024px; --smush-placeholder-aspect-ratio: 1024\/576;\" \/><\/a><\/figure>\n\n\n\n<p>El Tribunal Penal 1 encontr\u00f3 culpable a Villar a Fiscal\u00eda por el delito de \u00ababuso sexual, robo, himicidio criminis causa, femicidio, cometido por placer\u00ab. La defensa reclam\u00f3 la absoluci\u00f3n de Villar por el beneficio de la duda.<\/p>\n\n\n\n<p>El c\u00famulo de pruebas en su contra y los testimonios de varios testigos fueron determinantes y elementos contundentes en el juicio, para que los magistrados aplicaran la pena m\u00e1xima de prisi\u00f3n al acusado.<\/p>\n\n\n\n<p>El Tribunal Penal 1, estuvo presidido por el juez Atilio Le\u00f3n y secundado por las juezas, Mar\u00eda Teresa Ramos y Liliana Komisarski (subrogante).<\/p>\n\n\n\n<p><strong>El femicidio de Vilma Mercado<\/strong><\/p>\n\n\n\n<p><br>La noche del mi\u00e9rcoles 23 de octubre del a\u00f1o 2019, Vilma sali\u00f3 de su casa ubicada en el barrio Las Orqu\u00eddeas de Puerto Iguaz\u00fa y avis\u00f3 a sus amigas en un grupo de Whatsapp que se iba a encontrar con un chico \u2013aunque no les mencion\u00f3 el nombre de la persona- y adjunt\u00f3 una foto de ella esper\u00e1ndolo.<\/p>\n\n\n\n<p>El mensaje fue enviado cerca de las 00:05 del jueves 24 coincidiendo con la \u00faltima conexi\u00f3n de la joven en la aplicaci\u00f3n. Luego de eso no se supo m\u00e1s nada de ella y comenz\u00f3 la desesperada b\u00fasqueda de sus familiares y toda la ciudad de Puerto Iguaz\u00fa para dar con su paradero. Un d\u00eda despu\u00e9s su cuerpo fue hallado, en la zona de la ruta, cercano a una antena, conocida como \u201cVilla Cari\u00f1o\u201d.<\/p>\n\n\n\n<p><strong>Fuente: MOL<\/strong><\/p>\n\n\n\n<figure class=\"wp-block-image size-large\"><a href=\"https:\/\/cvinoticias.com\/wp-content\/uploads\/2021\/11\/IMG-20211109-WA0061.jpg\"><img decoding=\"async\" width=\"1024\" height=\"576\" data-src=\"https:\/\/cvinoticias.com\/wp-content\/uploads\/2021\/11\/IMG-20211109-WA0061-1024x576.jpg\" alt=\"\" class=\"wp-image-10455 lazyload\" data-srcset=\"https:\/\/cvinoticias.com\/wp-content\/uploads\/2021\/11\/IMG-20211109-WA0061-1024x576.jpg 1024w, https:\/\/cvinoticias.com\/wp-content\/uploads\/2021\/11\/IMG-20211109-WA0061-300x169.jpg 300w, https:\/\/cvinoticias.com\/wp-content\/uploads\/2021\/11\/IMG-20211109-WA0061-768x432.jpg 768w, https:\/\/cvinoticias.com\/wp-content\/uploads\/2021\/11\/IMG-20211109-WA0061.jpg 1280w\" data-sizes=\"(max-width: 1024px) 100vw, 1024px\" src=\"data:image\/svg+xml;base64,PHN2ZyB3aWR0aD0iMSIgaGVpZ2h0PSIxIiB4bWxucz0iaHR0cDovL3d3dy53My5vcmcvMjAwMC9zdmciPjwvc3ZnPg==\" style=\"--smush-placeholder-width: 1024px; --smush-placeholder-aspect-ratio: 1024\/576;\" \/><\/a><\/figure>\n","protected":false},"excerpt":{"rendered":"<p>El Tribunal Penal 1 de Eldorado conden\u00f3 a prisi\u00f3n perpetua al ex soldado voluntario del Ej\u00e9rcito Argentino, Carlos Luis Leandro Villar (21 a\u00f1os), por el homicidio de la estudiante Vilma Mercado (19 a\u00f1os), hecho ocurrido el 24 de octubre de 2019 en Puerto Iguaz\u00fa. El imputado escuch\u00f3 la sentencia de los jueces v\u00eda online desde [&hellip;]<\/p>\n","protected":false},"author":2,"featured_media":10456,"comment_status":"open","ping_status":"open","sticky":false,"template":"","format":"standard","meta":{"footnotes":""},"categories":[37],"tags":[],"class_list":["post-10453","post","type-post","status-publish","format-standard","has-post-thumbnail","hentry","category-justicia"],"yoast_head":"<!-- This site is optimized with the Yoast SEO plugin v27.4 - https:\/\/yoast.com\/product\/yoast-seo-wordpress\/ -->\n<title>Condenaron al ex soldado Villar a prisi\u00f3n perpetua por el femicidio de Vilma Mercado | CVI NOTICIAS<\/title>\n<meta name=\"robots\" content=\"index, follow, max-snippet:-1, max-image-preview:large, max-video-preview:-1\" \/>\n<link rel=\"canonical\" href=\"https:\/\/cvinoticias.com\/v3\/condenaron-al-ex-soldado-villar-a-prision-perpetua-por-el-femicidio-de-vilma-mercado\/\" \/>\n<meta property=\"og:locale\" content=\"es_ES\" \/>\n<meta property=\"og:type\" content=\"article\" \/>\n<meta property=\"og:title\" content=\"Condenaron al ex soldado Villar a prisi\u00f3n perpetua por el femicidio de Vilma Mercado | CVI NOTICIAS\" \/>\n<meta property=\"og:description\" content=\"El Tribunal Penal 1 de Eldorado conden\u00f3 a prisi\u00f3n perpetua al ex soldado voluntario del Ej\u00e9rcito Argentino, Carlos Luis Leandro Villar (21 a\u00f1os), por el homicidio de la estudiante Vilma Mercado (19 a\u00f1os), hecho ocurrido el 24 de octubre de 2019 en Puerto Iguaz\u00fa. El imputado escuch\u00f3 la sentencia de los jueces v\u00eda online desde [&hellip;]\" \/>\n<meta property=\"og:url\" content=\"https:\/\/cvinoticias.com\/v3\/condenaron-al-ex-soldado-villar-a-prision-perpetua-por-el-femicidio-de-vilma-mercado\/\" \/>\n<meta property=\"og:site_name\" content=\"CVI NOTICIAS\" \/>\n<meta property=\"article:publisher\" content=\"https:\/\/www.facebook.com\/cvinoticias\" \/>\n<meta property=\"article:published_time\" content=\"2021-11-09T16:27:33+00:00\" \/>\n<meta property=\"og:image\" content=\"https:\/\/cvinoticias.com\/wp-content\/uploads\/2021\/11\/Screenshot_20211109-132059_Facebook.jpg\" \/>\n\t<meta property=\"og:image:width\" content=\"1080\" \/>\n\t<meta property=\"og:image:height\" content=\"603\" \/>\n\t<meta property=\"og:image:type\" content=\"image\/jpeg\" \/>\n<meta name=\"author\" content=\"f1000024\" \/>\n<meta name=\"twitter:card\" content=\"summary_large_image\" \/>\n<meta name=\"twitter:label1\" content=\"Escrito por\" \/>\n\t<meta name=\"twitter:data1\" content=\"f1000024\" \/>\n\t<meta name=\"twitter:label2\" content=\"Tiempo de lectura\" \/>\n\t<meta name=\"twitter:data2\" content=\"2 minutos\" \/>\n<script type=\"application\/ld+json\" class=\"yoast-schema-graph\">{\"@context\":\"https:\\\/\\\/schema.org\",\"@graph\":[{\"@type\":\"Article\",\"@id\":\"https:\\\/\\\/cvinoticias.com\\\/v3\\\/condenaron-al-ex-soldado-villar-a-prision-perpetua-por-el-femicidio-de-vilma-mercado\\\/#article\",\"isPartOf\":{\"@id\":\"https:\\\/\\\/cvinoticias.com\\\/v3\\\/condenaron-al-ex-soldado-villar-a-prision-perpetua-por-el-femicidio-de-vilma-mercado\\\/\"},\"author\":{\"name\":\"f1000024\",\"@id\":\"https:\\\/\\\/cvinoticias.com\\\/v3\\\/#\\\/schema\\\/person\\\/2db77e3c6bc03c538495d7b2b8be9b66\"},\"headline\":\"Condenaron al ex soldado Villar a prisi\u00f3n perpetua por el femicidio de Vilma Mercado\",\"datePublished\":\"2021-11-09T16:27:33+00:00\",\"mainEntityOfPage\":{\"@id\":\"https:\\\/\\\/cvinoticias.com\\\/v3\\\/condenaron-al-ex-soldado-villar-a-prision-perpetua-por-el-femicidio-de-vilma-mercado\\\/\"},\"wordCount\":438,\"commentCount\":0,\"publisher\":{\"@id\":\"https:\\\/\\\/cvinoticias.com\\\/v3\\\/#organization\"},\"image\":{\"@id\":\"https:\\\/\\\/cvinoticias.com\\\/v3\\\/condenaron-al-ex-soldado-villar-a-prision-perpetua-por-el-femicidio-de-vilma-mercado\\\/#primaryimage\"},\"thumbnailUrl\":\"https:\\\/\\\/cvinoticias.com\\\/wp-content\\\/uploads\\\/2021\\\/11\\\/Screenshot_20211109-132059_Facebook.jpg\",\"articleSection\":[\"Justicia\"],\"inLanguage\":\"es\",\"potentialAction\":[{\"@type\":\"CommentAction\",\"name\":\"Comment\",\"target\":[\"https:\\\/\\\/cvinoticias.com\\\/v3\\\/condenaron-al-ex-soldado-villar-a-prision-perpetua-por-el-femicidio-de-vilma-mercado\\\/#respond\"]}]},{\"@type\":\"WebPage\",\"@id\":\"https:\\\/\\\/cvinoticias.com\\\/v3\\\/condenaron-al-ex-soldado-villar-a-prision-perpetua-por-el-femicidio-de-vilma-mercado\\\/\",\"url\":\"https:\\\/\\\/cvinoticias.com\\\/v3\\\/condenaron-al-ex-soldado-villar-a-prision-perpetua-por-el-femicidio-de-vilma-mercado\\\/\",\"name\":\"Condenaron al ex soldado Villar a prisi\u00f3n perpetua por el femicidio de Vilma Mercado | CVI NOTICIAS\",\"isPartOf\":{\"@id\":\"https:\\\/\\\/cvinoticias.com\\\/v3\\\/#website\"},\"primaryImageOfPage\":{\"@id\":\"https:\\\/\\\/cvinoticias.com\\\/v3\\\/condenaron-al-ex-soldado-villar-a-prision-perpetua-por-el-femicidio-de-vilma-mercado\\\/#primaryimage\"},\"image\":{\"@id\":\"https:\\\/\\\/cvinoticias.com\\\/v3\\\/condenaron-al-ex-soldado-villar-a-prision-perpetua-por-el-femicidio-de-vilma-mercado\\\/#primaryimage\"},\"thumbnailUrl\":\"https:\\\/\\\/cvinoticias.com\\\/wp-content\\\/uploads\\\/2021\\\/11\\\/Screenshot_20211109-132059_Facebook.jpg\",\"datePublished\":\"2021-11-09T16:27:33+00:00\",\"breadcrumb\":{\"@id\":\"https:\\\/\\\/cvinoticias.com\\\/v3\\\/condenaron-al-ex-soldado-villar-a-prision-perpetua-por-el-femicidio-de-vilma-mercado\\\/#breadcrumb\"},\"inLanguage\":\"es\",\"potentialAction\":[{\"@type\":\"ReadAction\",\"target\":[\"https:\\\/\\\/cvinoticias.com\\\/v3\\\/condenaron-al-ex-soldado-villar-a-prision-perpetua-por-el-femicidio-de-vilma-mercado\\\/\"]}]},{\"@type\":\"ImageObject\",\"inLanguage\":\"es\",\"@id\":\"https:\\\/\\\/cvinoticias.com\\\/v3\\\/condenaron-al-ex-soldado-villar-a-prision-perpetua-por-el-femicidio-de-vilma-mercado\\\/#primaryimage\",\"url\":\"https:\\\/\\\/cvinoticias.com\\\/wp-content\\\/uploads\\\/2021\\\/11\\\/Screenshot_20211109-132059_Facebook.jpg\",\"contentUrl\":\"https:\\\/\\\/cvinoticias.com\\\/wp-content\\\/uploads\\\/2021\\\/11\\\/Screenshot_20211109-132059_Facebook.jpg\",\"width\":1080,\"height\":603},{\"@type\":\"BreadcrumbList\",\"@id\":\"https:\\\/\\\/cvinoticias.com\\\/v3\\\/condenaron-al-ex-soldado-villar-a-prision-perpetua-por-el-femicidio-de-vilma-mercado\\\/#breadcrumb\",\"itemListElement\":[{\"@type\":\"ListItem\",\"position\":1,\"name\":\"Portada\",\"item\":\"https:\\\/\\\/cvinoticias.com\\\/v3\\\/\"},{\"@type\":\"ListItem\",\"position\":2,\"name\":\"Condenaron al ex soldado Villar a prisi\u00f3n perpetua por el femicidio de Vilma Mercado\"}]},{\"@type\":\"WebSite\",\"@id\":\"https:\\\/\\\/cvinoticias.com\\\/v3\\\/#website\",\"url\":\"https:\\\/\\\/cvinoticias.com\\\/v3\\\/\",\"name\":\"CVI NOTICIAS\",\"description\":\"\",\"publisher\":{\"@id\":\"https:\\\/\\\/cvinoticias.com\\\/v3\\\/#organization\"},\"alternateName\":\"CVI\",\"potentialAction\":[{\"@type\":\"SearchAction\",\"target\":{\"@type\":\"EntryPoint\",\"urlTemplate\":\"https:\\\/\\\/cvinoticias.com\\\/v3\\\/?s={search_term_string}\"},\"query-input\":{\"@type\":\"PropertyValueSpecification\",\"valueRequired\":true,\"valueName\":\"search_term_string\"}}],\"inLanguage\":\"es\"},{\"@type\":\"Organization\",\"@id\":\"https:\\\/\\\/cvinoticias.com\\\/v3\\\/#organization\",\"name\":\"CVI NOTICIAS\",\"url\":\"https:\\\/\\\/cvinoticias.com\\\/v3\\\/\",\"logo\":{\"@type\":\"ImageObject\",\"inLanguage\":\"es\",\"@id\":\"https:\\\/\\\/cvinoticias.com\\\/v3\\\/#\\\/schema\\\/logo\\\/image\\\/\",\"url\":\"https:\\\/\\\/cvinoticias.com\\\/wp-content\\\/uploads\\\/2023\\\/04\\\/cropped-cropped-cropped-cropped-cropped-3-1.png\",\"contentUrl\":\"https:\\\/\\\/cvinoticias.com\\\/wp-content\\\/uploads\\\/2023\\\/04\\\/cropped-cropped-cropped-cropped-cropped-3-1.png\",\"width\":95,\"height\":122,\"caption\":\"CVI NOTICIAS\"},\"image\":{\"@id\":\"https:\\\/\\\/cvinoticias.com\\\/v3\\\/#\\\/schema\\\/logo\\\/image\\\/\"},\"sameAs\":[\"https:\\\/\\\/www.facebook.com\\\/cvinoticias\",\"https:\\\/\\\/www.instagram.com\\\/cvinoticias\\\/\",\"https:\\\/\\\/www.youtube.com\\\/@CVINOTICIAS\"]},{\"@type\":\"Person\",\"@id\":\"https:\\\/\\\/cvinoticias.com\\\/v3\\\/#\\\/schema\\\/person\\\/2db77e3c6bc03c538495d7b2b8be9b66\",\"name\":\"f1000024\",\"image\":{\"@type\":\"ImageObject\",\"inLanguage\":\"es\",\"@id\":\"https:\\\/\\\/secure.gravatar.com\\\/avatar\\\/d4fe7459cfc51ff5129ce1a732bbef5928568b8092d412ef95611616376bbeed?s=96&d=mm&r=g\",\"url\":\"https:\\\/\\\/secure.gravatar.com\\\/avatar\\\/d4fe7459cfc51ff5129ce1a732bbef5928568b8092d412ef95611616376bbeed?s=96&d=mm&r=g\",\"contentUrl\":\"https:\\\/\\\/secure.gravatar.com\\\/avatar\\\/d4fe7459cfc51ff5129ce1a732bbef5928568b8092d412ef95611616376bbeed?s=96&d=mm&r=g\",\"caption\":\"f1000024\"},\"url\":\"https:\\\/\\\/cvinoticias.com\\\/v3\\\/author\\\/f1000024\\\/\"}]}<\/script>\n<!-- \/ Yoast SEO plugin. -->","yoast_head_json":{"title":"Condenaron al ex soldado Villar a prisi\u00f3n perpetua por el femicidio de Vilma Mercado | CVI NOTICIAS","robots":{"index":"index","follow":"follow","max-snippet":"max-snippet:-1","max-image-preview":"max-image-preview:large","max-video-preview":"max-video-preview:-1"},"canonical":"https:\/\/cvinoticias.com\/v3\/condenaron-al-ex-soldado-villar-a-prision-perpetua-por-el-femicidio-de-vilma-mercado\/","og_locale":"es_ES","og_type":"article","og_title":"Condenaron al ex soldado Villar a prisi\u00f3n perpetua por el femicidio de Vilma Mercado | CVI NOTICIAS","og_description":"El Tribunal Penal 1 de Eldorado conden\u00f3 a prisi\u00f3n perpetua al ex soldado voluntario del Ej\u00e9rcito Argentino, Carlos Luis Leandro Villar (21 a\u00f1os), por el homicidio de la estudiante Vilma Mercado (19 a\u00f1os), hecho ocurrido el 24 de octubre de 2019 en Puerto Iguaz\u00fa. El imputado escuch\u00f3 la sentencia de los jueces v\u00eda online desde [&hellip;]","og_url":"https:\/\/cvinoticias.com\/v3\/condenaron-al-ex-soldado-villar-a-prision-perpetua-por-el-femicidio-de-vilma-mercado\/","og_site_name":"CVI NOTICIAS","article_publisher":"https:\/\/www.facebook.com\/cvinoticias","article_published_time":"2021-11-09T16:27:33+00:00","og_image":[{"width":1080,"height":603,"url":"https:\/\/cvinoticias.com\/wp-content\/uploads\/2021\/11\/Screenshot_20211109-132059_Facebook.jpg","type":"image\/jpeg"}],"author":"f1000024","twitter_card":"summary_large_image","twitter_misc":{"Escrito por":"f1000024","Tiempo de lectura":"2 minutos"},"schema":{"@context":"https:\/\/schema.org","@graph":[{"@type":"Article","@id":"https:\/\/cvinoticias.com\/v3\/condenaron-al-ex-soldado-villar-a-prision-perpetua-por-el-femicidio-de-vilma-mercado\/#article","isPartOf":{"@id":"https:\/\/cvinoticias.com\/v3\/condenaron-al-ex-soldado-villar-a-prision-perpetua-por-el-femicidio-de-vilma-mercado\/"},"author":{"name":"f1000024","@id":"https:\/\/cvinoticias.com\/v3\/#\/schema\/person\/2db77e3c6bc03c538495d7b2b8be9b66"},"headline":"Condenaron al ex soldado Villar a prisi\u00f3n perpetua por el femicidio de Vilma Mercado","datePublished":"2021-11-09T16:27:33+00:00","mainEntityOfPage":{"@id":"https:\/\/cvinoticias.com\/v3\/condenaron-al-ex-soldado-villar-a-prision-perpetua-por-el-femicidio-de-vilma-mercado\/"},"wordCount":438,"commentCount":0,"publisher":{"@id":"https:\/\/cvinoticias.com\/v3\/#organization"},"image":{"@id":"https:\/\/cvinoticias.com\/v3\/condenaron-al-ex-soldado-villar-a-prision-perpetua-por-el-femicidio-de-vilma-mercado\/#primaryimage"},"thumbnailUrl":"https:\/\/cvinoticias.com\/wp-content\/uploads\/2021\/11\/Screenshot_20211109-132059_Facebook.jpg","articleSection":["Justicia"],"inLanguage":"es","potentialAction":[{"@type":"CommentAction","name":"Comment","target":["https:\/\/cvinoticias.com\/v3\/condenaron-al-ex-soldado-villar-a-prision-perpetua-por-el-femicidio-de-vilma-mercado\/#respond"]}]},{"@type":"WebPage","@id":"https:\/\/cvinoticias.com\/v3\/condenaron-al-ex-soldado-villar-a-prision-perpetua-por-el-femicidio-de-vilma-mercado\/","url":"https:\/\/cvinoticias.com\/v3\/condenaron-al-ex-soldado-villar-a-prision-perpetua-por-el-femicidio-de-vilma-mercado\/","name":"Condenaron al ex soldado Villar a prisi\u00f3n perpetua por el femicidio de Vilma Mercado | CVI NOTICIAS","isPartOf":{"@id":"https:\/\/cvinoticias.com\/v3\/#website"},"primaryImageOfPage":{"@id":"https:\/\/cvinoticias.com\/v3\/condenaron-al-ex-soldado-villar-a-prision-perpetua-por-el-femicidio-de-vilma-mercado\/#primaryimage"},"image":{"@id":"https:\/\/cvinoticias.com\/v3\/condenaron-al-ex-soldado-villar-a-prision-perpetua-por-el-femicidio-de-vilma-mercado\/#primaryimage"},"thumbnailUrl":"https:\/\/cvinoticias.com\/wp-content\/uploads\/2021\/11\/Screenshot_20211109-132059_Facebook.jpg","datePublished":"2021-11-09T16:27:33+00:00","breadcrumb":{"@id":"https:\/\/cvinoticias.com\/v3\/condenaron-al-ex-soldado-villar-a-prision-perpetua-por-el-femicidio-de-vilma-mercado\/#breadcrumb"},"inLanguage":"es","potentialAction":[{"@type":"ReadAction","target":["https:\/\/cvinoticias.com\/v3\/condenaron-al-ex-soldado-villar-a-prision-perpetua-por-el-femicidio-de-vilma-mercado\/"]}]},{"@type":"ImageObject","inLanguage":"es","@id":"https:\/\/cvinoticias.com\/v3\/condenaron-al-ex-soldado-villar-a-prision-perpetua-por-el-femicidio-de-vilma-mercado\/#primaryimage","url":"https:\/\/cvinoticias.com\/wp-content\/uploads\/2021\/11\/Screenshot_20211109-132059_Facebook.jpg","contentUrl":"https:\/\/cvinoticias.com\/wp-content\/uploads\/2021\/11\/Screenshot_20211109-132059_Facebook.jpg","width":1080,"height":603},{"@type":"BreadcrumbList","@id":"https:\/\/cvinoticias.com\/v3\/condenaron-al-ex-soldado-villar-a-prision-perpetua-por-el-femicidio-de-vilma-mercado\/#breadcrumb","itemListElement":[{"@type":"ListItem","position":1,"name":"Portada","item":"https:\/\/cvinoticias.com\/v3\/"},{"@type":"ListItem","position":2,"name":"Condenaron al ex soldado Villar a prisi\u00f3n perpetua por el femicidio de Vilma Mercado"}]},{"@type":"WebSite","@id":"https:\/\/cvinoticias.com\/v3\/#website","url":"https:\/\/cvinoticias.com\/v3\/","name":"CVI NOTICIAS","description":"","publisher":{"@id":"https:\/\/cvinoticias.com\/v3\/#organization"},"alternateName":"CVI","potentialAction":[{"@type":"SearchAction","target":{"@type":"EntryPoint","urlTemplate":"https:\/\/cvinoticias.com\/v3\/?s={search_term_string}"},"query-input":{"@type":"PropertyValueSpecification","valueRequired":true,"valueName":"search_term_string"}}],"inLanguage":"es"},{"@type":"Organization","@id":"https:\/\/cvinoticias.com\/v3\/#organization","name":"CVI NOTICIAS","url":"https:\/\/cvinoticias.com\/v3\/","logo":{"@type":"ImageObject","inLanguage":"es","@id":"https:\/\/cvinoticias.com\/v3\/#\/schema\/logo\/image\/","url":"https:\/\/cvinoticias.com\/wp-content\/uploads\/2023\/04\/cropped-cropped-cropped-cropped-cropped-3-1.png","contentUrl":"https:\/\/cvinoticias.com\/wp-content\/uploads\/2023\/04\/cropped-cropped-cropped-cropped-cropped-3-1.png","width":95,"height":122,"caption":"CVI NOTICIAS"},"image":{"@id":"https:\/\/cvinoticias.com\/v3\/#\/schema\/logo\/image\/"},"sameAs":["https:\/\/www.facebook.com\/cvinoticias","https:\/\/www.instagram.com\/cvinoticias\/","https:\/\/www.youtube.com\/@CVINOTICIAS"]},{"@type":"Person","@id":"https:\/\/cvinoticias.com\/v3\/#\/schema\/person\/2db77e3c6bc03c538495d7b2b8be9b66","name":"f1000024","image":{"@type":"ImageObject","inLanguage":"es","@id":"https:\/\/secure.gravatar.com\/avatar\/d4fe7459cfc51ff5129ce1a732bbef5928568b8092d412ef95611616376bbeed?s=96&d=mm&r=g","url":"https:\/\/secure.gravatar.com\/avatar\/d4fe7459cfc51ff5129ce1a732bbef5928568b8092d412ef95611616376bbeed?s=96&d=mm&r=g","contentUrl":"https:\/\/secure.gravatar.com\/avatar\/d4fe7459cfc51ff5129ce1a732bbef5928568b8092d412ef95611616376bbeed?s=96&d=mm&r=g","caption":"f1000024"},"url":"https:\/\/cvinoticias.com\/v3\/author\/f1000024\/"}]}},"_links":{"self":[{"href":"https:\/\/cvinoticias.com\/v3\/wp-json\/wp\/v2\/posts\/10453","targetHints":{"allow":["GET"]}}],"collection":[{"href":"https:\/\/cvinoticias.com\/v3\/wp-json\/wp\/v2\/posts"}],"about":[{"href":"https:\/\/cvinoticias.com\/v3\/wp-json\/wp\/v2\/types\/post"}],"author":[{"embeddable":true,"href":"https:\/\/cvinoticias.com\/v3\/wp-json\/wp\/v2\/users\/2"}],"replies":[{"embeddable":true,"href":"https:\/\/cvinoticias.com\/v3\/wp-json\/wp\/v2\/comments?post=10453"}],"version-history":[{"count":1,"href":"https:\/\/cvinoticias.com\/v3\/wp-json\/wp\/v2\/posts\/10453\/revisions"}],"predecessor-version":[{"id":10457,"href":"https:\/\/cvinoticias.com\/v3\/wp-json\/wp\/v2\/posts\/10453\/revisions\/10457"}],"wp:featuredmedia":[{"embeddable":true,"href":"https:\/\/cvinoticias.com\/v3\/wp-json\/wp\/v2\/media\/10456"}],"wp:attachment":[{"href":"https:\/\/cvinoticias.com\/v3\/wp-json\/wp\/v2\/media?parent=10453"}],"wp:term":[{"taxonomy":"category","embeddable":true,"href":"https:\/\/cvinoticias.com\/v3\/wp-json\/wp\/v2\/categories?post=10453"},{"taxonomy":"post_tag","embeddable":true,"href":"https:\/\/cvinoticias.com\/v3\/wp-json\/wp\/v2\/tags?post=10453"}],"curies":[{"name":"wp","href":"https:\/\/api.w.org\/{rel}","templated":true}]}}