{"id":10444,"date":"2021-11-09T12:14:41","date_gmt":"2021-11-09T12:14:41","guid":{"rendered":"https:\/\/cvinoticias.com\/v3\/?p=10444"},"modified":"2021-11-09T12:14:41","modified_gmt":"2021-11-09T12:14:41","slug":"hoy-se-dictara-la-condena-a-leandro-villar-imputado-en-el-femicidio-de-la-joven-vilma-mercado","status":"publish","type":"post","link":"https:\/\/cvinoticias.com\/v3\/hoy-se-dictara-la-condena-a-leandro-villar-imputado-en-el-femicidio-de-la-joven-vilma-mercado\/","title":{"rendered":"Hoy se dictar\u00e1 la condena a Leandro Villar, imputado en el femicidio de la joven Vilma Mercado"},"content":{"rendered":"\n<p><strong><em>El Tribunal Penal 1 de Eldorado le dar\u00e1 al acusado por el femicidio de Vilma Mercado (19) la oportunidad de decir las \u00faltimas palabras. Afronta la posibilidad de ser condenado a perpetua<\/em><\/strong>.<\/p>\n\n\n\n<p>El soldado Leandro Villar (21)&nbsp;est\u00e1 acusado por el femicidio de la joven de 19 a\u00f1os, perpetrado el jueves 24 de octubre de 2019 en la ciudad de Puerto Iguaz\u00fa. En su alegato final, la Fiscal\u00eda pidi\u00f3 la prisi\u00f3n perpetua por los delitos de \u201cabuso sexual con acceso carnal doblemente agravado por femicidio y criminis causa, robo y homicidio agravado por placer\u201d.<\/p>\n\n\n\n<p>Por una medida exclusivamente relacionada a la seguridad la lectura de la sentencia por el femicidio de Vilma Mercado (19) se llevar\u00e1 a cabo v\u00eda plataforma virtual.&nbsp;El inicio de la audiencia est\u00e1 previsto para las 9:00 desde el Tribunal Penal 1, ubicado sobre la calle San Juan 1790, entre Am\u00e9rica y San Luis de la ciudad de Eldorado.<\/p>\n\n\n\n<p>Antes de la lectura de la sentencia&nbsp;se le dar\u00e1 al imputado Carlos Luis Leandro Villar (21) la oportunidad de decir unas \u00faltimas palabras desde la c\u00e1rcel (Unidad Penal III).&nbsp;Acto seguido los jueces pasar\u00e1n a deliberar y luego dar\u00e1n a conocer el fallo, que puede ser absolutorio o condenatorio.<\/p>\n\n\n\n<p>En el caso de ser hallado culpable y debido a la calificaci\u00f3n del hecho el acusado puede afrontar una pena de prisi\u00f3n perpetua.&nbsp;<\/p>\n\n\n\n<p>En el Tribunal unas 300 personas integrantes de Partido Obrero y otras 20 de la Agrupaci\u00f3n Feminista de Iguaz\u00fa&nbsp;comenzaron a concentrarse sobre la calle San Juan, frente al Tribunal Penal N\u00ba 1 de Eldorado en reclamo de justicia.<\/p>\n\n\n\n<p>El pasado jueves se registraron incidentes al finalizar los alegatos de las partes, donde&nbsp;el fiscal Federico Rodr\u00edguez solicit\u00f3 al Tribunal que le aplique al imputado el m\u00e1ximo monto de c\u00e1rcel que establece el C\u00f3digo Penal y por los delitos de \u201cabuso sexual con acceso carnal doblemente agravado por femicidio y criminis causa, robo y homicidio agravado por placer\u201d.<\/p>\n\n\n\n<p>La defensa en tanto y luego de argumentar ante los jueces les pidi\u00f3 que \u201cabsuelvan a su cliente por el beneficio de la duda\u201d. Estos alegatos finalizaron minutos antes del mediod\u00eda, cuando comenzaron una serie de incidentes que impidieron la salida del acusado, de su madre y de su abogado del recinto.<\/p>\n\n\n\n<p>Tras dos horas de negociaciones el presidente del Tribunal, Atilio Le\u00f3n, dialog\u00f3 con los familiares de Vilma para que estos a su vez hablaran con un grupo de manifestantes, apostados a la salida del edificio judicial. El juez logr\u00f3 calmar los \u00e1nimos para que el detenido pudiera ser trasladado nuevamente a la Unidad Penal III de Eldorado y que su defensor y sus familiares se retiren con todas las garant\u00edas de seguridad.<\/p>\n\n\n\n<p>Fuente: Primera Edici\u00f3n<\/p>\n\n\n\n<p>.<\/p>\n","protected":false},"excerpt":{"rendered":"<p>El Tribunal Penal 1 de Eldorado le dar\u00e1 al acusado por el femicidio de Vilma Mercado (19) la oportunidad de decir las \u00faltimas palabras. Afronta la posibilidad de ser condenado a perpetua. El soldado Leandro Villar (21)&nbsp;est\u00e1 acusado por el femicidio de la joven de 19 a\u00f1os, perpetrado el jueves 24 de octubre de 2019 [&hellip;]<\/p>\n","protected":false},"author":2,"featured_media":10445,"comment_status":"open","ping_status":"open","sticky":false,"template":"","format":"standard","meta":{"footnotes":""},"categories":[37],"tags":[],"class_list":["post-10444","post","type-post","status-publish","format-standard","has-post-thumbnail","hentry","category-justicia"],"yoast_head":"<!-- This site is optimized with the Yoast SEO plugin v27.4 - https:\/\/yoast.com\/product\/yoast-seo-wordpress\/ -->\n<title>Hoy se dictar\u00e1 la condena a Leandro Villar, imputado en el femicidio de la joven Vilma Mercado | CVI NOTICIAS<\/title>\n<meta name=\"robots\" content=\"index, follow, max-snippet:-1, max-image-preview:large, max-video-preview:-1\" \/>\n<link rel=\"canonical\" href=\"https:\/\/cvinoticias.com\/v3\/hoy-se-dictara-la-condena-a-leandro-villar-imputado-en-el-femicidio-de-la-joven-vilma-mercado\/\" \/>\n<meta property=\"og:locale\" content=\"es_ES\" \/>\n<meta property=\"og:type\" content=\"article\" \/>\n<meta property=\"og:title\" content=\"Hoy se dictar\u00e1 la condena a Leandro Villar, imputado en el femicidio de la joven Vilma Mercado | CVI NOTICIAS\" \/>\n<meta property=\"og:description\" content=\"El Tribunal Penal 1 de Eldorado le dar\u00e1 al acusado por el femicidio de Vilma Mercado (19) la oportunidad de decir las \u00faltimas palabras. Afronta la posibilidad de ser condenado a perpetua. El soldado Leandro Villar (21)&nbsp;est\u00e1 acusado por el femicidio de la joven de 19 a\u00f1os, perpetrado el jueves 24 de octubre de 2019 [&hellip;]\" \/>\n<meta property=\"og:url\" content=\"https:\/\/cvinoticias.com\/v3\/hoy-se-dictara-la-condena-a-leandro-villar-imputado-en-el-femicidio-de-la-joven-vilma-mercado\/\" \/>\n<meta property=\"og:site_name\" content=\"CVI NOTICIAS\" \/>\n<meta property=\"article:publisher\" content=\"https:\/\/www.facebook.com\/cvinoticias\" \/>\n<meta property=\"article:published_time\" content=\"2021-11-09T12:14:41+00:00\" \/>\n<meta property=\"og:image\" content=\"https:\/\/cvinoticias.com\/wp-content\/uploads\/2021\/11\/Screenshot_20211109-085424_Facebook.jpg\" \/>\n\t<meta property=\"og:image:width\" content=\"996\" \/>\n\t<meta property=\"og:image:height\" content=\"746\" \/>\n\t<meta property=\"og:image:type\" content=\"image\/jpeg\" \/>\n<meta name=\"author\" content=\"f1000024\" \/>\n<meta name=\"twitter:card\" content=\"summary_large_image\" \/>\n<meta name=\"twitter:label1\" content=\"Escrito por\" \/>\n\t<meta name=\"twitter:data1\" content=\"f1000024\" \/>\n\t<meta name=\"twitter:label2\" content=\"Tiempo de lectura\" \/>\n\t<meta name=\"twitter:data2\" content=\"2 minutos\" \/>\n<script type=\"application\/ld+json\" class=\"yoast-schema-graph\">{\"@context\":\"https:\\\/\\\/schema.org\",\"@graph\":[{\"@type\":\"Article\",\"@id\":\"https:\\\/\\\/cvinoticias.com\\\/v3\\\/hoy-se-dictara-la-condena-a-leandro-villar-imputado-en-el-femicidio-de-la-joven-vilma-mercado\\\/#article\",\"isPartOf\":{\"@id\":\"https:\\\/\\\/cvinoticias.com\\\/v3\\\/hoy-se-dictara-la-condena-a-leandro-villar-imputado-en-el-femicidio-de-la-joven-vilma-mercado\\\/\"},\"author\":{\"name\":\"f1000024\",\"@id\":\"https:\\\/\\\/cvinoticias.com\\\/v3\\\/#\\\/schema\\\/person\\\/2db77e3c6bc03c538495d7b2b8be9b66\"},\"headline\":\"Hoy se dictar\u00e1 la condena a Leandro Villar, imputado en el femicidio de la joven Vilma Mercado\",\"datePublished\":\"2021-11-09T12:14:41+00:00\",\"mainEntityOfPage\":{\"@id\":\"https:\\\/\\\/cvinoticias.com\\\/v3\\\/hoy-se-dictara-la-condena-a-leandro-villar-imputado-en-el-femicidio-de-la-joven-vilma-mercado\\\/\"},\"wordCount\":480,\"commentCount\":0,\"publisher\":{\"@id\":\"https:\\\/\\\/cvinoticias.com\\\/v3\\\/#organization\"},\"image\":{\"@id\":\"https:\\\/\\\/cvinoticias.com\\\/v3\\\/hoy-se-dictara-la-condena-a-leandro-villar-imputado-en-el-femicidio-de-la-joven-vilma-mercado\\\/#primaryimage\"},\"thumbnailUrl\":\"https:\\\/\\\/cvinoticias.com\\\/wp-content\\\/uploads\\\/2021\\\/11\\\/Screenshot_20211109-085424_Facebook.jpg\",\"articleSection\":[\"Justicia\"],\"inLanguage\":\"es\",\"potentialAction\":[{\"@type\":\"CommentAction\",\"name\":\"Comment\",\"target\":[\"https:\\\/\\\/cvinoticias.com\\\/v3\\\/hoy-se-dictara-la-condena-a-leandro-villar-imputado-en-el-femicidio-de-la-joven-vilma-mercado\\\/#respond\"]}]},{\"@type\":\"WebPage\",\"@id\":\"https:\\\/\\\/cvinoticias.com\\\/v3\\\/hoy-se-dictara-la-condena-a-leandro-villar-imputado-en-el-femicidio-de-la-joven-vilma-mercado\\\/\",\"url\":\"https:\\\/\\\/cvinoticias.com\\\/v3\\\/hoy-se-dictara-la-condena-a-leandro-villar-imputado-en-el-femicidio-de-la-joven-vilma-mercado\\\/\",\"name\":\"Hoy se dictar\u00e1 la condena a Leandro Villar, imputado en el femicidio de la joven Vilma Mercado | CVI NOTICIAS\",\"isPartOf\":{\"@id\":\"https:\\\/\\\/cvinoticias.com\\\/v3\\\/#website\"},\"primaryImageOfPage\":{\"@id\":\"https:\\\/\\\/cvinoticias.com\\\/v3\\\/hoy-se-dictara-la-condena-a-leandro-villar-imputado-en-el-femicidio-de-la-joven-vilma-mercado\\\/#primaryimage\"},\"image\":{\"@id\":\"https:\\\/\\\/cvinoticias.com\\\/v3\\\/hoy-se-dictara-la-condena-a-leandro-villar-imputado-en-el-femicidio-de-la-joven-vilma-mercado\\\/#primaryimage\"},\"thumbnailUrl\":\"https:\\\/\\\/cvinoticias.com\\\/wp-content\\\/uploads\\\/2021\\\/11\\\/Screenshot_20211109-085424_Facebook.jpg\",\"datePublished\":\"2021-11-09T12:14:41+00:00\",\"breadcrumb\":{\"@id\":\"https:\\\/\\\/cvinoticias.com\\\/v3\\\/hoy-se-dictara-la-condena-a-leandro-villar-imputado-en-el-femicidio-de-la-joven-vilma-mercado\\\/#breadcrumb\"},\"inLanguage\":\"es\",\"potentialAction\":[{\"@type\":\"ReadAction\",\"target\":[\"https:\\\/\\\/cvinoticias.com\\\/v3\\\/hoy-se-dictara-la-condena-a-leandro-villar-imputado-en-el-femicidio-de-la-joven-vilma-mercado\\\/\"]}]},{\"@type\":\"ImageObject\",\"inLanguage\":\"es\",\"@id\":\"https:\\\/\\\/cvinoticias.com\\\/v3\\\/hoy-se-dictara-la-condena-a-leandro-villar-imputado-en-el-femicidio-de-la-joven-vilma-mercado\\\/#primaryimage\",\"url\":\"https:\\\/\\\/cvinoticias.com\\\/wp-content\\\/uploads\\\/2021\\\/11\\\/Screenshot_20211109-085424_Facebook.jpg\",\"contentUrl\":\"https:\\\/\\\/cvinoticias.com\\\/wp-content\\\/uploads\\\/2021\\\/11\\\/Screenshot_20211109-085424_Facebook.jpg\",\"width\":996,\"height\":746},{\"@type\":\"BreadcrumbList\",\"@id\":\"https:\\\/\\\/cvinoticias.com\\\/v3\\\/hoy-se-dictara-la-condena-a-leandro-villar-imputado-en-el-femicidio-de-la-joven-vilma-mercado\\\/#breadcrumb\",\"itemListElement\":[{\"@type\":\"ListItem\",\"position\":1,\"name\":\"Portada\",\"item\":\"https:\\\/\\\/cvinoticias.com\\\/v3\\\/\"},{\"@type\":\"ListItem\",\"position\":2,\"name\":\"Hoy se dictar\u00e1 la condena a Leandro Villar, imputado en el femicidio de la joven Vilma Mercado\"}]},{\"@type\":\"WebSite\",\"@id\":\"https:\\\/\\\/cvinoticias.com\\\/v3\\\/#website\",\"url\":\"https:\\\/\\\/cvinoticias.com\\\/v3\\\/\",\"name\":\"CVI NOTICIAS\",\"description\":\"\",\"publisher\":{\"@id\":\"https:\\\/\\\/cvinoticias.com\\\/v3\\\/#organization\"},\"alternateName\":\"CVI\",\"potentialAction\":[{\"@type\":\"SearchAction\",\"target\":{\"@type\":\"EntryPoint\",\"urlTemplate\":\"https:\\\/\\\/cvinoticias.com\\\/v3\\\/?s={search_term_string}\"},\"query-input\":{\"@type\":\"PropertyValueSpecification\",\"valueRequired\":true,\"valueName\":\"search_term_string\"}}],\"inLanguage\":\"es\"},{\"@type\":\"Organization\",\"@id\":\"https:\\\/\\\/cvinoticias.com\\\/v3\\\/#organization\",\"name\":\"CVI NOTICIAS\",\"url\":\"https:\\\/\\\/cvinoticias.com\\\/v3\\\/\",\"logo\":{\"@type\":\"ImageObject\",\"inLanguage\":\"es\",\"@id\":\"https:\\\/\\\/cvinoticias.com\\\/v3\\\/#\\\/schema\\\/logo\\\/image\\\/\",\"url\":\"https:\\\/\\\/cvinoticias.com\\\/wp-content\\\/uploads\\\/2023\\\/04\\\/cropped-cropped-cropped-cropped-cropped-3-1.png\",\"contentUrl\":\"https:\\\/\\\/cvinoticias.com\\\/wp-content\\\/uploads\\\/2023\\\/04\\\/cropped-cropped-cropped-cropped-cropped-3-1.png\",\"width\":95,\"height\":122,\"caption\":\"CVI NOTICIAS\"},\"image\":{\"@id\":\"https:\\\/\\\/cvinoticias.com\\\/v3\\\/#\\\/schema\\\/logo\\\/image\\\/\"},\"sameAs\":[\"https:\\\/\\\/www.facebook.com\\\/cvinoticias\",\"https:\\\/\\\/www.instagram.com\\\/cvinoticias\\\/\",\"https:\\\/\\\/www.youtube.com\\\/@CVINOTICIAS\"]},{\"@type\":\"Person\",\"@id\":\"https:\\\/\\\/cvinoticias.com\\\/v3\\\/#\\\/schema\\\/person\\\/2db77e3c6bc03c538495d7b2b8be9b66\",\"name\":\"f1000024\",\"image\":{\"@type\":\"ImageObject\",\"inLanguage\":\"es\",\"@id\":\"https:\\\/\\\/secure.gravatar.com\\\/avatar\\\/d4fe7459cfc51ff5129ce1a732bbef5928568b8092d412ef95611616376bbeed?s=96&d=mm&r=g\",\"url\":\"https:\\\/\\\/secure.gravatar.com\\\/avatar\\\/d4fe7459cfc51ff5129ce1a732bbef5928568b8092d412ef95611616376bbeed?s=96&d=mm&r=g\",\"contentUrl\":\"https:\\\/\\\/secure.gravatar.com\\\/avatar\\\/d4fe7459cfc51ff5129ce1a732bbef5928568b8092d412ef95611616376bbeed?s=96&d=mm&r=g\",\"caption\":\"f1000024\"},\"url\":\"https:\\\/\\\/cvinoticias.com\\\/v3\\\/author\\\/f1000024\\\/\"}]}<\/script>\n<!-- \/ Yoast SEO plugin. -->","yoast_head_json":{"title":"Hoy se dictar\u00e1 la condena a Leandro Villar, imputado en el femicidio de la joven Vilma Mercado | CVI NOTICIAS","robots":{"index":"index","follow":"follow","max-snippet":"max-snippet:-1","max-image-preview":"max-image-preview:large","max-video-preview":"max-video-preview:-1"},"canonical":"https:\/\/cvinoticias.com\/v3\/hoy-se-dictara-la-condena-a-leandro-villar-imputado-en-el-femicidio-de-la-joven-vilma-mercado\/","og_locale":"es_ES","og_type":"article","og_title":"Hoy se dictar\u00e1 la condena a Leandro Villar, imputado en el femicidio de la joven Vilma Mercado | CVI NOTICIAS","og_description":"El Tribunal Penal 1 de Eldorado le dar\u00e1 al acusado por el femicidio de Vilma Mercado (19) la oportunidad de decir las \u00faltimas palabras. Afronta la posibilidad de ser condenado a perpetua. El soldado Leandro Villar (21)&nbsp;est\u00e1 acusado por el femicidio de la joven de 19 a\u00f1os, perpetrado el jueves 24 de octubre de 2019 [&hellip;]","og_url":"https:\/\/cvinoticias.com\/v3\/hoy-se-dictara-la-condena-a-leandro-villar-imputado-en-el-femicidio-de-la-joven-vilma-mercado\/","og_site_name":"CVI NOTICIAS","article_publisher":"https:\/\/www.facebook.com\/cvinoticias","article_published_time":"2021-11-09T12:14:41+00:00","og_image":[{"width":996,"height":746,"url":"https:\/\/cvinoticias.com\/wp-content\/uploads\/2021\/11\/Screenshot_20211109-085424_Facebook.jpg","type":"image\/jpeg"}],"author":"f1000024","twitter_card":"summary_large_image","twitter_misc":{"Escrito por":"f1000024","Tiempo de lectura":"2 minutos"},"schema":{"@context":"https:\/\/schema.org","@graph":[{"@type":"Article","@id":"https:\/\/cvinoticias.com\/v3\/hoy-se-dictara-la-condena-a-leandro-villar-imputado-en-el-femicidio-de-la-joven-vilma-mercado\/#article","isPartOf":{"@id":"https:\/\/cvinoticias.com\/v3\/hoy-se-dictara-la-condena-a-leandro-villar-imputado-en-el-femicidio-de-la-joven-vilma-mercado\/"},"author":{"name":"f1000024","@id":"https:\/\/cvinoticias.com\/v3\/#\/schema\/person\/2db77e3c6bc03c538495d7b2b8be9b66"},"headline":"Hoy se dictar\u00e1 la condena a Leandro Villar, imputado en el femicidio de la joven Vilma Mercado","datePublished":"2021-11-09T12:14:41+00:00","mainEntityOfPage":{"@id":"https:\/\/cvinoticias.com\/v3\/hoy-se-dictara-la-condena-a-leandro-villar-imputado-en-el-femicidio-de-la-joven-vilma-mercado\/"},"wordCount":480,"commentCount":0,"publisher":{"@id":"https:\/\/cvinoticias.com\/v3\/#organization"},"image":{"@id":"https:\/\/cvinoticias.com\/v3\/hoy-se-dictara-la-condena-a-leandro-villar-imputado-en-el-femicidio-de-la-joven-vilma-mercado\/#primaryimage"},"thumbnailUrl":"https:\/\/cvinoticias.com\/wp-content\/uploads\/2021\/11\/Screenshot_20211109-085424_Facebook.jpg","articleSection":["Justicia"],"inLanguage":"es","potentialAction":[{"@type":"CommentAction","name":"Comment","target":["https:\/\/cvinoticias.com\/v3\/hoy-se-dictara-la-condena-a-leandro-villar-imputado-en-el-femicidio-de-la-joven-vilma-mercado\/#respond"]}]},{"@type":"WebPage","@id":"https:\/\/cvinoticias.com\/v3\/hoy-se-dictara-la-condena-a-leandro-villar-imputado-en-el-femicidio-de-la-joven-vilma-mercado\/","url":"https:\/\/cvinoticias.com\/v3\/hoy-se-dictara-la-condena-a-leandro-villar-imputado-en-el-femicidio-de-la-joven-vilma-mercado\/","name":"Hoy se dictar\u00e1 la condena a Leandro Villar, imputado en el femicidio de la joven Vilma Mercado | CVI NOTICIAS","isPartOf":{"@id":"https:\/\/cvinoticias.com\/v3\/#website"},"primaryImageOfPage":{"@id":"https:\/\/cvinoticias.com\/v3\/hoy-se-dictara-la-condena-a-leandro-villar-imputado-en-el-femicidio-de-la-joven-vilma-mercado\/#primaryimage"},"image":{"@id":"https:\/\/cvinoticias.com\/v3\/hoy-se-dictara-la-condena-a-leandro-villar-imputado-en-el-femicidio-de-la-joven-vilma-mercado\/#primaryimage"},"thumbnailUrl":"https:\/\/cvinoticias.com\/wp-content\/uploads\/2021\/11\/Screenshot_20211109-085424_Facebook.jpg","datePublished":"2021-11-09T12:14:41+00:00","breadcrumb":{"@id":"https:\/\/cvinoticias.com\/v3\/hoy-se-dictara-la-condena-a-leandro-villar-imputado-en-el-femicidio-de-la-joven-vilma-mercado\/#breadcrumb"},"inLanguage":"es","potentialAction":[{"@type":"ReadAction","target":["https:\/\/cvinoticias.com\/v3\/hoy-se-dictara-la-condena-a-leandro-villar-imputado-en-el-femicidio-de-la-joven-vilma-mercado\/"]}]},{"@type":"ImageObject","inLanguage":"es","@id":"https:\/\/cvinoticias.com\/v3\/hoy-se-dictara-la-condena-a-leandro-villar-imputado-en-el-femicidio-de-la-joven-vilma-mercado\/#primaryimage","url":"https:\/\/cvinoticias.com\/wp-content\/uploads\/2021\/11\/Screenshot_20211109-085424_Facebook.jpg","contentUrl":"https:\/\/cvinoticias.com\/wp-content\/uploads\/2021\/11\/Screenshot_20211109-085424_Facebook.jpg","width":996,"height":746},{"@type":"BreadcrumbList","@id":"https:\/\/cvinoticias.com\/v3\/hoy-se-dictara-la-condena-a-leandro-villar-imputado-en-el-femicidio-de-la-joven-vilma-mercado\/#breadcrumb","itemListElement":[{"@type":"ListItem","position":1,"name":"Portada","item":"https:\/\/cvinoticias.com\/v3\/"},{"@type":"ListItem","position":2,"name":"Hoy se dictar\u00e1 la condena a Leandro Villar, imputado en el femicidio de la joven Vilma Mercado"}]},{"@type":"WebSite","@id":"https:\/\/cvinoticias.com\/v3\/#website","url":"https:\/\/cvinoticias.com\/v3\/","name":"CVI NOTICIAS","description":"","publisher":{"@id":"https:\/\/cvinoticias.com\/v3\/#organization"},"alternateName":"CVI","potentialAction":[{"@type":"SearchAction","target":{"@type":"EntryPoint","urlTemplate":"https:\/\/cvinoticias.com\/v3\/?s={search_term_string}"},"query-input":{"@type":"PropertyValueSpecification","valueRequired":true,"valueName":"search_term_string"}}],"inLanguage":"es"},{"@type":"Organization","@id":"https:\/\/cvinoticias.com\/v3\/#organization","name":"CVI NOTICIAS","url":"https:\/\/cvinoticias.com\/v3\/","logo":{"@type":"ImageObject","inLanguage":"es","@id":"https:\/\/cvinoticias.com\/v3\/#\/schema\/logo\/image\/","url":"https:\/\/cvinoticias.com\/wp-content\/uploads\/2023\/04\/cropped-cropped-cropped-cropped-cropped-3-1.png","contentUrl":"https:\/\/cvinoticias.com\/wp-content\/uploads\/2023\/04\/cropped-cropped-cropped-cropped-cropped-3-1.png","width":95,"height":122,"caption":"CVI NOTICIAS"},"image":{"@id":"https:\/\/cvinoticias.com\/v3\/#\/schema\/logo\/image\/"},"sameAs":["https:\/\/www.facebook.com\/cvinoticias","https:\/\/www.instagram.com\/cvinoticias\/","https:\/\/www.youtube.com\/@CVINOTICIAS"]},{"@type":"Person","@id":"https:\/\/cvinoticias.com\/v3\/#\/schema\/person\/2db77e3c6bc03c538495d7b2b8be9b66","name":"f1000024","image":{"@type":"ImageObject","inLanguage":"es","@id":"https:\/\/secure.gravatar.com\/avatar\/d4fe7459cfc51ff5129ce1a732bbef5928568b8092d412ef95611616376bbeed?s=96&d=mm&r=g","url":"https:\/\/secure.gravatar.com\/avatar\/d4fe7459cfc51ff5129ce1a732bbef5928568b8092d412ef95611616376bbeed?s=96&d=mm&r=g","contentUrl":"https:\/\/secure.gravatar.com\/avatar\/d4fe7459cfc51ff5129ce1a732bbef5928568b8092d412ef95611616376bbeed?s=96&d=mm&r=g","caption":"f1000024"},"url":"https:\/\/cvinoticias.com\/v3\/author\/f1000024\/"}]}},"_links":{"self":[{"href":"https:\/\/cvinoticias.com\/v3\/wp-json\/wp\/v2\/posts\/10444","targetHints":{"allow":["GET"]}}],"collection":[{"href":"https:\/\/cvinoticias.com\/v3\/wp-json\/wp\/v2\/posts"}],"about":[{"href":"https:\/\/cvinoticias.com\/v3\/wp-json\/wp\/v2\/types\/post"}],"author":[{"embeddable":true,"href":"https:\/\/cvinoticias.com\/v3\/wp-json\/wp\/v2\/users\/2"}],"replies":[{"embeddable":true,"href":"https:\/\/cvinoticias.com\/v3\/wp-json\/wp\/v2\/comments?post=10444"}],"version-history":[{"count":1,"href":"https:\/\/cvinoticias.com\/v3\/wp-json\/wp\/v2\/posts\/10444\/revisions"}],"predecessor-version":[{"id":10446,"href":"https:\/\/cvinoticias.com\/v3\/wp-json\/wp\/v2\/posts\/10444\/revisions\/10446"}],"wp:featuredmedia":[{"embeddable":true,"href":"https:\/\/cvinoticias.com\/v3\/wp-json\/wp\/v2\/media\/10445"}],"wp:attachment":[{"href":"https:\/\/cvinoticias.com\/v3\/wp-json\/wp\/v2\/media?parent=10444"}],"wp:term":[{"taxonomy":"category","embeddable":true,"href":"https:\/\/cvinoticias.com\/v3\/wp-json\/wp\/v2\/categories?post=10444"},{"taxonomy":"post_tag","embeddable":true,"href":"https:\/\/cvinoticias.com\/v3\/wp-json\/wp\/v2\/tags?post=10444"}],"curies":[{"name":"wp","href":"https:\/\/api.w.org\/{rel}","templated":true}]}}