{"id":10425,"date":"2021-11-08T15:54:59","date_gmt":"2021-11-08T15:54:59","guid":{"rendered":"https:\/\/cvinoticias.com\/v3\/?p=10425"},"modified":"2021-11-08T15:54:59","modified_gmt":"2021-11-08T15:54:59","slug":"la-ruta-del-diseno-misionero-tiene-nueva-embajadora-luciana-villalba","status":"publish","type":"post","link":"https:\/\/cvinoticias.com\/v3\/la-ruta-del-diseno-misionero-tiene-nueva-embajadora-luciana-villalba\/","title":{"rendered":"La Ruta del Dise\u00f1o Misionero tiene nueva embajadora, Luciana Villalba"},"content":{"rendered":"\n<p><em><strong>Este domingo, en la final del concurso de la Ruta del Dise\u00f1o Misionero, realizada en el Hito de las Tres Fronteras en el marco de los festejos por el Cataratas Day, fue coronada como nueva embajadora Luciana Villalba qui\u00e9n cautiv\u00f3 al jurado con su colecci\u00f3n inspirada en el Camino Jesuita, con su marca Abva. Tras su consagraci\u00f3n, la misma tendr\u00e1 la oportunidad de participar del Argentina Fashion Week.<\/strong><\/em><\/p>\n\n\n\n<p>Se cumplieron 10 a\u00f1os desde que las Cataratas del Iguaz\u00fa se convirtieron en la s\u00e9ptima maravilla del mundo y en ese marco se realiz\u00f3 el evento que uni\u00f3 moda, identidad misionera, cultura y turismo potenciando los talentos de los mejores 12 exponentes misioneros de la industria de la moda quienes pusieron a disposici\u00f3n del p\u00fablico, y a consideraci\u00f3n de un prestigioso jurado, sus mejores creaciones, inspiradas en el Camino Jesuita.<\/p>\n\n\n\n<figure class=\"wp-block-image size-large\"><a href=\"https:\/\/cvinoticias.com\/wp-content\/uploads\/2021\/11\/IMG-20211108-WA0055.jpg\"><img decoding=\"async\" width=\"768\" height=\"1024\" data-src=\"https:\/\/cvinoticias.com\/wp-content\/uploads\/2021\/11\/IMG-20211108-WA0055-768x1024.jpg\" alt=\"\" class=\"wp-image-10427 lazyload\" data-srcset=\"https:\/\/cvinoticias.com\/wp-content\/uploads\/2021\/11\/IMG-20211108-WA0055-768x1024.jpg 768w, https:\/\/cvinoticias.com\/wp-content\/uploads\/2021\/11\/IMG-20211108-WA0055-225x300.jpg 225w, https:\/\/cvinoticias.com\/wp-content\/uploads\/2021\/11\/IMG-20211108-WA0055-1152x1536.jpg 1152w, https:\/\/cvinoticias.com\/wp-content\/uploads\/2021\/11\/IMG-20211108-WA0055.jpg 1200w\" data-sizes=\"(max-width: 768px) 100vw, 768px\" src=\"data:image\/svg+xml;base64,PHN2ZyB3aWR0aD0iMSIgaGVpZ2h0PSIxIiB4bWxucz0iaHR0cDovL3d3dy53My5vcmcvMjAwMC9zdmciPjwvc3ZnPg==\" style=\"--smush-placeholder-width: 768px; --smush-placeholder-aspect-ratio: 768\/1024;\" \/><\/a><\/figure>\n","protected":false},"excerpt":{"rendered":"<p>Este domingo, en la final del concurso de la Ruta del Dise\u00f1o Misionero, realizada en el Hito de las Tres Fronteras en el marco de los festejos por el Cataratas Day, fue coronada como nueva embajadora Luciana Villalba qui\u00e9n cautiv\u00f3 al jurado con su colecci\u00f3n inspirada en el Camino Jesuita, con su marca Abva. Tras [&hellip;]<\/p>\n","protected":false},"author":2,"featured_media":10426,"comment_status":"open","ping_status":"open","sticky":false,"template":"","format":"standard","meta":{"footnotes":""},"categories":[50],"tags":[],"class_list":["post-10425","post","type-post","status-publish","format-standard","has-post-thumbnail","hentry","category-turismo"],"yoast_head":"<!-- This site is optimized with the Yoast SEO plugin v27.5 - https:\/\/yoast.com\/product\/yoast-seo-wordpress\/ -->\n<title>La Ruta del Dise\u00f1o Misionero tiene nueva embajadora, Luciana Villalba | CVI NOTICIAS<\/title>\n<meta name=\"robots\" content=\"index, follow, max-snippet:-1, max-image-preview:large, max-video-preview:-1\" \/>\n<link rel=\"canonical\" href=\"https:\/\/cvinoticias.com\/v3\/la-ruta-del-diseno-misionero-tiene-nueva-embajadora-luciana-villalba\/\" \/>\n<meta property=\"og:locale\" content=\"es_ES\" \/>\n<meta property=\"og:type\" content=\"article\" \/>\n<meta property=\"og:title\" content=\"La Ruta del Dise\u00f1o Misionero tiene nueva embajadora, Luciana Villalba | CVI NOTICIAS\" \/>\n<meta property=\"og:description\" content=\"Este domingo, en la final del concurso de la Ruta del Dise\u00f1o Misionero, realizada en el Hito de las Tres Fronteras en el marco de los festejos por el Cataratas Day, fue coronada como nueva embajadora Luciana Villalba qui\u00e9n cautiv\u00f3 al jurado con su colecci\u00f3n inspirada en el Camino Jesuita, con su marca Abva. Tras [&hellip;]\" \/>\n<meta property=\"og:url\" content=\"https:\/\/cvinoticias.com\/v3\/la-ruta-del-diseno-misionero-tiene-nueva-embajadora-luciana-villalba\/\" \/>\n<meta property=\"og:site_name\" content=\"CVI NOTICIAS\" \/>\n<meta property=\"article:publisher\" content=\"https:\/\/www.facebook.com\/cvinoticias\" \/>\n<meta property=\"article:published_time\" content=\"2021-11-08T15:54:59+00:00\" \/>\n<meta property=\"og:image\" content=\"https:\/\/cvinoticias.com\/wp-content\/uploads\/2021\/11\/IMG-20211108-WA0054.jpg\" \/>\n\t<meta property=\"og:image:width\" content=\"1200\" \/>\n\t<meta property=\"og:image:height\" content=\"1600\" \/>\n\t<meta property=\"og:image:type\" content=\"image\/jpeg\" \/>\n<meta name=\"author\" content=\"f1000024\" \/>\n<meta name=\"twitter:card\" content=\"summary_large_image\" \/>\n<meta name=\"twitter:label1\" content=\"Escrito por\" \/>\n\t<meta name=\"twitter:data1\" content=\"f1000024\" \/>\n\t<meta name=\"twitter:label2\" content=\"Tiempo de lectura\" \/>\n\t<meta name=\"twitter:data2\" content=\"1 minuto\" \/>\n<script type=\"application\/ld+json\" class=\"yoast-schema-graph\">{\"@context\":\"https:\\\/\\\/schema.org\",\"@graph\":[{\"@type\":\"Article\",\"@id\":\"https:\\\/\\\/cvinoticias.com\\\/v3\\\/la-ruta-del-diseno-misionero-tiene-nueva-embajadora-luciana-villalba\\\/#article\",\"isPartOf\":{\"@id\":\"https:\\\/\\\/cvinoticias.com\\\/v3\\\/la-ruta-del-diseno-misionero-tiene-nueva-embajadora-luciana-villalba\\\/\"},\"author\":{\"name\":\"f1000024\",\"@id\":\"https:\\\/\\\/cvinoticias.com\\\/v3\\\/#\\\/schema\\\/person\\\/2db77e3c6bc03c538495d7b2b8be9b66\"},\"headline\":\"La Ruta del Dise\u00f1o Misionero tiene nueva embajadora, Luciana Villalba\",\"datePublished\":\"2021-11-08T15:54:59+00:00\",\"mainEntityOfPage\":{\"@id\":\"https:\\\/\\\/cvinoticias.com\\\/v3\\\/la-ruta-del-diseno-misionero-tiene-nueva-embajadora-luciana-villalba\\\/\"},\"wordCount\":156,\"commentCount\":0,\"publisher\":{\"@id\":\"https:\\\/\\\/cvinoticias.com\\\/v3\\\/#organization\"},\"image\":{\"@id\":\"https:\\\/\\\/cvinoticias.com\\\/v3\\\/la-ruta-del-diseno-misionero-tiene-nueva-embajadora-luciana-villalba\\\/#primaryimage\"},\"thumbnailUrl\":\"https:\\\/\\\/cvinoticias.com\\\/wp-content\\\/uploads\\\/2021\\\/11\\\/IMG-20211108-WA0054.jpg\",\"articleSection\":[\"Turismo\"],\"inLanguage\":\"es\",\"potentialAction\":[{\"@type\":\"CommentAction\",\"name\":\"Comment\",\"target\":[\"https:\\\/\\\/cvinoticias.com\\\/v3\\\/la-ruta-del-diseno-misionero-tiene-nueva-embajadora-luciana-villalba\\\/#respond\"]}]},{\"@type\":\"WebPage\",\"@id\":\"https:\\\/\\\/cvinoticias.com\\\/v3\\\/la-ruta-del-diseno-misionero-tiene-nueva-embajadora-luciana-villalba\\\/\",\"url\":\"https:\\\/\\\/cvinoticias.com\\\/v3\\\/la-ruta-del-diseno-misionero-tiene-nueva-embajadora-luciana-villalba\\\/\",\"name\":\"La Ruta del Dise\u00f1o Misionero tiene nueva embajadora, Luciana Villalba | CVI NOTICIAS\",\"isPartOf\":{\"@id\":\"https:\\\/\\\/cvinoticias.com\\\/v3\\\/#website\"},\"primaryImageOfPage\":{\"@id\":\"https:\\\/\\\/cvinoticias.com\\\/v3\\\/la-ruta-del-diseno-misionero-tiene-nueva-embajadora-luciana-villalba\\\/#primaryimage\"},\"image\":{\"@id\":\"https:\\\/\\\/cvinoticias.com\\\/v3\\\/la-ruta-del-diseno-misionero-tiene-nueva-embajadora-luciana-villalba\\\/#primaryimage\"},\"thumbnailUrl\":\"https:\\\/\\\/cvinoticias.com\\\/wp-content\\\/uploads\\\/2021\\\/11\\\/IMG-20211108-WA0054.jpg\",\"datePublished\":\"2021-11-08T15:54:59+00:00\",\"breadcrumb\":{\"@id\":\"https:\\\/\\\/cvinoticias.com\\\/v3\\\/la-ruta-del-diseno-misionero-tiene-nueva-embajadora-luciana-villalba\\\/#breadcrumb\"},\"inLanguage\":\"es\",\"potentialAction\":[{\"@type\":\"ReadAction\",\"target\":[\"https:\\\/\\\/cvinoticias.com\\\/v3\\\/la-ruta-del-diseno-misionero-tiene-nueva-embajadora-luciana-villalba\\\/\"]}]},{\"@type\":\"ImageObject\",\"inLanguage\":\"es\",\"@id\":\"https:\\\/\\\/cvinoticias.com\\\/v3\\\/la-ruta-del-diseno-misionero-tiene-nueva-embajadora-luciana-villalba\\\/#primaryimage\",\"url\":\"https:\\\/\\\/cvinoticias.com\\\/wp-content\\\/uploads\\\/2021\\\/11\\\/IMG-20211108-WA0054.jpg\",\"contentUrl\":\"https:\\\/\\\/cvinoticias.com\\\/wp-content\\\/uploads\\\/2021\\\/11\\\/IMG-20211108-WA0054.jpg\",\"width\":1200,\"height\":1600},{\"@type\":\"BreadcrumbList\",\"@id\":\"https:\\\/\\\/cvinoticias.com\\\/v3\\\/la-ruta-del-diseno-misionero-tiene-nueva-embajadora-luciana-villalba\\\/#breadcrumb\",\"itemListElement\":[{\"@type\":\"ListItem\",\"position\":1,\"name\":\"Portada\",\"item\":\"https:\\\/\\\/cvinoticias.com\\\/v3\\\/\"},{\"@type\":\"ListItem\",\"position\":2,\"name\":\"La Ruta del Dise\u00f1o Misionero tiene nueva embajadora, Luciana Villalba\"}]},{\"@type\":\"WebSite\",\"@id\":\"https:\\\/\\\/cvinoticias.com\\\/v3\\\/#website\",\"url\":\"https:\\\/\\\/cvinoticias.com\\\/v3\\\/\",\"name\":\"CVI NOTICIAS\",\"description\":\"\",\"publisher\":{\"@id\":\"https:\\\/\\\/cvinoticias.com\\\/v3\\\/#organization\"},\"alternateName\":\"CVI\",\"potentialAction\":[{\"@type\":\"SearchAction\",\"target\":{\"@type\":\"EntryPoint\",\"urlTemplate\":\"https:\\\/\\\/cvinoticias.com\\\/v3\\\/?s={search_term_string}\"},\"query-input\":{\"@type\":\"PropertyValueSpecification\",\"valueRequired\":true,\"valueName\":\"search_term_string\"}}],\"inLanguage\":\"es\"},{\"@type\":\"Organization\",\"@id\":\"https:\\\/\\\/cvinoticias.com\\\/v3\\\/#organization\",\"name\":\"CVI NOTICIAS\",\"url\":\"https:\\\/\\\/cvinoticias.com\\\/v3\\\/\",\"logo\":{\"@type\":\"ImageObject\",\"inLanguage\":\"es\",\"@id\":\"https:\\\/\\\/cvinoticias.com\\\/v3\\\/#\\\/schema\\\/logo\\\/image\\\/\",\"url\":\"https:\\\/\\\/cvinoticias.com\\\/wp-content\\\/uploads\\\/2023\\\/04\\\/cropped-cropped-cropped-cropped-cropped-3-1.png\",\"contentUrl\":\"https:\\\/\\\/cvinoticias.com\\\/wp-content\\\/uploads\\\/2023\\\/04\\\/cropped-cropped-cropped-cropped-cropped-3-1.png\",\"width\":95,\"height\":122,\"caption\":\"CVI NOTICIAS\"},\"image\":{\"@id\":\"https:\\\/\\\/cvinoticias.com\\\/v3\\\/#\\\/schema\\\/logo\\\/image\\\/\"},\"sameAs\":[\"https:\\\/\\\/www.facebook.com\\\/cvinoticias\",\"https:\\\/\\\/www.instagram.com\\\/cvinoticias\\\/\",\"https:\\\/\\\/www.youtube.com\\\/@CVINOTICIAS\"]},{\"@type\":\"Person\",\"@id\":\"https:\\\/\\\/cvinoticias.com\\\/v3\\\/#\\\/schema\\\/person\\\/2db77e3c6bc03c538495d7b2b8be9b66\",\"name\":\"f1000024\",\"image\":{\"@type\":\"ImageObject\",\"inLanguage\":\"es\",\"@id\":\"https:\\\/\\\/secure.gravatar.com\\\/avatar\\\/d4fe7459cfc51ff5129ce1a732bbef5928568b8092d412ef95611616376bbeed?s=96&d=mm&r=g\",\"url\":\"https:\\\/\\\/secure.gravatar.com\\\/avatar\\\/d4fe7459cfc51ff5129ce1a732bbef5928568b8092d412ef95611616376bbeed?s=96&d=mm&r=g\",\"contentUrl\":\"https:\\\/\\\/secure.gravatar.com\\\/avatar\\\/d4fe7459cfc51ff5129ce1a732bbef5928568b8092d412ef95611616376bbeed?s=96&d=mm&r=g\",\"caption\":\"f1000024\"},\"url\":\"https:\\\/\\\/cvinoticias.com\\\/v3\\\/author\\\/f1000024\\\/\"}]}<\/script>\n<!-- \/ Yoast SEO plugin. -->","yoast_head_json":{"title":"La Ruta del Dise\u00f1o Misionero tiene nueva embajadora, Luciana Villalba | CVI NOTICIAS","robots":{"index":"index","follow":"follow","max-snippet":"max-snippet:-1","max-image-preview":"max-image-preview:large","max-video-preview":"max-video-preview:-1"},"canonical":"https:\/\/cvinoticias.com\/v3\/la-ruta-del-diseno-misionero-tiene-nueva-embajadora-luciana-villalba\/","og_locale":"es_ES","og_type":"article","og_title":"La Ruta del Dise\u00f1o Misionero tiene nueva embajadora, Luciana Villalba | CVI NOTICIAS","og_description":"Este domingo, en la final del concurso de la Ruta del Dise\u00f1o Misionero, realizada en el Hito de las Tres Fronteras en el marco de los festejos por el Cataratas Day, fue coronada como nueva embajadora Luciana Villalba qui\u00e9n cautiv\u00f3 al jurado con su colecci\u00f3n inspirada en el Camino Jesuita, con su marca Abva. Tras [&hellip;]","og_url":"https:\/\/cvinoticias.com\/v3\/la-ruta-del-diseno-misionero-tiene-nueva-embajadora-luciana-villalba\/","og_site_name":"CVI NOTICIAS","article_publisher":"https:\/\/www.facebook.com\/cvinoticias","article_published_time":"2021-11-08T15:54:59+00:00","og_image":[{"width":1200,"height":1600,"url":"https:\/\/cvinoticias.com\/wp-content\/uploads\/2021\/11\/IMG-20211108-WA0054.jpg","type":"image\/jpeg"}],"author":"f1000024","twitter_card":"summary_large_image","twitter_misc":{"Escrito por":"f1000024","Tiempo de lectura":"1 minuto"},"schema":{"@context":"https:\/\/schema.org","@graph":[{"@type":"Article","@id":"https:\/\/cvinoticias.com\/v3\/la-ruta-del-diseno-misionero-tiene-nueva-embajadora-luciana-villalba\/#article","isPartOf":{"@id":"https:\/\/cvinoticias.com\/v3\/la-ruta-del-diseno-misionero-tiene-nueva-embajadora-luciana-villalba\/"},"author":{"name":"f1000024","@id":"https:\/\/cvinoticias.com\/v3\/#\/schema\/person\/2db77e3c6bc03c538495d7b2b8be9b66"},"headline":"La Ruta del Dise\u00f1o Misionero tiene nueva embajadora, Luciana Villalba","datePublished":"2021-11-08T15:54:59+00:00","mainEntityOfPage":{"@id":"https:\/\/cvinoticias.com\/v3\/la-ruta-del-diseno-misionero-tiene-nueva-embajadora-luciana-villalba\/"},"wordCount":156,"commentCount":0,"publisher":{"@id":"https:\/\/cvinoticias.com\/v3\/#organization"},"image":{"@id":"https:\/\/cvinoticias.com\/v3\/la-ruta-del-diseno-misionero-tiene-nueva-embajadora-luciana-villalba\/#primaryimage"},"thumbnailUrl":"https:\/\/cvinoticias.com\/wp-content\/uploads\/2021\/11\/IMG-20211108-WA0054.jpg","articleSection":["Turismo"],"inLanguage":"es","potentialAction":[{"@type":"CommentAction","name":"Comment","target":["https:\/\/cvinoticias.com\/v3\/la-ruta-del-diseno-misionero-tiene-nueva-embajadora-luciana-villalba\/#respond"]}]},{"@type":"WebPage","@id":"https:\/\/cvinoticias.com\/v3\/la-ruta-del-diseno-misionero-tiene-nueva-embajadora-luciana-villalba\/","url":"https:\/\/cvinoticias.com\/v3\/la-ruta-del-diseno-misionero-tiene-nueva-embajadora-luciana-villalba\/","name":"La Ruta del Dise\u00f1o Misionero tiene nueva embajadora, Luciana Villalba | CVI NOTICIAS","isPartOf":{"@id":"https:\/\/cvinoticias.com\/v3\/#website"},"primaryImageOfPage":{"@id":"https:\/\/cvinoticias.com\/v3\/la-ruta-del-diseno-misionero-tiene-nueva-embajadora-luciana-villalba\/#primaryimage"},"image":{"@id":"https:\/\/cvinoticias.com\/v3\/la-ruta-del-diseno-misionero-tiene-nueva-embajadora-luciana-villalba\/#primaryimage"},"thumbnailUrl":"https:\/\/cvinoticias.com\/wp-content\/uploads\/2021\/11\/IMG-20211108-WA0054.jpg","datePublished":"2021-11-08T15:54:59+00:00","breadcrumb":{"@id":"https:\/\/cvinoticias.com\/v3\/la-ruta-del-diseno-misionero-tiene-nueva-embajadora-luciana-villalba\/#breadcrumb"},"inLanguage":"es","potentialAction":[{"@type":"ReadAction","target":["https:\/\/cvinoticias.com\/v3\/la-ruta-del-diseno-misionero-tiene-nueva-embajadora-luciana-villalba\/"]}]},{"@type":"ImageObject","inLanguage":"es","@id":"https:\/\/cvinoticias.com\/v3\/la-ruta-del-diseno-misionero-tiene-nueva-embajadora-luciana-villalba\/#primaryimage","url":"https:\/\/cvinoticias.com\/wp-content\/uploads\/2021\/11\/IMG-20211108-WA0054.jpg","contentUrl":"https:\/\/cvinoticias.com\/wp-content\/uploads\/2021\/11\/IMG-20211108-WA0054.jpg","width":1200,"height":1600},{"@type":"BreadcrumbList","@id":"https:\/\/cvinoticias.com\/v3\/la-ruta-del-diseno-misionero-tiene-nueva-embajadora-luciana-villalba\/#breadcrumb","itemListElement":[{"@type":"ListItem","position":1,"name":"Portada","item":"https:\/\/cvinoticias.com\/v3\/"},{"@type":"ListItem","position":2,"name":"La Ruta del Dise\u00f1o Misionero tiene nueva embajadora, Luciana Villalba"}]},{"@type":"WebSite","@id":"https:\/\/cvinoticias.com\/v3\/#website","url":"https:\/\/cvinoticias.com\/v3\/","name":"CVI NOTICIAS","description":"","publisher":{"@id":"https:\/\/cvinoticias.com\/v3\/#organization"},"alternateName":"CVI","potentialAction":[{"@type":"SearchAction","target":{"@type":"EntryPoint","urlTemplate":"https:\/\/cvinoticias.com\/v3\/?s={search_term_string}"},"query-input":{"@type":"PropertyValueSpecification","valueRequired":true,"valueName":"search_term_string"}}],"inLanguage":"es"},{"@type":"Organization","@id":"https:\/\/cvinoticias.com\/v3\/#organization","name":"CVI NOTICIAS","url":"https:\/\/cvinoticias.com\/v3\/","logo":{"@type":"ImageObject","inLanguage":"es","@id":"https:\/\/cvinoticias.com\/v3\/#\/schema\/logo\/image\/","url":"https:\/\/cvinoticias.com\/wp-content\/uploads\/2023\/04\/cropped-cropped-cropped-cropped-cropped-3-1.png","contentUrl":"https:\/\/cvinoticias.com\/wp-content\/uploads\/2023\/04\/cropped-cropped-cropped-cropped-cropped-3-1.png","width":95,"height":122,"caption":"CVI NOTICIAS"},"image":{"@id":"https:\/\/cvinoticias.com\/v3\/#\/schema\/logo\/image\/"},"sameAs":["https:\/\/www.facebook.com\/cvinoticias","https:\/\/www.instagram.com\/cvinoticias\/","https:\/\/www.youtube.com\/@CVINOTICIAS"]},{"@type":"Person","@id":"https:\/\/cvinoticias.com\/v3\/#\/schema\/person\/2db77e3c6bc03c538495d7b2b8be9b66","name":"f1000024","image":{"@type":"ImageObject","inLanguage":"es","@id":"https:\/\/secure.gravatar.com\/avatar\/d4fe7459cfc51ff5129ce1a732bbef5928568b8092d412ef95611616376bbeed?s=96&d=mm&r=g","url":"https:\/\/secure.gravatar.com\/avatar\/d4fe7459cfc51ff5129ce1a732bbef5928568b8092d412ef95611616376bbeed?s=96&d=mm&r=g","contentUrl":"https:\/\/secure.gravatar.com\/avatar\/d4fe7459cfc51ff5129ce1a732bbef5928568b8092d412ef95611616376bbeed?s=96&d=mm&r=g","caption":"f1000024"},"url":"https:\/\/cvinoticias.com\/v3\/author\/f1000024\/"}]}},"_links":{"self":[{"href":"https:\/\/cvinoticias.com\/v3\/wp-json\/wp\/v2\/posts\/10425","targetHints":{"allow":["GET"]}}],"collection":[{"href":"https:\/\/cvinoticias.com\/v3\/wp-json\/wp\/v2\/posts"}],"about":[{"href":"https:\/\/cvinoticias.com\/v3\/wp-json\/wp\/v2\/types\/post"}],"author":[{"embeddable":true,"href":"https:\/\/cvinoticias.com\/v3\/wp-json\/wp\/v2\/users\/2"}],"replies":[{"embeddable":true,"href":"https:\/\/cvinoticias.com\/v3\/wp-json\/wp\/v2\/comments?post=10425"}],"version-history":[{"count":1,"href":"https:\/\/cvinoticias.com\/v3\/wp-json\/wp\/v2\/posts\/10425\/revisions"}],"predecessor-version":[{"id":10428,"href":"https:\/\/cvinoticias.com\/v3\/wp-json\/wp\/v2\/posts\/10425\/revisions\/10428"}],"wp:featuredmedia":[{"embeddable":true,"href":"https:\/\/cvinoticias.com\/v3\/wp-json\/wp\/v2\/media\/10426"}],"wp:attachment":[{"href":"https:\/\/cvinoticias.com\/v3\/wp-json\/wp\/v2\/media?parent=10425"}],"wp:term":[{"taxonomy":"category","embeddable":true,"href":"https:\/\/cvinoticias.com\/v3\/wp-json\/wp\/v2\/categories?post=10425"},{"taxonomy":"post_tag","embeddable":true,"href":"https:\/\/cvinoticias.com\/v3\/wp-json\/wp\/v2\/tags?post=10425"}],"curies":[{"name":"wp","href":"https:\/\/api.w.org\/{rel}","templated":true}]}}