{"id":10391,"date":"2021-11-08T02:44:20","date_gmt":"2021-11-08T02:44:20","guid":{"rendered":"https:\/\/cvinoticias.com\/v3\/?p=10391"},"modified":"2021-11-08T02:50:01","modified_gmt":"2021-11-08T02:50:01","slug":"el-gobernador-acompano-actividades-por-el-cataratas-day-y-recorrio-obras-en-iguazu","status":"publish","type":"post","link":"https:\/\/cvinoticias.com\/v3\/el-gobernador-acompano-actividades-por-el-cataratas-day-y-recorrio-obras-en-iguazu\/","title":{"rendered":"El Gobernador acompa\u00f1\u00f3 actividades por el Cataratas Day y recorri\u00f3 obras en Iguaz\u00fa"},"content":{"rendered":"\n<p><strong><em>El Gobernador Oscar Herrera Ahuad visit\u00f3 Puerto Iguaz\u00fa este domingo donde, junto al intendente Claudio Filippa, particip\u00f3 en la gran final del concurso de la Ruta del Dise\u00f1o Misionero realizada en el marco de los festejos por el Cataratas Day. Tambi\u00e9n recorri\u00f3 las obras de infraestructura que avanzan en la ciudad de las Cataratas.<\/em><\/strong><\/p>\n\n\n\n<p>Este domingo, el gobernador Oscar Herrera Ahuad visit\u00f3 la ciudad de Puerto Iguaz\u00fa donde recorri\u00f3 temprano las obras de infraestructura que son parte del plan implementado para mejorar las avenidas Victoria Aguirre y Tres Fronteras, una de acceso al centro de la localidad y la zona comercial, y la otra conectando a varios establecimientos hoteleros, la plaza central y la municipalidad con el Hito Tres Fronteras. Adem\u00e1s, el mandatario acompa\u00f1o la final del concurso de la Ruta del Dise\u00f1o Misionero realizado en el marco de una serie de actividades previstas para la celebraci\u00f3n del 10\u00b0 aniversario de Cataratas como maravilla natural del mundo.<\/p>\n\n\n\n<p>Acompa\u00f1aron al Gobernador en su visita y recorrido el ministro de Turismo, Jos\u00e9 Mar\u00eda Arr\u00faa; el intendente local, Claudio Filippa y Leo de Luca, presidente del Ente Municipal de Turismo de Puerto Iguaz\u00fa.<\/p>\n\n\n\n<figure class=\"wp-block-image size-large\"><a href=\"https:\/\/cvinoticias.com\/wp-content\/uploads\/2021\/11\/IMG-20211107-WA0080.jpg\"><img decoding=\"async\" width=\"1024\" height=\"498\" data-src=\"https:\/\/cvinoticias.com\/wp-content\/uploads\/2021\/11\/IMG-20211107-WA0080-1024x498.jpg\" alt=\"\" class=\"wp-image-10392 lazyload\" data-srcset=\"https:\/\/cvinoticias.com\/wp-content\/uploads\/2021\/11\/IMG-20211107-WA0080-1024x498.jpg 1024w, https:\/\/cvinoticias.com\/wp-content\/uploads\/2021\/11\/IMG-20211107-WA0080-300x146.jpg 300w, https:\/\/cvinoticias.com\/wp-content\/uploads\/2021\/11\/IMG-20211107-WA0080-768x373.jpg 768w, https:\/\/cvinoticias.com\/wp-content\/uploads\/2021\/11\/IMG-20211107-WA0080.jpg 1280w\" data-sizes=\"(max-width: 1024px) 100vw, 1024px\" src=\"data:image\/svg+xml;base64,PHN2ZyB3aWR0aD0iMSIgaGVpZ2h0PSIxIiB4bWxucz0iaHR0cDovL3d3dy53My5vcmcvMjAwMC9zdmciPjwvc3ZnPg==\" style=\"--smush-placeholder-width: 1024px; --smush-placeholder-aspect-ratio: 1024\/498;\" \/><\/a><\/figure>\n\n\n\n<p><strong>SOBRE EL CATARATAS DAY<\/strong><\/p>\n\n\n\n<p>En una conmemoraci\u00f3n integral, recordando la fecha 11-11-2011 cuando las Cataratas del Iguaz\u00fa se convert\u00edan en una de las Siete Maravillas del Mundo resultado del concurso promovido por la fundaci\u00f3n New7Wonders. Desde que sucedi\u00f3, la provincia a\u00f1o tras a\u00f1o celebra esta conquista con acciones que fortalecen y reafirman que Cataratas es uno de los lugares que todo amante de la naturaleza debe tener en su itinerario tur\u00edstico de vida.<\/p>\n\n\n\n<p><strong>RUTA DEL DISE\u00d1O MISIONERO<\/strong><\/p>\n\n\n\n<p>El desfile para la final del programa \u201cRuta del Dise\u00f1o Misionero\u201d se realiz\u00f3 en el Hito Tres Fronteras, desde las 19. En esta ocasi\u00f3n, fueron 13 los dise\u00f1adores que presentaron sus c\u00e1psulas. Los dise\u00f1os fueron inspirados en el Camino de los Jesuitas, teniendo en cuenta el trabajo articulado que se desarroll\u00f3 en el proceso entre las diferentes \u00e1reas del Ministerio de Turismo de Misiones, para impulsar una propuesta con identidad misionera.<\/p>\n\n\n\n<p>La Ruta del Dise\u00f1o Misionero tiene como misi\u00f3n potenciar nuevos talentos, dar oportunidades a los dise\u00f1adores emergentes y crear el primer banco de datos de profesionales de la moda y afines.<\/p>\n\n\n\n<figure class=\"wp-block-image size-full\"><a href=\"https:\/\/cvinoticias.com\/wp-content\/uploads\/2021\/11\/FB_IMG_1636339576560-1.jpg\"><img decoding=\"async\" width=\"960\" height=\"640\" data-src=\"https:\/\/cvinoticias.com\/wp-content\/uploads\/2021\/11\/FB_IMG_1636339576560-1.jpg\" alt=\"\" class=\"wp-image-10399 lazyload\" data-srcset=\"https:\/\/cvinoticias.com\/wp-content\/uploads\/2021\/11\/FB_IMG_1636339576560-1.jpg 960w, https:\/\/cvinoticias.com\/wp-content\/uploads\/2021\/11\/FB_IMG_1636339576560-1-300x200.jpg 300w, https:\/\/cvinoticias.com\/wp-content\/uploads\/2021\/11\/FB_IMG_1636339576560-1-768x512.jpg 768w\" data-sizes=\"(max-width: 960px) 100vw, 960px\" src=\"data:image\/svg+xml;base64,PHN2ZyB3aWR0aD0iMSIgaGVpZ2h0PSIxIiB4bWxucz0iaHR0cDovL3d3dy53My5vcmcvMjAwMC9zdmciPjwvc3ZnPg==\" style=\"--smush-placeholder-width: 960px; --smush-placeholder-aspect-ratio: 960\/640;\" \/><\/a><\/figure>\n\n\n\n<figure class=\"wp-block-image size-large is-resized\"><a href=\"https:\/\/cvinoticias.com\/wp-content\/uploads\/2021\/11\/Screenshot_20211107-233334_Facebook.jpg\"><img decoding=\"async\" data-src=\"https:\/\/cvinoticias.com\/wp-content\/uploads\/2021\/11\/Screenshot_20211107-233334_Facebook-1024x651.jpg\" alt=\"\" class=\"wp-image-10393 lazyload\" width=\"938\" height=\"596\" data-srcset=\"https:\/\/cvinoticias.com\/wp-content\/uploads\/2021\/11\/Screenshot_20211107-233334_Facebook-1024x651.jpg 1024w, https:\/\/cvinoticias.com\/wp-content\/uploads\/2021\/11\/Screenshot_20211107-233334_Facebook-300x191.jpg 300w, https:\/\/cvinoticias.com\/wp-content\/uploads\/2021\/11\/Screenshot_20211107-233334_Facebook-768x489.jpg 768w, https:\/\/cvinoticias.com\/wp-content\/uploads\/2021\/11\/Screenshot_20211107-233334_Facebook.jpg 1080w\" data-sizes=\"(max-width: 938px) 100vw, 938px\" src=\"data:image\/svg+xml;base64,PHN2ZyB3aWR0aD0iMSIgaGVpZ2h0PSIxIiB4bWxucz0iaHR0cDovL3d3dy53My5vcmcvMjAwMC9zdmciPjwvc3ZnPg==\" style=\"--smush-placeholder-width: 938px; --smush-placeholder-aspect-ratio: 938\/596;\" \/><\/a><\/figure>\n\n\n\n<figure class=\"wp-block-image size-large\"><a href=\"https:\/\/cvinoticias.com\/wp-content\/uploads\/2021\/11\/Screenshot_20211107-233305_Facebook.jpg\"><img decoding=\"async\" width=\"1024\" height=\"645\" data-src=\"https:\/\/cvinoticias.com\/wp-content\/uploads\/2021\/11\/Screenshot_20211107-233305_Facebook-1024x645.jpg\" alt=\"\" class=\"wp-image-10394 lazyload\" data-srcset=\"https:\/\/cvinoticias.com\/wp-content\/uploads\/2021\/11\/Screenshot_20211107-233305_Facebook-1024x645.jpg 1024w, https:\/\/cvinoticias.com\/wp-content\/uploads\/2021\/11\/Screenshot_20211107-233305_Facebook-300x189.jpg 300w, https:\/\/cvinoticias.com\/wp-content\/uploads\/2021\/11\/Screenshot_20211107-233305_Facebook-768x484.jpg 768w, https:\/\/cvinoticias.com\/wp-content\/uploads\/2021\/11\/Screenshot_20211107-233305_Facebook.jpg 1080w\" data-sizes=\"(max-width: 1024px) 100vw, 1024px\" src=\"data:image\/svg+xml;base64,PHN2ZyB3aWR0aD0iMSIgaGVpZ2h0PSIxIiB4bWxucz0iaHR0cDovL3d3dy53My5vcmcvMjAwMC9zdmciPjwvc3ZnPg==\" style=\"--smush-placeholder-width: 1024px; --smush-placeholder-aspect-ratio: 1024\/645;\" \/><\/a><\/figure>\n\n\n\n<figure class=\"wp-block-image size-full\"><a href=\"https:\/\/cvinoticias.com\/wp-content\/uploads\/2021\/11\/FB_IMG_1636339585516.jpg\"><img decoding=\"async\" width=\"960\" height=\"641\" data-src=\"https:\/\/cvinoticias.com\/wp-content\/uploads\/2021\/11\/FB_IMG_1636339585516.jpg\" alt=\"\" class=\"wp-image-10400 lazyload\" data-srcset=\"https:\/\/cvinoticias.com\/wp-content\/uploads\/2021\/11\/FB_IMG_1636339585516.jpg 960w, https:\/\/cvinoticias.com\/wp-content\/uploads\/2021\/11\/FB_IMG_1636339585516-300x200.jpg 300w, https:\/\/cvinoticias.com\/wp-content\/uploads\/2021\/11\/FB_IMG_1636339585516-768x513.jpg 768w\" data-sizes=\"(max-width: 960px) 100vw, 960px\" src=\"data:image\/svg+xml;base64,PHN2ZyB3aWR0aD0iMSIgaGVpZ2h0PSIxIiB4bWxucz0iaHR0cDovL3d3dy53My5vcmcvMjAwMC9zdmciPjwvc3ZnPg==\" style=\"--smush-placeholder-width: 960px; --smush-placeholder-aspect-ratio: 960\/641;\" \/><\/a><\/figure>\n","protected":false},"excerpt":{"rendered":"<p>El Gobernador Oscar Herrera Ahuad visit\u00f3 Puerto Iguaz\u00fa este domingo donde, junto al intendente Claudio Filippa, particip\u00f3 en la gran final del concurso de la Ruta del Dise\u00f1o Misionero realizada en el marco de los festejos por el Cataratas Day. Tambi\u00e9n recorri\u00f3 las obras de infraestructura que avanzan en la ciudad de las Cataratas. Este [&hellip;]<\/p>\n","protected":false},"author":2,"featured_media":10401,"comment_status":"open","ping_status":"open","sticky":false,"template":"","format":"standard","meta":{"footnotes":""},"categories":[29],"tags":[],"class_list":["post-10391","post","type-post","status-publish","format-standard","has-post-thumbnail","hentry","category-locales"],"yoast_head":"<!-- This site is optimized with the Yoast SEO plugin v27.5 - https:\/\/yoast.com\/product\/yoast-seo-wordpress\/ -->\n<title>El Gobernador acompa\u00f1\u00f3 actividades por el Cataratas Day y recorri\u00f3 obras en Iguaz\u00fa | CVI NOTICIAS<\/title>\n<meta name=\"robots\" content=\"index, follow, max-snippet:-1, max-image-preview:large, max-video-preview:-1\" \/>\n<link rel=\"canonical\" href=\"https:\/\/cvinoticias.com\/v3\/el-gobernador-acompano-actividades-por-el-cataratas-day-y-recorrio-obras-en-iguazu\/\" \/>\n<meta property=\"og:locale\" content=\"es_ES\" \/>\n<meta property=\"og:type\" content=\"article\" \/>\n<meta property=\"og:title\" content=\"El Gobernador acompa\u00f1\u00f3 actividades por el Cataratas Day y recorri\u00f3 obras en Iguaz\u00fa | CVI NOTICIAS\" \/>\n<meta property=\"og:description\" content=\"El Gobernador Oscar Herrera Ahuad visit\u00f3 Puerto Iguaz\u00fa este domingo donde, junto al intendente Claudio Filippa, particip\u00f3 en la gran final del concurso de la Ruta del Dise\u00f1o Misionero realizada en el marco de los festejos por el Cataratas Day. Tambi\u00e9n recorri\u00f3 las obras de infraestructura que avanzan en la ciudad de las Cataratas. Este [&hellip;]\" \/>\n<meta property=\"og:url\" content=\"https:\/\/cvinoticias.com\/v3\/el-gobernador-acompano-actividades-por-el-cataratas-day-y-recorrio-obras-en-iguazu\/\" \/>\n<meta property=\"og:site_name\" content=\"CVI NOTICIAS\" \/>\n<meta property=\"article:publisher\" content=\"https:\/\/www.facebook.com\/cvinoticias\" \/>\n<meta property=\"article:published_time\" content=\"2021-11-08T02:44:20+00:00\" \/>\n<meta property=\"article:modified_time\" content=\"2021-11-08T02:50:01+00:00\" \/>\n<meta property=\"og:image\" content=\"https:\/\/cvinoticias.com\/wp-content\/uploads\/2021\/11\/FB_IMG_1636339581140.jpg\" \/>\n\t<meta property=\"og:image:width\" content=\"960\" \/>\n\t<meta property=\"og:image:height\" content=\"641\" \/>\n\t<meta property=\"og:image:type\" content=\"image\/jpeg\" \/>\n<meta name=\"author\" content=\"f1000024\" \/>\n<meta name=\"twitter:card\" content=\"summary_large_image\" \/>\n<meta name=\"twitter:label1\" content=\"Escrito por\" \/>\n\t<meta name=\"twitter:data1\" content=\"f1000024\" \/>\n\t<meta name=\"twitter:label2\" content=\"Tiempo de lectura\" \/>\n\t<meta name=\"twitter:data2\" content=\"2 minutos\" \/>\n<script type=\"application\/ld+json\" class=\"yoast-schema-graph\">{\"@context\":\"https:\\\/\\\/schema.org\",\"@graph\":[{\"@type\":\"Article\",\"@id\":\"https:\\\/\\\/cvinoticias.com\\\/v3\\\/el-gobernador-acompano-actividades-por-el-cataratas-day-y-recorrio-obras-en-iguazu\\\/#article\",\"isPartOf\":{\"@id\":\"https:\\\/\\\/cvinoticias.com\\\/v3\\\/el-gobernador-acompano-actividades-por-el-cataratas-day-y-recorrio-obras-en-iguazu\\\/\"},\"author\":{\"name\":\"f1000024\",\"@id\":\"https:\\\/\\\/cvinoticias.com\\\/v3\\\/#\\\/schema\\\/person\\\/2db77e3c6bc03c538495d7b2b8be9b66\"},\"headline\":\"El Gobernador acompa\u00f1\u00f3 actividades por el Cataratas Day y recorri\u00f3 obras en Iguaz\u00fa\",\"datePublished\":\"2021-11-08T02:44:20+00:00\",\"dateModified\":\"2021-11-08T02:50:01+00:00\",\"mainEntityOfPage\":{\"@id\":\"https:\\\/\\\/cvinoticias.com\\\/v3\\\/el-gobernador-acompano-actividades-por-el-cataratas-day-y-recorrio-obras-en-iguazu\\\/\"},\"wordCount\":405,\"commentCount\":0,\"publisher\":{\"@id\":\"https:\\\/\\\/cvinoticias.com\\\/v3\\\/#organization\"},\"image\":{\"@id\":\"https:\\\/\\\/cvinoticias.com\\\/v3\\\/el-gobernador-acompano-actividades-por-el-cataratas-day-y-recorrio-obras-en-iguazu\\\/#primaryimage\"},\"thumbnailUrl\":\"https:\\\/\\\/cvinoticias.com\\\/wp-content\\\/uploads\\\/2021\\\/11\\\/FB_IMG_1636339581140.jpg\",\"articleSection\":[\"Locales\"],\"inLanguage\":\"es\",\"potentialAction\":[{\"@type\":\"CommentAction\",\"name\":\"Comment\",\"target\":[\"https:\\\/\\\/cvinoticias.com\\\/v3\\\/el-gobernador-acompano-actividades-por-el-cataratas-day-y-recorrio-obras-en-iguazu\\\/#respond\"]}]},{\"@type\":\"WebPage\",\"@id\":\"https:\\\/\\\/cvinoticias.com\\\/v3\\\/el-gobernador-acompano-actividades-por-el-cataratas-day-y-recorrio-obras-en-iguazu\\\/\",\"url\":\"https:\\\/\\\/cvinoticias.com\\\/v3\\\/el-gobernador-acompano-actividades-por-el-cataratas-day-y-recorrio-obras-en-iguazu\\\/\",\"name\":\"El Gobernador acompa\u00f1\u00f3 actividades por el Cataratas Day y recorri\u00f3 obras en Iguaz\u00fa | CVI NOTICIAS\",\"isPartOf\":{\"@id\":\"https:\\\/\\\/cvinoticias.com\\\/v3\\\/#website\"},\"primaryImageOfPage\":{\"@id\":\"https:\\\/\\\/cvinoticias.com\\\/v3\\\/el-gobernador-acompano-actividades-por-el-cataratas-day-y-recorrio-obras-en-iguazu\\\/#primaryimage\"},\"image\":{\"@id\":\"https:\\\/\\\/cvinoticias.com\\\/v3\\\/el-gobernador-acompano-actividades-por-el-cataratas-day-y-recorrio-obras-en-iguazu\\\/#primaryimage\"},\"thumbnailUrl\":\"https:\\\/\\\/cvinoticias.com\\\/wp-content\\\/uploads\\\/2021\\\/11\\\/FB_IMG_1636339581140.jpg\",\"datePublished\":\"2021-11-08T02:44:20+00:00\",\"dateModified\":\"2021-11-08T02:50:01+00:00\",\"breadcrumb\":{\"@id\":\"https:\\\/\\\/cvinoticias.com\\\/v3\\\/el-gobernador-acompano-actividades-por-el-cataratas-day-y-recorrio-obras-en-iguazu\\\/#breadcrumb\"},\"inLanguage\":\"es\",\"potentialAction\":[{\"@type\":\"ReadAction\",\"target\":[\"https:\\\/\\\/cvinoticias.com\\\/v3\\\/el-gobernador-acompano-actividades-por-el-cataratas-day-y-recorrio-obras-en-iguazu\\\/\"]}]},{\"@type\":\"ImageObject\",\"inLanguage\":\"es\",\"@id\":\"https:\\\/\\\/cvinoticias.com\\\/v3\\\/el-gobernador-acompano-actividades-por-el-cataratas-day-y-recorrio-obras-en-iguazu\\\/#primaryimage\",\"url\":\"https:\\\/\\\/cvinoticias.com\\\/wp-content\\\/uploads\\\/2021\\\/11\\\/FB_IMG_1636339581140.jpg\",\"contentUrl\":\"https:\\\/\\\/cvinoticias.com\\\/wp-content\\\/uploads\\\/2021\\\/11\\\/FB_IMG_1636339581140.jpg\",\"width\":960,\"height\":641},{\"@type\":\"BreadcrumbList\",\"@id\":\"https:\\\/\\\/cvinoticias.com\\\/v3\\\/el-gobernador-acompano-actividades-por-el-cataratas-day-y-recorrio-obras-en-iguazu\\\/#breadcrumb\",\"itemListElement\":[{\"@type\":\"ListItem\",\"position\":1,\"name\":\"Portada\",\"item\":\"https:\\\/\\\/cvinoticias.com\\\/v3\\\/\"},{\"@type\":\"ListItem\",\"position\":2,\"name\":\"El Gobernador acompa\u00f1\u00f3 actividades por el Cataratas Day y recorri\u00f3 obras en Iguaz\u00fa\"}]},{\"@type\":\"WebSite\",\"@id\":\"https:\\\/\\\/cvinoticias.com\\\/v3\\\/#website\",\"url\":\"https:\\\/\\\/cvinoticias.com\\\/v3\\\/\",\"name\":\"CVI NOTICIAS\",\"description\":\"\",\"publisher\":{\"@id\":\"https:\\\/\\\/cvinoticias.com\\\/v3\\\/#organization\"},\"alternateName\":\"CVI\",\"potentialAction\":[{\"@type\":\"SearchAction\",\"target\":{\"@type\":\"EntryPoint\",\"urlTemplate\":\"https:\\\/\\\/cvinoticias.com\\\/v3\\\/?s={search_term_string}\"},\"query-input\":{\"@type\":\"PropertyValueSpecification\",\"valueRequired\":true,\"valueName\":\"search_term_string\"}}],\"inLanguage\":\"es\"},{\"@type\":\"Organization\",\"@id\":\"https:\\\/\\\/cvinoticias.com\\\/v3\\\/#organization\",\"name\":\"CVI NOTICIAS\",\"url\":\"https:\\\/\\\/cvinoticias.com\\\/v3\\\/\",\"logo\":{\"@type\":\"ImageObject\",\"inLanguage\":\"es\",\"@id\":\"https:\\\/\\\/cvinoticias.com\\\/v3\\\/#\\\/schema\\\/logo\\\/image\\\/\",\"url\":\"https:\\\/\\\/cvinoticias.com\\\/wp-content\\\/uploads\\\/2023\\\/04\\\/cropped-cropped-cropped-cropped-cropped-3-1.png\",\"contentUrl\":\"https:\\\/\\\/cvinoticias.com\\\/wp-content\\\/uploads\\\/2023\\\/04\\\/cropped-cropped-cropped-cropped-cropped-3-1.png\",\"width\":95,\"height\":122,\"caption\":\"CVI NOTICIAS\"},\"image\":{\"@id\":\"https:\\\/\\\/cvinoticias.com\\\/v3\\\/#\\\/schema\\\/logo\\\/image\\\/\"},\"sameAs\":[\"https:\\\/\\\/www.facebook.com\\\/cvinoticias\",\"https:\\\/\\\/www.instagram.com\\\/cvinoticias\\\/\",\"https:\\\/\\\/www.youtube.com\\\/@CVINOTICIAS\"]},{\"@type\":\"Person\",\"@id\":\"https:\\\/\\\/cvinoticias.com\\\/v3\\\/#\\\/schema\\\/person\\\/2db77e3c6bc03c538495d7b2b8be9b66\",\"name\":\"f1000024\",\"image\":{\"@type\":\"ImageObject\",\"inLanguage\":\"es\",\"@id\":\"https:\\\/\\\/secure.gravatar.com\\\/avatar\\\/d4fe7459cfc51ff5129ce1a732bbef5928568b8092d412ef95611616376bbeed?s=96&d=mm&r=g\",\"url\":\"https:\\\/\\\/secure.gravatar.com\\\/avatar\\\/d4fe7459cfc51ff5129ce1a732bbef5928568b8092d412ef95611616376bbeed?s=96&d=mm&r=g\",\"contentUrl\":\"https:\\\/\\\/secure.gravatar.com\\\/avatar\\\/d4fe7459cfc51ff5129ce1a732bbef5928568b8092d412ef95611616376bbeed?s=96&d=mm&r=g\",\"caption\":\"f1000024\"},\"url\":\"https:\\\/\\\/cvinoticias.com\\\/v3\\\/author\\\/f1000024\\\/\"}]}<\/script>\n<!-- \/ Yoast SEO plugin. -->","yoast_head_json":{"title":"El Gobernador acompa\u00f1\u00f3 actividades por el Cataratas Day y recorri\u00f3 obras en Iguaz\u00fa | CVI NOTICIAS","robots":{"index":"index","follow":"follow","max-snippet":"max-snippet:-1","max-image-preview":"max-image-preview:large","max-video-preview":"max-video-preview:-1"},"canonical":"https:\/\/cvinoticias.com\/v3\/el-gobernador-acompano-actividades-por-el-cataratas-day-y-recorrio-obras-en-iguazu\/","og_locale":"es_ES","og_type":"article","og_title":"El Gobernador acompa\u00f1\u00f3 actividades por el Cataratas Day y recorri\u00f3 obras en Iguaz\u00fa | CVI NOTICIAS","og_description":"El Gobernador Oscar Herrera Ahuad visit\u00f3 Puerto Iguaz\u00fa este domingo donde, junto al intendente Claudio Filippa, particip\u00f3 en la gran final del concurso de la Ruta del Dise\u00f1o Misionero realizada en el marco de los festejos por el Cataratas Day. Tambi\u00e9n recorri\u00f3 las obras de infraestructura que avanzan en la ciudad de las Cataratas. Este [&hellip;]","og_url":"https:\/\/cvinoticias.com\/v3\/el-gobernador-acompano-actividades-por-el-cataratas-day-y-recorrio-obras-en-iguazu\/","og_site_name":"CVI NOTICIAS","article_publisher":"https:\/\/www.facebook.com\/cvinoticias","article_published_time":"2021-11-08T02:44:20+00:00","article_modified_time":"2021-11-08T02:50:01+00:00","og_image":[{"width":960,"height":641,"url":"https:\/\/cvinoticias.com\/wp-content\/uploads\/2021\/11\/FB_IMG_1636339581140.jpg","type":"image\/jpeg"}],"author":"f1000024","twitter_card":"summary_large_image","twitter_misc":{"Escrito por":"f1000024","Tiempo de lectura":"2 minutos"},"schema":{"@context":"https:\/\/schema.org","@graph":[{"@type":"Article","@id":"https:\/\/cvinoticias.com\/v3\/el-gobernador-acompano-actividades-por-el-cataratas-day-y-recorrio-obras-en-iguazu\/#article","isPartOf":{"@id":"https:\/\/cvinoticias.com\/v3\/el-gobernador-acompano-actividades-por-el-cataratas-day-y-recorrio-obras-en-iguazu\/"},"author":{"name":"f1000024","@id":"https:\/\/cvinoticias.com\/v3\/#\/schema\/person\/2db77e3c6bc03c538495d7b2b8be9b66"},"headline":"El Gobernador acompa\u00f1\u00f3 actividades por el Cataratas Day y recorri\u00f3 obras en Iguaz\u00fa","datePublished":"2021-11-08T02:44:20+00:00","dateModified":"2021-11-08T02:50:01+00:00","mainEntityOfPage":{"@id":"https:\/\/cvinoticias.com\/v3\/el-gobernador-acompano-actividades-por-el-cataratas-day-y-recorrio-obras-en-iguazu\/"},"wordCount":405,"commentCount":0,"publisher":{"@id":"https:\/\/cvinoticias.com\/v3\/#organization"},"image":{"@id":"https:\/\/cvinoticias.com\/v3\/el-gobernador-acompano-actividades-por-el-cataratas-day-y-recorrio-obras-en-iguazu\/#primaryimage"},"thumbnailUrl":"https:\/\/cvinoticias.com\/wp-content\/uploads\/2021\/11\/FB_IMG_1636339581140.jpg","articleSection":["Locales"],"inLanguage":"es","potentialAction":[{"@type":"CommentAction","name":"Comment","target":["https:\/\/cvinoticias.com\/v3\/el-gobernador-acompano-actividades-por-el-cataratas-day-y-recorrio-obras-en-iguazu\/#respond"]}]},{"@type":"WebPage","@id":"https:\/\/cvinoticias.com\/v3\/el-gobernador-acompano-actividades-por-el-cataratas-day-y-recorrio-obras-en-iguazu\/","url":"https:\/\/cvinoticias.com\/v3\/el-gobernador-acompano-actividades-por-el-cataratas-day-y-recorrio-obras-en-iguazu\/","name":"El Gobernador acompa\u00f1\u00f3 actividades por el Cataratas Day y recorri\u00f3 obras en Iguaz\u00fa | CVI NOTICIAS","isPartOf":{"@id":"https:\/\/cvinoticias.com\/v3\/#website"},"primaryImageOfPage":{"@id":"https:\/\/cvinoticias.com\/v3\/el-gobernador-acompano-actividades-por-el-cataratas-day-y-recorrio-obras-en-iguazu\/#primaryimage"},"image":{"@id":"https:\/\/cvinoticias.com\/v3\/el-gobernador-acompano-actividades-por-el-cataratas-day-y-recorrio-obras-en-iguazu\/#primaryimage"},"thumbnailUrl":"https:\/\/cvinoticias.com\/wp-content\/uploads\/2021\/11\/FB_IMG_1636339581140.jpg","datePublished":"2021-11-08T02:44:20+00:00","dateModified":"2021-11-08T02:50:01+00:00","breadcrumb":{"@id":"https:\/\/cvinoticias.com\/v3\/el-gobernador-acompano-actividades-por-el-cataratas-day-y-recorrio-obras-en-iguazu\/#breadcrumb"},"inLanguage":"es","potentialAction":[{"@type":"ReadAction","target":["https:\/\/cvinoticias.com\/v3\/el-gobernador-acompano-actividades-por-el-cataratas-day-y-recorrio-obras-en-iguazu\/"]}]},{"@type":"ImageObject","inLanguage":"es","@id":"https:\/\/cvinoticias.com\/v3\/el-gobernador-acompano-actividades-por-el-cataratas-day-y-recorrio-obras-en-iguazu\/#primaryimage","url":"https:\/\/cvinoticias.com\/wp-content\/uploads\/2021\/11\/FB_IMG_1636339581140.jpg","contentUrl":"https:\/\/cvinoticias.com\/wp-content\/uploads\/2021\/11\/FB_IMG_1636339581140.jpg","width":960,"height":641},{"@type":"BreadcrumbList","@id":"https:\/\/cvinoticias.com\/v3\/el-gobernador-acompano-actividades-por-el-cataratas-day-y-recorrio-obras-en-iguazu\/#breadcrumb","itemListElement":[{"@type":"ListItem","position":1,"name":"Portada","item":"https:\/\/cvinoticias.com\/v3\/"},{"@type":"ListItem","position":2,"name":"El Gobernador acompa\u00f1\u00f3 actividades por el Cataratas Day y recorri\u00f3 obras en Iguaz\u00fa"}]},{"@type":"WebSite","@id":"https:\/\/cvinoticias.com\/v3\/#website","url":"https:\/\/cvinoticias.com\/v3\/","name":"CVI NOTICIAS","description":"","publisher":{"@id":"https:\/\/cvinoticias.com\/v3\/#organization"},"alternateName":"CVI","potentialAction":[{"@type":"SearchAction","target":{"@type":"EntryPoint","urlTemplate":"https:\/\/cvinoticias.com\/v3\/?s={search_term_string}"},"query-input":{"@type":"PropertyValueSpecification","valueRequired":true,"valueName":"search_term_string"}}],"inLanguage":"es"},{"@type":"Organization","@id":"https:\/\/cvinoticias.com\/v3\/#organization","name":"CVI NOTICIAS","url":"https:\/\/cvinoticias.com\/v3\/","logo":{"@type":"ImageObject","inLanguage":"es","@id":"https:\/\/cvinoticias.com\/v3\/#\/schema\/logo\/image\/","url":"https:\/\/cvinoticias.com\/wp-content\/uploads\/2023\/04\/cropped-cropped-cropped-cropped-cropped-3-1.png","contentUrl":"https:\/\/cvinoticias.com\/wp-content\/uploads\/2023\/04\/cropped-cropped-cropped-cropped-cropped-3-1.png","width":95,"height":122,"caption":"CVI NOTICIAS"},"image":{"@id":"https:\/\/cvinoticias.com\/v3\/#\/schema\/logo\/image\/"},"sameAs":["https:\/\/www.facebook.com\/cvinoticias","https:\/\/www.instagram.com\/cvinoticias\/","https:\/\/www.youtube.com\/@CVINOTICIAS"]},{"@type":"Person","@id":"https:\/\/cvinoticias.com\/v3\/#\/schema\/person\/2db77e3c6bc03c538495d7b2b8be9b66","name":"f1000024","image":{"@type":"ImageObject","inLanguage":"es","@id":"https:\/\/secure.gravatar.com\/avatar\/d4fe7459cfc51ff5129ce1a732bbef5928568b8092d412ef95611616376bbeed?s=96&d=mm&r=g","url":"https:\/\/secure.gravatar.com\/avatar\/d4fe7459cfc51ff5129ce1a732bbef5928568b8092d412ef95611616376bbeed?s=96&d=mm&r=g","contentUrl":"https:\/\/secure.gravatar.com\/avatar\/d4fe7459cfc51ff5129ce1a732bbef5928568b8092d412ef95611616376bbeed?s=96&d=mm&r=g","caption":"f1000024"},"url":"https:\/\/cvinoticias.com\/v3\/author\/f1000024\/"}]}},"_links":{"self":[{"href":"https:\/\/cvinoticias.com\/v3\/wp-json\/wp\/v2\/posts\/10391","targetHints":{"allow":["GET"]}}],"collection":[{"href":"https:\/\/cvinoticias.com\/v3\/wp-json\/wp\/v2\/posts"}],"about":[{"href":"https:\/\/cvinoticias.com\/v3\/wp-json\/wp\/v2\/types\/post"}],"author":[{"embeddable":true,"href":"https:\/\/cvinoticias.com\/v3\/wp-json\/wp\/v2\/users\/2"}],"replies":[{"embeddable":true,"href":"https:\/\/cvinoticias.com\/v3\/wp-json\/wp\/v2\/comments?post=10391"}],"version-history":[{"count":3,"href":"https:\/\/cvinoticias.com\/v3\/wp-json\/wp\/v2\/posts\/10391\/revisions"}],"predecessor-version":[{"id":10402,"href":"https:\/\/cvinoticias.com\/v3\/wp-json\/wp\/v2\/posts\/10391\/revisions\/10402"}],"wp:featuredmedia":[{"embeddable":true,"href":"https:\/\/cvinoticias.com\/v3\/wp-json\/wp\/v2\/media\/10401"}],"wp:attachment":[{"href":"https:\/\/cvinoticias.com\/v3\/wp-json\/wp\/v2\/media?parent=10391"}],"wp:term":[{"taxonomy":"category","embeddable":true,"href":"https:\/\/cvinoticias.com\/v3\/wp-json\/wp\/v2\/categories?post=10391"},{"taxonomy":"post_tag","embeddable":true,"href":"https:\/\/cvinoticias.com\/v3\/wp-json\/wp\/v2\/tags?post=10391"}],"curies":[{"name":"wp","href":"https:\/\/api.w.org\/{rel}","templated":true}]}}