{"id":10352,"date":"2021-11-05T12:41:53","date_gmt":"2021-11-05T12:41:53","guid":{"rendered":"https:\/\/cvinoticias.com\/v3\/?p=10352"},"modified":"2021-11-05T12:41:53","modified_gmt":"2021-11-05T12:41:53","slug":"llega-el-neorevisionismo-a-la-politica-misionera","status":"publish","type":"post","link":"https:\/\/cvinoticias.com\/v3\/llega-el-neorevisionismo-a-la-politica-misionera\/","title":{"rendered":"Llega el neorevisionismo a la pol\u00edtica misionera"},"content":{"rendered":"\n<p><strong><em>\u201cNo somos independentistas, pero s\u00ed en el plano de las ideas, tenemos un movimiento propio, genuino, de vanguardia que muchas veces es adoptado por otras regiones.<\/em><\/strong><\/p>\n\n\n\n<p>Estamos en condiciones de consolidar un bloque neorevisionista\u201d, adelant\u00f3 el Conductor del Frente Renovador, Carlos Rovira, en una conferencia de prensa realizada este jueves de tarde junto al intendente de Posadas, Leonardo \u201cLalo\u201d Stelatto y el Gobernador Oscar Herrera Ahuad.<\/p>\n\n\n\n<p>Rovira apunt\u00f3 a usar con inteligencia el voto para elegir a los Diputados que defender\u00e1n los intereses de Misiones. La agenda propia es la gu\u00eda en el Congreso Nacional. En este sentido posicion\u00f3 a la Renovaci\u00f3n en la vereda del frente de la obediencia partidaria caracter\u00edstica de los frentes nacionales. \u201cMuchos partidos prometen en la etapa electoral y despu\u00e9s van a sentarse en una banca que responden a partidos nacionales. La \u00fanica garant\u00eda que tienen los misioneros es que el Bloque Renovador se diferencia del resto\u201d. El resto, es la grieta. La prueba hoy est\u00e1 en el actual bloque que mantiene la Renovaci\u00f3n en el Congreso.<\/p>\n\n\n\n<p>Como ejemplo expl\u00edcito, el Gobernador Oscar Herrera Ahuad record\u00f3 lo que pas\u00f3 recientemente en la presentaci\u00f3n del Proyecto del Presupuesto 2022 de la Naci\u00f3n, donde se excluy\u00f3 la zona aduanera que desde el a\u00f1o pasado solicita la tierra colorada para equiparar las asimetr\u00edas con los pa\u00edses fronterizos. Mientras los diputados de la oposici\u00f3n se burlaban en twitter, los de la Renovaci\u00f3n se pusieron a disposici\u00f3n del mandatario provincial para defender ante la Naci\u00f3n los intereses de Misiones.<\/p>\n\n\n\n<p><strong>La pol\u00edtica con criterio innovador<\/strong><\/p>\n\n\n\n<p>\u201cVamos a darle a la pol\u00edtica un criterio innovador\u201d, precis\u00f3 Rovira aclarando que sin confrontar, van a defender los intereses de los misioneros. \u201cLo m\u00e1s importante que tienen Misiones es su gente, y a la gente hay que cuidarla\u201d, a\u00f1adi\u00f3 Herrera Ahuad quien este a\u00f1o ha estado en el podio de los gobernadores con mejor imagen del pa\u00eds, lo mismo para el intendente de Posadas, informaci\u00f3n difundida por encuestadoras nacionales. \u201cSignifica gesti\u00f3n.<\/p>\n\n\n\n<p>El intendente de Posadas con una calificaci\u00f3n elevad\u00edsima, que nunca tuvo un intendente. Esos son activos, son valores, que van a quedar, que merecen ser apoyados\u201d puntualiz\u00f3 el Presidente de la Legislatura de Misiones.<\/p>\n\n\n\n<p>\u201cLalo\u201d Stelatto, fiel a su estilo, en pocas palabras puntualiz\u00f3 que es el proyecto pol\u00edtico lo que est\u00e1 detr\u00e1s de cada obra. \u201cSoy una persona de no hablar, prefiero que hable el trabajo y la gesti\u00f3n.<\/p>\n\n\n\n<p>Pero a veces es necesario explicar que estas obras no se hacen solas, que detr\u00e1s de cada calle de asfaltamos, las obras que llegan a los barrios, de cada luminaria que colocamos, de cada plaza que ponemos en valor, hay un proyecto pol\u00edtico que pone a los misioneros como prioridad, que defiende los intereses de la provincia antes que nada y que trabaja para eso\u201d, dijo el Intendente que est\u00e1 llevando el asfalto y desarrollo a cada rinc\u00f3n de la ciudad, algo hasta hace poco impensado por los posade\u00f1os.<\/p>\n\n\n\n<p><strong>El mejor servicio de salud del interior del pa\u00eds<\/strong><\/p>\n\n\n\n<p><br>Misiones inaugur\u00f3 10 hospitales en pandemia. Su sistema binario de la econom\u00eda, previsto en el presupuesto actual, le permiti\u00f3 reactivar la producci\u00f3n sin descuidar la salud. No se perdi\u00f3 un d\u00eda de clases, ya que la virtualidad pudo reemplazar la presencialidad y as\u00ed garantizar el derecho a la educaci\u00f3n. \u201cFue clave la toma de decisiones al inicio en un escenario desconocido. Nuestra provincia decidi\u00f3 con inteligencia y no con desesperaci\u00f3n, porque lo desconocido genera un estado de confusi\u00f3n inicial\u201d, explic\u00f3 Herrera Ahuad.<\/p>\n\n\n\n<p>Misiones hoy tiene el mejor servicio de salud del interior del pa\u00eds, avalado por una pol\u00edtica importante de inversi\u00f3n tanto humana como materiales. Eso permiti\u00f3 la contenci\u00f3n de la peor crisis sanitaria que vivi\u00f3 la humanidad. Misiones durante la Pandemia invirti\u00f3 m\u00e1s que CABA, m\u00e1s que todo el pa\u00eds, con el dinero escaso de los misioneros, con un esquema fiscal propio\u201d, puntualiz\u00f3 Rovira. Y puso un manto de claridad sobre un tema que muchas veces se sobreentiende: \u201cLa medicina gratuita significa sin cargo al ciudadano pero con un terrible costo que asume el Estado Provincial\u201d.<\/p>\n\n\n\n<p>Este 2021 hubo un r\u00e9cord absoluto en el tratamiento legislativo. De 91 leyes aprobadas, m\u00e1s de 30 fueron dedicadas a la salud. \u201cEl valor m\u00e1s importante que tiene Misiones es su gente, y a la gente hay que cuidarla, no solo con hospitales y medicina sino con el esp\u00edritu y el alma\u201d, dijo el Dr. Herrera Ahuad.<\/p>\n\n\n\n<p><strong>El cambio clim\u00e1tico no es una moda<\/strong><\/p>\n\n\n\n<p>\u201cEn menos de una d\u00e9cada, los principales recursos que tendr\u00e1 la provincia ser\u00e1n los recursos provenientes de los bonos verdes. Misiones ser\u00e1 el green bank\u201d, anticip\u00f3 Rovira, y destac\u00f3 el rol de la delegaci\u00f3n misionera en el COP26, la cumbre sobre el Cambio Clim\u00e1tico de las Naciones Unidas que se est\u00e1 realizando en estos momentos en Glasgow, Escocia.<\/p>\n\n\n\n<p>\u201cPara nosotros el cambio clim\u00e1tico no es una moda\u201d, se refiri\u00f3 Rovira y dijo que Misiones va a acompa\u00f1ar todas las gestiones que haga en el mundo la Naci\u00f3n sobre los bonos verdes \u201cen tanto y en cuanto se consagre la soberan\u00eda y deuda ambiental que tiene la naci\u00f3n con la provincia. Por eso en este trascurso hemos planteado la compensaci\u00f3n ambiental\u201d.<\/p>\n","protected":false},"excerpt":{"rendered":"<p>\u201cNo somos independentistas, pero s\u00ed en el plano de las ideas, tenemos un movimiento propio, genuino, de vanguardia que muchas veces es adoptado por otras regiones. Estamos en condiciones de consolidar un bloque neorevisionista\u201d, adelant\u00f3 el Conductor del Frente Renovador, Carlos Rovira, en una conferencia de prensa realizada este jueves de tarde junto al intendente [&hellip;]<\/p>\n","protected":false},"author":2,"featured_media":10353,"comment_status":"open","ping_status":"open","sticky":false,"template":"","format":"standard","meta":{"footnotes":""},"categories":[35],"tags":[],"class_list":["post-10352","post","type-post","status-publish","format-standard","has-post-thumbnail","hentry","category-informacion-general"],"yoast_head":"<!-- This site is optimized with the Yoast SEO plugin v27.5 - https:\/\/yoast.com\/product\/yoast-seo-wordpress\/ -->\n<title>Llega el neorevisionismo a la pol\u00edtica misionera | CVI NOTICIAS<\/title>\n<meta name=\"robots\" content=\"index, follow, max-snippet:-1, max-image-preview:large, max-video-preview:-1\" \/>\n<link rel=\"canonical\" href=\"https:\/\/cvinoticias.com\/v3\/llega-el-neorevisionismo-a-la-politica-misionera\/\" \/>\n<meta property=\"og:locale\" content=\"es_ES\" \/>\n<meta property=\"og:type\" content=\"article\" \/>\n<meta property=\"og:title\" content=\"Llega el neorevisionismo a la pol\u00edtica misionera | CVI NOTICIAS\" \/>\n<meta property=\"og:description\" content=\"\u201cNo somos independentistas, pero s\u00ed en el plano de las ideas, tenemos un movimiento propio, genuino, de vanguardia que muchas veces es adoptado por otras regiones. Estamos en condiciones de consolidar un bloque neorevisionista\u201d, adelant\u00f3 el Conductor del Frente Renovador, Carlos Rovira, en una conferencia de prensa realizada este jueves de tarde junto al intendente [&hellip;]\" \/>\n<meta property=\"og:url\" content=\"https:\/\/cvinoticias.com\/v3\/llega-el-neorevisionismo-a-la-politica-misionera\/\" \/>\n<meta property=\"og:site_name\" content=\"CVI NOTICIAS\" \/>\n<meta property=\"article:publisher\" content=\"https:\/\/www.facebook.com\/cvinoticias\" \/>\n<meta property=\"article:published_time\" content=\"2021-11-05T12:41:53+00:00\" \/>\n<meta property=\"og:image\" content=\"https:\/\/cvinoticias.com\/wp-content\/uploads\/2021\/11\/IMG-20211104-WA0095.jpg\" \/>\n\t<meta property=\"og:image:width\" content=\"1600\" \/>\n\t<meta property=\"og:image:height\" content=\"1066\" \/>\n\t<meta property=\"og:image:type\" content=\"image\/jpeg\" \/>\n<meta name=\"author\" content=\"f1000024\" \/>\n<meta name=\"twitter:card\" content=\"summary_large_image\" \/>\n<meta name=\"twitter:label1\" content=\"Escrito por\" \/>\n\t<meta name=\"twitter:data1\" content=\"f1000024\" \/>\n\t<meta name=\"twitter:label2\" content=\"Tiempo de lectura\" \/>\n\t<meta name=\"twitter:data2\" content=\"5 minutos\" \/>\n<script type=\"application\/ld+json\" class=\"yoast-schema-graph\">{\"@context\":\"https:\\\/\\\/schema.org\",\"@graph\":[{\"@type\":\"Article\",\"@id\":\"https:\\\/\\\/cvinoticias.com\\\/v3\\\/llega-el-neorevisionismo-a-la-politica-misionera\\\/#article\",\"isPartOf\":{\"@id\":\"https:\\\/\\\/cvinoticias.com\\\/v3\\\/llega-el-neorevisionismo-a-la-politica-misionera\\\/\"},\"author\":{\"name\":\"f1000024\",\"@id\":\"https:\\\/\\\/cvinoticias.com\\\/v3\\\/#\\\/schema\\\/person\\\/2db77e3c6bc03c538495d7b2b8be9b66\"},\"headline\":\"Llega el neorevisionismo a la pol\u00edtica misionera\",\"datePublished\":\"2021-11-05T12:41:53+00:00\",\"mainEntityOfPage\":{\"@id\":\"https:\\\/\\\/cvinoticias.com\\\/v3\\\/llega-el-neorevisionismo-a-la-politica-misionera\\\/\"},\"wordCount\":921,\"commentCount\":0,\"publisher\":{\"@id\":\"https:\\\/\\\/cvinoticias.com\\\/v3\\\/#organization\"},\"image\":{\"@id\":\"https:\\\/\\\/cvinoticias.com\\\/v3\\\/llega-el-neorevisionismo-a-la-politica-misionera\\\/#primaryimage\"},\"thumbnailUrl\":\"https:\\\/\\\/cvinoticias.com\\\/wp-content\\\/uploads\\\/2021\\\/11\\\/IMG-20211104-WA0095.jpg\",\"articleSection\":[\"Informaci\u00f3n General\"],\"inLanguage\":\"es\",\"potentialAction\":[{\"@type\":\"CommentAction\",\"name\":\"Comment\",\"target\":[\"https:\\\/\\\/cvinoticias.com\\\/v3\\\/llega-el-neorevisionismo-a-la-politica-misionera\\\/#respond\"]}]},{\"@type\":\"WebPage\",\"@id\":\"https:\\\/\\\/cvinoticias.com\\\/v3\\\/llega-el-neorevisionismo-a-la-politica-misionera\\\/\",\"url\":\"https:\\\/\\\/cvinoticias.com\\\/v3\\\/llega-el-neorevisionismo-a-la-politica-misionera\\\/\",\"name\":\"Llega el neorevisionismo a la pol\u00edtica misionera | CVI NOTICIAS\",\"isPartOf\":{\"@id\":\"https:\\\/\\\/cvinoticias.com\\\/v3\\\/#website\"},\"primaryImageOfPage\":{\"@id\":\"https:\\\/\\\/cvinoticias.com\\\/v3\\\/llega-el-neorevisionismo-a-la-politica-misionera\\\/#primaryimage\"},\"image\":{\"@id\":\"https:\\\/\\\/cvinoticias.com\\\/v3\\\/llega-el-neorevisionismo-a-la-politica-misionera\\\/#primaryimage\"},\"thumbnailUrl\":\"https:\\\/\\\/cvinoticias.com\\\/wp-content\\\/uploads\\\/2021\\\/11\\\/IMG-20211104-WA0095.jpg\",\"datePublished\":\"2021-11-05T12:41:53+00:00\",\"breadcrumb\":{\"@id\":\"https:\\\/\\\/cvinoticias.com\\\/v3\\\/llega-el-neorevisionismo-a-la-politica-misionera\\\/#breadcrumb\"},\"inLanguage\":\"es\",\"potentialAction\":[{\"@type\":\"ReadAction\",\"target\":[\"https:\\\/\\\/cvinoticias.com\\\/v3\\\/llega-el-neorevisionismo-a-la-politica-misionera\\\/\"]}]},{\"@type\":\"ImageObject\",\"inLanguage\":\"es\",\"@id\":\"https:\\\/\\\/cvinoticias.com\\\/v3\\\/llega-el-neorevisionismo-a-la-politica-misionera\\\/#primaryimage\",\"url\":\"https:\\\/\\\/cvinoticias.com\\\/wp-content\\\/uploads\\\/2021\\\/11\\\/IMG-20211104-WA0095.jpg\",\"contentUrl\":\"https:\\\/\\\/cvinoticias.com\\\/wp-content\\\/uploads\\\/2021\\\/11\\\/IMG-20211104-WA0095.jpg\",\"width\":1600,\"height\":1066},{\"@type\":\"BreadcrumbList\",\"@id\":\"https:\\\/\\\/cvinoticias.com\\\/v3\\\/llega-el-neorevisionismo-a-la-politica-misionera\\\/#breadcrumb\",\"itemListElement\":[{\"@type\":\"ListItem\",\"position\":1,\"name\":\"Portada\",\"item\":\"https:\\\/\\\/cvinoticias.com\\\/v3\\\/\"},{\"@type\":\"ListItem\",\"position\":2,\"name\":\"Llega el neorevisionismo a la pol\u00edtica misionera\"}]},{\"@type\":\"WebSite\",\"@id\":\"https:\\\/\\\/cvinoticias.com\\\/v3\\\/#website\",\"url\":\"https:\\\/\\\/cvinoticias.com\\\/v3\\\/\",\"name\":\"CVI NOTICIAS\",\"description\":\"\",\"publisher\":{\"@id\":\"https:\\\/\\\/cvinoticias.com\\\/v3\\\/#organization\"},\"alternateName\":\"CVI\",\"potentialAction\":[{\"@type\":\"SearchAction\",\"target\":{\"@type\":\"EntryPoint\",\"urlTemplate\":\"https:\\\/\\\/cvinoticias.com\\\/v3\\\/?s={search_term_string}\"},\"query-input\":{\"@type\":\"PropertyValueSpecification\",\"valueRequired\":true,\"valueName\":\"search_term_string\"}}],\"inLanguage\":\"es\"},{\"@type\":\"Organization\",\"@id\":\"https:\\\/\\\/cvinoticias.com\\\/v3\\\/#organization\",\"name\":\"CVI NOTICIAS\",\"url\":\"https:\\\/\\\/cvinoticias.com\\\/v3\\\/\",\"logo\":{\"@type\":\"ImageObject\",\"inLanguage\":\"es\",\"@id\":\"https:\\\/\\\/cvinoticias.com\\\/v3\\\/#\\\/schema\\\/logo\\\/image\\\/\",\"url\":\"https:\\\/\\\/cvinoticias.com\\\/wp-content\\\/uploads\\\/2023\\\/04\\\/cropped-cropped-cropped-cropped-cropped-3-1.png\",\"contentUrl\":\"https:\\\/\\\/cvinoticias.com\\\/wp-content\\\/uploads\\\/2023\\\/04\\\/cropped-cropped-cropped-cropped-cropped-3-1.png\",\"width\":95,\"height\":122,\"caption\":\"CVI NOTICIAS\"},\"image\":{\"@id\":\"https:\\\/\\\/cvinoticias.com\\\/v3\\\/#\\\/schema\\\/logo\\\/image\\\/\"},\"sameAs\":[\"https:\\\/\\\/www.facebook.com\\\/cvinoticias\",\"https:\\\/\\\/www.instagram.com\\\/cvinoticias\\\/\",\"https:\\\/\\\/www.youtube.com\\\/@CVINOTICIAS\"]},{\"@type\":\"Person\",\"@id\":\"https:\\\/\\\/cvinoticias.com\\\/v3\\\/#\\\/schema\\\/person\\\/2db77e3c6bc03c538495d7b2b8be9b66\",\"name\":\"f1000024\",\"image\":{\"@type\":\"ImageObject\",\"inLanguage\":\"es\",\"@id\":\"https:\\\/\\\/secure.gravatar.com\\\/avatar\\\/d4fe7459cfc51ff5129ce1a732bbef5928568b8092d412ef95611616376bbeed?s=96&d=mm&r=g\",\"url\":\"https:\\\/\\\/secure.gravatar.com\\\/avatar\\\/d4fe7459cfc51ff5129ce1a732bbef5928568b8092d412ef95611616376bbeed?s=96&d=mm&r=g\",\"contentUrl\":\"https:\\\/\\\/secure.gravatar.com\\\/avatar\\\/d4fe7459cfc51ff5129ce1a732bbef5928568b8092d412ef95611616376bbeed?s=96&d=mm&r=g\",\"caption\":\"f1000024\"},\"url\":\"https:\\\/\\\/cvinoticias.com\\\/v3\\\/author\\\/f1000024\\\/\"}]}<\/script>\n<!-- \/ Yoast SEO plugin. -->","yoast_head_json":{"title":"Llega el neorevisionismo a la pol\u00edtica misionera | CVI NOTICIAS","robots":{"index":"index","follow":"follow","max-snippet":"max-snippet:-1","max-image-preview":"max-image-preview:large","max-video-preview":"max-video-preview:-1"},"canonical":"https:\/\/cvinoticias.com\/v3\/llega-el-neorevisionismo-a-la-politica-misionera\/","og_locale":"es_ES","og_type":"article","og_title":"Llega el neorevisionismo a la pol\u00edtica misionera | CVI NOTICIAS","og_description":"\u201cNo somos independentistas, pero s\u00ed en el plano de las ideas, tenemos un movimiento propio, genuino, de vanguardia que muchas veces es adoptado por otras regiones. Estamos en condiciones de consolidar un bloque neorevisionista\u201d, adelant\u00f3 el Conductor del Frente Renovador, Carlos Rovira, en una conferencia de prensa realizada este jueves de tarde junto al intendente [&hellip;]","og_url":"https:\/\/cvinoticias.com\/v3\/llega-el-neorevisionismo-a-la-politica-misionera\/","og_site_name":"CVI NOTICIAS","article_publisher":"https:\/\/www.facebook.com\/cvinoticias","article_published_time":"2021-11-05T12:41:53+00:00","og_image":[{"width":1600,"height":1066,"url":"https:\/\/cvinoticias.com\/wp-content\/uploads\/2021\/11\/IMG-20211104-WA0095.jpg","type":"image\/jpeg"}],"author":"f1000024","twitter_card":"summary_large_image","twitter_misc":{"Escrito por":"f1000024","Tiempo de lectura":"5 minutos"},"schema":{"@context":"https:\/\/schema.org","@graph":[{"@type":"Article","@id":"https:\/\/cvinoticias.com\/v3\/llega-el-neorevisionismo-a-la-politica-misionera\/#article","isPartOf":{"@id":"https:\/\/cvinoticias.com\/v3\/llega-el-neorevisionismo-a-la-politica-misionera\/"},"author":{"name":"f1000024","@id":"https:\/\/cvinoticias.com\/v3\/#\/schema\/person\/2db77e3c6bc03c538495d7b2b8be9b66"},"headline":"Llega el neorevisionismo a la pol\u00edtica misionera","datePublished":"2021-11-05T12:41:53+00:00","mainEntityOfPage":{"@id":"https:\/\/cvinoticias.com\/v3\/llega-el-neorevisionismo-a-la-politica-misionera\/"},"wordCount":921,"commentCount":0,"publisher":{"@id":"https:\/\/cvinoticias.com\/v3\/#organization"},"image":{"@id":"https:\/\/cvinoticias.com\/v3\/llega-el-neorevisionismo-a-la-politica-misionera\/#primaryimage"},"thumbnailUrl":"https:\/\/cvinoticias.com\/wp-content\/uploads\/2021\/11\/IMG-20211104-WA0095.jpg","articleSection":["Informaci\u00f3n General"],"inLanguage":"es","potentialAction":[{"@type":"CommentAction","name":"Comment","target":["https:\/\/cvinoticias.com\/v3\/llega-el-neorevisionismo-a-la-politica-misionera\/#respond"]}]},{"@type":"WebPage","@id":"https:\/\/cvinoticias.com\/v3\/llega-el-neorevisionismo-a-la-politica-misionera\/","url":"https:\/\/cvinoticias.com\/v3\/llega-el-neorevisionismo-a-la-politica-misionera\/","name":"Llega el neorevisionismo a la pol\u00edtica misionera | CVI NOTICIAS","isPartOf":{"@id":"https:\/\/cvinoticias.com\/v3\/#website"},"primaryImageOfPage":{"@id":"https:\/\/cvinoticias.com\/v3\/llega-el-neorevisionismo-a-la-politica-misionera\/#primaryimage"},"image":{"@id":"https:\/\/cvinoticias.com\/v3\/llega-el-neorevisionismo-a-la-politica-misionera\/#primaryimage"},"thumbnailUrl":"https:\/\/cvinoticias.com\/wp-content\/uploads\/2021\/11\/IMG-20211104-WA0095.jpg","datePublished":"2021-11-05T12:41:53+00:00","breadcrumb":{"@id":"https:\/\/cvinoticias.com\/v3\/llega-el-neorevisionismo-a-la-politica-misionera\/#breadcrumb"},"inLanguage":"es","potentialAction":[{"@type":"ReadAction","target":["https:\/\/cvinoticias.com\/v3\/llega-el-neorevisionismo-a-la-politica-misionera\/"]}]},{"@type":"ImageObject","inLanguage":"es","@id":"https:\/\/cvinoticias.com\/v3\/llega-el-neorevisionismo-a-la-politica-misionera\/#primaryimage","url":"https:\/\/cvinoticias.com\/wp-content\/uploads\/2021\/11\/IMG-20211104-WA0095.jpg","contentUrl":"https:\/\/cvinoticias.com\/wp-content\/uploads\/2021\/11\/IMG-20211104-WA0095.jpg","width":1600,"height":1066},{"@type":"BreadcrumbList","@id":"https:\/\/cvinoticias.com\/v3\/llega-el-neorevisionismo-a-la-politica-misionera\/#breadcrumb","itemListElement":[{"@type":"ListItem","position":1,"name":"Portada","item":"https:\/\/cvinoticias.com\/v3\/"},{"@type":"ListItem","position":2,"name":"Llega el neorevisionismo a la pol\u00edtica misionera"}]},{"@type":"WebSite","@id":"https:\/\/cvinoticias.com\/v3\/#website","url":"https:\/\/cvinoticias.com\/v3\/","name":"CVI NOTICIAS","description":"","publisher":{"@id":"https:\/\/cvinoticias.com\/v3\/#organization"},"alternateName":"CVI","potentialAction":[{"@type":"SearchAction","target":{"@type":"EntryPoint","urlTemplate":"https:\/\/cvinoticias.com\/v3\/?s={search_term_string}"},"query-input":{"@type":"PropertyValueSpecification","valueRequired":true,"valueName":"search_term_string"}}],"inLanguage":"es"},{"@type":"Organization","@id":"https:\/\/cvinoticias.com\/v3\/#organization","name":"CVI NOTICIAS","url":"https:\/\/cvinoticias.com\/v3\/","logo":{"@type":"ImageObject","inLanguage":"es","@id":"https:\/\/cvinoticias.com\/v3\/#\/schema\/logo\/image\/","url":"https:\/\/cvinoticias.com\/wp-content\/uploads\/2023\/04\/cropped-cropped-cropped-cropped-cropped-3-1.png","contentUrl":"https:\/\/cvinoticias.com\/wp-content\/uploads\/2023\/04\/cropped-cropped-cropped-cropped-cropped-3-1.png","width":95,"height":122,"caption":"CVI NOTICIAS"},"image":{"@id":"https:\/\/cvinoticias.com\/v3\/#\/schema\/logo\/image\/"},"sameAs":["https:\/\/www.facebook.com\/cvinoticias","https:\/\/www.instagram.com\/cvinoticias\/","https:\/\/www.youtube.com\/@CVINOTICIAS"]},{"@type":"Person","@id":"https:\/\/cvinoticias.com\/v3\/#\/schema\/person\/2db77e3c6bc03c538495d7b2b8be9b66","name":"f1000024","image":{"@type":"ImageObject","inLanguage":"es","@id":"https:\/\/secure.gravatar.com\/avatar\/d4fe7459cfc51ff5129ce1a732bbef5928568b8092d412ef95611616376bbeed?s=96&d=mm&r=g","url":"https:\/\/secure.gravatar.com\/avatar\/d4fe7459cfc51ff5129ce1a732bbef5928568b8092d412ef95611616376bbeed?s=96&d=mm&r=g","contentUrl":"https:\/\/secure.gravatar.com\/avatar\/d4fe7459cfc51ff5129ce1a732bbef5928568b8092d412ef95611616376bbeed?s=96&d=mm&r=g","caption":"f1000024"},"url":"https:\/\/cvinoticias.com\/v3\/author\/f1000024\/"}]}},"_links":{"self":[{"href":"https:\/\/cvinoticias.com\/v3\/wp-json\/wp\/v2\/posts\/10352","targetHints":{"allow":["GET"]}}],"collection":[{"href":"https:\/\/cvinoticias.com\/v3\/wp-json\/wp\/v2\/posts"}],"about":[{"href":"https:\/\/cvinoticias.com\/v3\/wp-json\/wp\/v2\/types\/post"}],"author":[{"embeddable":true,"href":"https:\/\/cvinoticias.com\/v3\/wp-json\/wp\/v2\/users\/2"}],"replies":[{"embeddable":true,"href":"https:\/\/cvinoticias.com\/v3\/wp-json\/wp\/v2\/comments?post=10352"}],"version-history":[{"count":1,"href":"https:\/\/cvinoticias.com\/v3\/wp-json\/wp\/v2\/posts\/10352\/revisions"}],"predecessor-version":[{"id":10354,"href":"https:\/\/cvinoticias.com\/v3\/wp-json\/wp\/v2\/posts\/10352\/revisions\/10354"}],"wp:featuredmedia":[{"embeddable":true,"href":"https:\/\/cvinoticias.com\/v3\/wp-json\/wp\/v2\/media\/10353"}],"wp:attachment":[{"href":"https:\/\/cvinoticias.com\/v3\/wp-json\/wp\/v2\/media?parent=10352"}],"wp:term":[{"taxonomy":"category","embeddable":true,"href":"https:\/\/cvinoticias.com\/v3\/wp-json\/wp\/v2\/categories?post=10352"},{"taxonomy":"post_tag","embeddable":true,"href":"https:\/\/cvinoticias.com\/v3\/wp-json\/wp\/v2\/tags?post=10352"}],"curies":[{"name":"wp","href":"https:\/\/api.w.org\/{rel}","templated":true}]}}