{"id":10318,"date":"2021-11-04T13:08:33","date_gmt":"2021-11-04T13:08:33","guid":{"rendered":"https:\/\/cvinoticias.com\/v3\/?p=10318"},"modified":"2021-11-04T13:08:33","modified_gmt":"2021-11-04T13:08:33","slug":"el-gobernador-acompano-la-inauguracion-de-la-fiesta-de-la-familia-yerbatera","status":"publish","type":"post","link":"https:\/\/cvinoticias.com\/v3\/el-gobernador-acompano-la-inauguracion-de-la-fiesta-de-la-familia-yerbatera\/","title":{"rendered":"El Gobernador acompa\u00f1\u00f3 la inauguraci\u00f3n de la fiesta de la familia yerbatera"},"content":{"rendered":"\n<p><strong><em>Comenz\u00f3 en Ap\u00f3stoles la 43\u00b0 Fiesta Nacional e Internacional de la Yerba Mate. El Gobernador encabez\u00f3 la apertura del festival que se extender\u00e1 hasta el domingo 7 y que busca resaltar la labor cotidiana de la familia yerbatera. El funcionario valor\u00f3 el cuidado de la cadena productiva y el lugar que ocupa la yerba mate como producto madre en la provincia.<\/em><\/strong><\/p>\n\n\n\n<p>Anoche, comenz\u00f3 la 43\u00b0 Fiesta Nacional e Internacional de la Yerba Mate que se desarrollar\u00e1 hasta el 7 de noviembre y contar\u00e1 con espect\u00e1culos al aire libre, recitales de artistas nacionales y locales, pe\u00f1as, conferencias, charlas y stands de industrias, artesanos y emprendedores.<\/p>\n\n\n\n<p>El gobernador Oscar Herrera Ahuad encabez\u00f3 el acto de apertura de la fiesta que resalta la producci\u00f3n y elaboraci\u00f3n de la yerba mate. Despu\u00e9s de la colocaci\u00f3n de la ofrenda en el Monumento del Tarefero, el corte de cintas, y el acto protocolar, el mandatario, acompa\u00f1ado de vecinos y autoridades, recorri\u00f3 el predio de la Expo Yerba. En la misma oportunidad fue declarado ciudadano ilustre y hu\u00e9sped de honor.<\/p>\n\n\n\n<figure class=\"wp-block-image size-large\"><a href=\"https:\/\/cvinoticias.com\/wp-content\/uploads\/2021\/11\/FB_IMG_1636030822677.jpg\"><img decoding=\"async\" width=\"1024\" height=\"683\" data-src=\"https:\/\/cvinoticias.com\/wp-content\/uploads\/2021\/11\/FB_IMG_1636030822677-1024x683.jpg\" alt=\"\" class=\"wp-image-10319 lazyload\" data-srcset=\"https:\/\/cvinoticias.com\/wp-content\/uploads\/2021\/11\/FB_IMG_1636030822677-1024x683.jpg 1024w, https:\/\/cvinoticias.com\/wp-content\/uploads\/2021\/11\/FB_IMG_1636030822677-300x200.jpg 300w, https:\/\/cvinoticias.com\/wp-content\/uploads\/2021\/11\/FB_IMG_1636030822677-768x512.jpg 768w, https:\/\/cvinoticias.com\/wp-content\/uploads\/2021\/11\/FB_IMG_1636030822677.jpg 1080w\" data-sizes=\"(max-width: 1024px) 100vw, 1024px\" src=\"data:image\/svg+xml;base64,PHN2ZyB3aWR0aD0iMSIgaGVpZ2h0PSIxIiB4bWxucz0iaHR0cDovL3d3dy53My5vcmcvMjAwMC9zdmciPjwvc3ZnPg==\" style=\"--smush-placeholder-width: 1024px; --smush-placeholder-aspect-ratio: 1024\/683;\" \/><\/a><\/figure>\n\n\n\n<p>Durante su intervenci\u00f3n, Herrera Ahuad destac\u00f3 a la fiesta por su enorme componente de reconocimiento a los productores, industriales y tareferos y agradeci\u00f3 a los encargados de la organizaci\u00f3n del evento. En consonancia, resalt\u00f3 el reconocimiento de los actores involucrados en posibilitar que \u201cel producto madre de nuestra provincia haya podido avanzar en el desarrollo de la econom\u00eda\u201d, de la Argentina y de Misiones.<\/p>\n\n\n\n<p>Adem\u00e1s, reiter\u00f3 su compromiso con toda la cadena productiva y la voluntad de estar al lado y defendiendo los logros \u201cque no son producto de la casualidad, sino de luchas de muchos a\u00f1os\u201d. Dio cuenta de la importancia de la yerba mate por las vivencias, luchas y sacrificio de la comunidad misionera. Sobre todo, destac\u00f3 el poder compartir la fiesta en un tiempo donde el desaf\u00edo de los productores, cooperativistas e industriales \u201cllev\u00f3 a lo m\u00e1s alto de la cadena de valor a la yerba mate\u201d, consolidando el producto a nivel nacional e internacional.<\/p>\n\n\n\n<p>\u201cNing\u00fan establecimiento yerbatero ha cerrado durante el tiempo de pandemia\u201d, afirm\u00f3 destacando el cuidado puesto sobre la matriz productiva, algo que no se dio en ninguna otra provincia de la Argentina. Por \u00faltimo, manifest\u00f3 que son tiempos donde se debe seguir gestionando y habl\u00f3 de grandes oportunidades con muchas expectativas en la salida de la pandemia. \u201cPero tambi\u00e9n, esas expectativas son acompa\u00f1adas por la sociedad que comienza a encontrar el camino y la salida. Las actividades sociales van a potenciar el consumo de la yerba mate\u201d, precis\u00f3.<\/p>\n\n\n\n<p>Mientras, la intendenta local, Mar\u00eda Eugenia Safr\u00e1n celebr\u00f3 que \u201cse inicia esta fiesta que nos enorgullece a todos, no s\u00f3lo a los ap\u00f3stole\u00f1os, sino tambi\u00e9n a todos los vecinos que representan a una gran regi\u00f3n de nuestra Argentina donde la producci\u00f3n y la actividad econ\u00f3mica dependen de la yerba mate\u201d.<\/p>\n\n\n\n<p>En consonancia, el presidente de la Comisi\u00f3n Organizadora, Fernando Ojeda y el presidente del INYM, Juan Jos\u00e9 Szychowski, resaltaron el rol del Gobierno provincial, tanto como el de todos los actores involucrados en la producci\u00f3n, en el mantenimiento de la cadena de valor de la yerba mate.<\/p>\n\n\n\n<p>Entre los asistentes al evento estuvieron ministros y miembros del Gabinete provincial, diputados, intendentes de localidades vecina y las soberanas de la Fiesta, entre otras autoridades.<\/p>\n\n\n\n<p>UNA NUEVA EDICI\u00d3N QUE RESALTA UN S\u00cdMBOLO TRADICIONAL<\/p>\n\n\n\n<p>Las actividades de la fiesta se desarrollar\u00e1n de forma totalmente libre y gratuita en el predio de la Expo Yerba, ubicado entre las avenidas Islas Malvinas y Centenario, frente al Monumento al Tarefero.<\/p>\n\n\n\n<p>El objetivo es resaltar el quehacer cotidiano y el esfuerzo de toda la gente abocada a la producci\u00f3n y elaboraci\u00f3n de la yerba mate, aut\u00f3ctona y argentina por excelencia. Por eso el predio ferial ofrece un recorrido de m\u00e1s de 200 stands de industrias, artesanos, emprendedores y organismos estatales convirti\u00e9ndose en la vidriera de la ciudad de Ap\u00f3stoles y de toda la regi\u00f3n.<\/p>\n\n\n\n<figure class=\"wp-block-image size-large\"><a href=\"https:\/\/cvinoticias.com\/wp-content\/uploads\/2021\/11\/FB_IMG_1636030832841.jpg\"><img decoding=\"async\" width=\"1024\" height=\"683\" data-src=\"https:\/\/cvinoticias.com\/wp-content\/uploads\/2021\/11\/FB_IMG_1636030832841-1024x683.jpg\" alt=\"\" class=\"wp-image-10320 lazyload\" data-srcset=\"https:\/\/cvinoticias.com\/wp-content\/uploads\/2021\/11\/FB_IMG_1636030832841-1024x683.jpg 1024w, https:\/\/cvinoticias.com\/wp-content\/uploads\/2021\/11\/FB_IMG_1636030832841-300x200.jpg 300w, https:\/\/cvinoticias.com\/wp-content\/uploads\/2021\/11\/FB_IMG_1636030832841-768x512.jpg 768w, https:\/\/cvinoticias.com\/wp-content\/uploads\/2021\/11\/FB_IMG_1636030832841.jpg 1080w\" data-sizes=\"(max-width: 1024px) 100vw, 1024px\" src=\"data:image\/svg+xml;base64,PHN2ZyB3aWR0aD0iMSIgaGVpZ2h0PSIxIiB4bWxucz0iaHR0cDovL3d3dy53My5vcmcvMjAwMC9zdmciPjwvc3ZnPg==\" style=\"--smush-placeholder-width: 1024px; --smush-placeholder-aspect-ratio: 1024\/683;\" \/><\/a><\/figure>\n","protected":false},"excerpt":{"rendered":"<p>Comenz\u00f3 en Ap\u00f3stoles la 43\u00b0 Fiesta Nacional e Internacional de la Yerba Mate. El Gobernador encabez\u00f3 la apertura del festival que se extender\u00e1 hasta el domingo 7 y que busca resaltar la labor cotidiana de la familia yerbatera. El funcionario valor\u00f3 el cuidado de la cadena productiva y el lugar que ocupa la yerba mate [&hellip;]<\/p>\n","protected":false},"author":2,"featured_media":10321,"comment_status":"open","ping_status":"open","sticky":false,"template":"","format":"standard","meta":{"footnotes":""},"categories":[43],"tags":[],"class_list":["post-10318","post","type-post","status-publish","format-standard","has-post-thumbnail","hentry","category-provinciales"],"yoast_head":"<!-- This site is optimized with the Yoast SEO plugin v27.5 - https:\/\/yoast.com\/product\/yoast-seo-wordpress\/ -->\n<title>El Gobernador acompa\u00f1\u00f3 la inauguraci\u00f3n de la fiesta de la familia yerbatera | CVI NOTICIAS<\/title>\n<meta name=\"robots\" content=\"index, follow, max-snippet:-1, max-image-preview:large, max-video-preview:-1\" \/>\n<link rel=\"canonical\" href=\"https:\/\/cvinoticias.com\/v3\/el-gobernador-acompano-la-inauguracion-de-la-fiesta-de-la-familia-yerbatera\/\" \/>\n<meta property=\"og:locale\" content=\"es_ES\" \/>\n<meta property=\"og:type\" content=\"article\" \/>\n<meta property=\"og:title\" content=\"El Gobernador acompa\u00f1\u00f3 la inauguraci\u00f3n de la fiesta de la familia yerbatera | CVI NOTICIAS\" \/>\n<meta property=\"og:description\" content=\"Comenz\u00f3 en Ap\u00f3stoles la 43\u00b0 Fiesta Nacional e Internacional de la Yerba Mate. El Gobernador encabez\u00f3 la apertura del festival que se extender\u00e1 hasta el domingo 7 y que busca resaltar la labor cotidiana de la familia yerbatera. El funcionario valor\u00f3 el cuidado de la cadena productiva y el lugar que ocupa la yerba mate [&hellip;]\" \/>\n<meta property=\"og:url\" content=\"https:\/\/cvinoticias.com\/v3\/el-gobernador-acompano-la-inauguracion-de-la-fiesta-de-la-familia-yerbatera\/\" \/>\n<meta property=\"og:site_name\" content=\"CVI NOTICIAS\" \/>\n<meta property=\"article:publisher\" content=\"https:\/\/www.facebook.com\/cvinoticias\" \/>\n<meta property=\"article:published_time\" content=\"2021-11-04T13:08:33+00:00\" \/>\n<meta property=\"og:image\" content=\"https:\/\/cvinoticias.com\/wp-content\/uploads\/2021\/11\/FB_IMG_1636030817846.jpg\" \/>\n\t<meta property=\"og:image:width\" content=\"1080\" \/>\n\t<meta property=\"og:image:height\" content=\"720\" \/>\n\t<meta property=\"og:image:type\" content=\"image\/jpeg\" \/>\n<meta name=\"author\" content=\"f1000024\" \/>\n<meta name=\"twitter:card\" content=\"summary_large_image\" \/>\n<meta name=\"twitter:label1\" content=\"Escrito por\" \/>\n\t<meta name=\"twitter:data1\" content=\"f1000024\" \/>\n\t<meta name=\"twitter:label2\" content=\"Tiempo de lectura\" \/>\n\t<meta name=\"twitter:data2\" content=\"3 minutos\" \/>\n<script type=\"application\/ld+json\" class=\"yoast-schema-graph\">{\"@context\":\"https:\\\/\\\/schema.org\",\"@graph\":[{\"@type\":\"Article\",\"@id\":\"https:\\\/\\\/cvinoticias.com\\\/v3\\\/el-gobernador-acompano-la-inauguracion-de-la-fiesta-de-la-familia-yerbatera\\\/#article\",\"isPartOf\":{\"@id\":\"https:\\\/\\\/cvinoticias.com\\\/v3\\\/el-gobernador-acompano-la-inauguracion-de-la-fiesta-de-la-familia-yerbatera\\\/\"},\"author\":{\"name\":\"f1000024\",\"@id\":\"https:\\\/\\\/cvinoticias.com\\\/v3\\\/#\\\/schema\\\/person\\\/2db77e3c6bc03c538495d7b2b8be9b66\"},\"headline\":\"El Gobernador acompa\u00f1\u00f3 la inauguraci\u00f3n de la fiesta de la familia yerbatera\",\"datePublished\":\"2021-11-04T13:08:33+00:00\",\"mainEntityOfPage\":{\"@id\":\"https:\\\/\\\/cvinoticias.com\\\/v3\\\/el-gobernador-acompano-la-inauguracion-de-la-fiesta-de-la-familia-yerbatera\\\/\"},\"wordCount\":693,\"commentCount\":0,\"publisher\":{\"@id\":\"https:\\\/\\\/cvinoticias.com\\\/v3\\\/#organization\"},\"image\":{\"@id\":\"https:\\\/\\\/cvinoticias.com\\\/v3\\\/el-gobernador-acompano-la-inauguracion-de-la-fiesta-de-la-familia-yerbatera\\\/#primaryimage\"},\"thumbnailUrl\":\"https:\\\/\\\/cvinoticias.com\\\/wp-content\\\/uploads\\\/2021\\\/11\\\/FB_IMG_1636030817846.jpg\",\"articleSection\":[\"Provinciales\"],\"inLanguage\":\"es\",\"potentialAction\":[{\"@type\":\"CommentAction\",\"name\":\"Comment\",\"target\":[\"https:\\\/\\\/cvinoticias.com\\\/v3\\\/el-gobernador-acompano-la-inauguracion-de-la-fiesta-de-la-familia-yerbatera\\\/#respond\"]}]},{\"@type\":\"WebPage\",\"@id\":\"https:\\\/\\\/cvinoticias.com\\\/v3\\\/el-gobernador-acompano-la-inauguracion-de-la-fiesta-de-la-familia-yerbatera\\\/\",\"url\":\"https:\\\/\\\/cvinoticias.com\\\/v3\\\/el-gobernador-acompano-la-inauguracion-de-la-fiesta-de-la-familia-yerbatera\\\/\",\"name\":\"El Gobernador acompa\u00f1\u00f3 la inauguraci\u00f3n de la fiesta de la familia yerbatera | CVI NOTICIAS\",\"isPartOf\":{\"@id\":\"https:\\\/\\\/cvinoticias.com\\\/v3\\\/#website\"},\"primaryImageOfPage\":{\"@id\":\"https:\\\/\\\/cvinoticias.com\\\/v3\\\/el-gobernador-acompano-la-inauguracion-de-la-fiesta-de-la-familia-yerbatera\\\/#primaryimage\"},\"image\":{\"@id\":\"https:\\\/\\\/cvinoticias.com\\\/v3\\\/el-gobernador-acompano-la-inauguracion-de-la-fiesta-de-la-familia-yerbatera\\\/#primaryimage\"},\"thumbnailUrl\":\"https:\\\/\\\/cvinoticias.com\\\/wp-content\\\/uploads\\\/2021\\\/11\\\/FB_IMG_1636030817846.jpg\",\"datePublished\":\"2021-11-04T13:08:33+00:00\",\"breadcrumb\":{\"@id\":\"https:\\\/\\\/cvinoticias.com\\\/v3\\\/el-gobernador-acompano-la-inauguracion-de-la-fiesta-de-la-familia-yerbatera\\\/#breadcrumb\"},\"inLanguage\":\"es\",\"potentialAction\":[{\"@type\":\"ReadAction\",\"target\":[\"https:\\\/\\\/cvinoticias.com\\\/v3\\\/el-gobernador-acompano-la-inauguracion-de-la-fiesta-de-la-familia-yerbatera\\\/\"]}]},{\"@type\":\"ImageObject\",\"inLanguage\":\"es\",\"@id\":\"https:\\\/\\\/cvinoticias.com\\\/v3\\\/el-gobernador-acompano-la-inauguracion-de-la-fiesta-de-la-familia-yerbatera\\\/#primaryimage\",\"url\":\"https:\\\/\\\/cvinoticias.com\\\/wp-content\\\/uploads\\\/2021\\\/11\\\/FB_IMG_1636030817846.jpg\",\"contentUrl\":\"https:\\\/\\\/cvinoticias.com\\\/wp-content\\\/uploads\\\/2021\\\/11\\\/FB_IMG_1636030817846.jpg\",\"width\":1080,\"height\":720},{\"@type\":\"BreadcrumbList\",\"@id\":\"https:\\\/\\\/cvinoticias.com\\\/v3\\\/el-gobernador-acompano-la-inauguracion-de-la-fiesta-de-la-familia-yerbatera\\\/#breadcrumb\",\"itemListElement\":[{\"@type\":\"ListItem\",\"position\":1,\"name\":\"Portada\",\"item\":\"https:\\\/\\\/cvinoticias.com\\\/v3\\\/\"},{\"@type\":\"ListItem\",\"position\":2,\"name\":\"El Gobernador acompa\u00f1\u00f3 la inauguraci\u00f3n de la fiesta de la familia yerbatera\"}]},{\"@type\":\"WebSite\",\"@id\":\"https:\\\/\\\/cvinoticias.com\\\/v3\\\/#website\",\"url\":\"https:\\\/\\\/cvinoticias.com\\\/v3\\\/\",\"name\":\"CVI NOTICIAS\",\"description\":\"\",\"publisher\":{\"@id\":\"https:\\\/\\\/cvinoticias.com\\\/v3\\\/#organization\"},\"alternateName\":\"CVI\",\"potentialAction\":[{\"@type\":\"SearchAction\",\"target\":{\"@type\":\"EntryPoint\",\"urlTemplate\":\"https:\\\/\\\/cvinoticias.com\\\/v3\\\/?s={search_term_string}\"},\"query-input\":{\"@type\":\"PropertyValueSpecification\",\"valueRequired\":true,\"valueName\":\"search_term_string\"}}],\"inLanguage\":\"es\"},{\"@type\":\"Organization\",\"@id\":\"https:\\\/\\\/cvinoticias.com\\\/v3\\\/#organization\",\"name\":\"CVI NOTICIAS\",\"url\":\"https:\\\/\\\/cvinoticias.com\\\/v3\\\/\",\"logo\":{\"@type\":\"ImageObject\",\"inLanguage\":\"es\",\"@id\":\"https:\\\/\\\/cvinoticias.com\\\/v3\\\/#\\\/schema\\\/logo\\\/image\\\/\",\"url\":\"https:\\\/\\\/cvinoticias.com\\\/wp-content\\\/uploads\\\/2023\\\/04\\\/cropped-cropped-cropped-cropped-cropped-3-1.png\",\"contentUrl\":\"https:\\\/\\\/cvinoticias.com\\\/wp-content\\\/uploads\\\/2023\\\/04\\\/cropped-cropped-cropped-cropped-cropped-3-1.png\",\"width\":95,\"height\":122,\"caption\":\"CVI NOTICIAS\"},\"image\":{\"@id\":\"https:\\\/\\\/cvinoticias.com\\\/v3\\\/#\\\/schema\\\/logo\\\/image\\\/\"},\"sameAs\":[\"https:\\\/\\\/www.facebook.com\\\/cvinoticias\",\"https:\\\/\\\/www.instagram.com\\\/cvinoticias\\\/\",\"https:\\\/\\\/www.youtube.com\\\/@CVINOTICIAS\"]},{\"@type\":\"Person\",\"@id\":\"https:\\\/\\\/cvinoticias.com\\\/v3\\\/#\\\/schema\\\/person\\\/2db77e3c6bc03c538495d7b2b8be9b66\",\"name\":\"f1000024\",\"image\":{\"@type\":\"ImageObject\",\"inLanguage\":\"es\",\"@id\":\"https:\\\/\\\/secure.gravatar.com\\\/avatar\\\/d4fe7459cfc51ff5129ce1a732bbef5928568b8092d412ef95611616376bbeed?s=96&d=mm&r=g\",\"url\":\"https:\\\/\\\/secure.gravatar.com\\\/avatar\\\/d4fe7459cfc51ff5129ce1a732bbef5928568b8092d412ef95611616376bbeed?s=96&d=mm&r=g\",\"contentUrl\":\"https:\\\/\\\/secure.gravatar.com\\\/avatar\\\/d4fe7459cfc51ff5129ce1a732bbef5928568b8092d412ef95611616376bbeed?s=96&d=mm&r=g\",\"caption\":\"f1000024\"},\"url\":\"https:\\\/\\\/cvinoticias.com\\\/v3\\\/author\\\/f1000024\\\/\"}]}<\/script>\n<!-- \/ Yoast SEO plugin. -->","yoast_head_json":{"title":"El Gobernador acompa\u00f1\u00f3 la inauguraci\u00f3n de la fiesta de la familia yerbatera | CVI NOTICIAS","robots":{"index":"index","follow":"follow","max-snippet":"max-snippet:-1","max-image-preview":"max-image-preview:large","max-video-preview":"max-video-preview:-1"},"canonical":"https:\/\/cvinoticias.com\/v3\/el-gobernador-acompano-la-inauguracion-de-la-fiesta-de-la-familia-yerbatera\/","og_locale":"es_ES","og_type":"article","og_title":"El Gobernador acompa\u00f1\u00f3 la inauguraci\u00f3n de la fiesta de la familia yerbatera | CVI NOTICIAS","og_description":"Comenz\u00f3 en Ap\u00f3stoles la 43\u00b0 Fiesta Nacional e Internacional de la Yerba Mate. El Gobernador encabez\u00f3 la apertura del festival que se extender\u00e1 hasta el domingo 7 y que busca resaltar la labor cotidiana de la familia yerbatera. El funcionario valor\u00f3 el cuidado de la cadena productiva y el lugar que ocupa la yerba mate [&hellip;]","og_url":"https:\/\/cvinoticias.com\/v3\/el-gobernador-acompano-la-inauguracion-de-la-fiesta-de-la-familia-yerbatera\/","og_site_name":"CVI NOTICIAS","article_publisher":"https:\/\/www.facebook.com\/cvinoticias","article_published_time":"2021-11-04T13:08:33+00:00","og_image":[{"width":1080,"height":720,"url":"https:\/\/cvinoticias.com\/wp-content\/uploads\/2021\/11\/FB_IMG_1636030817846.jpg","type":"image\/jpeg"}],"author":"f1000024","twitter_card":"summary_large_image","twitter_misc":{"Escrito por":"f1000024","Tiempo de lectura":"3 minutos"},"schema":{"@context":"https:\/\/schema.org","@graph":[{"@type":"Article","@id":"https:\/\/cvinoticias.com\/v3\/el-gobernador-acompano-la-inauguracion-de-la-fiesta-de-la-familia-yerbatera\/#article","isPartOf":{"@id":"https:\/\/cvinoticias.com\/v3\/el-gobernador-acompano-la-inauguracion-de-la-fiesta-de-la-familia-yerbatera\/"},"author":{"name":"f1000024","@id":"https:\/\/cvinoticias.com\/v3\/#\/schema\/person\/2db77e3c6bc03c538495d7b2b8be9b66"},"headline":"El Gobernador acompa\u00f1\u00f3 la inauguraci\u00f3n de la fiesta de la familia yerbatera","datePublished":"2021-11-04T13:08:33+00:00","mainEntityOfPage":{"@id":"https:\/\/cvinoticias.com\/v3\/el-gobernador-acompano-la-inauguracion-de-la-fiesta-de-la-familia-yerbatera\/"},"wordCount":693,"commentCount":0,"publisher":{"@id":"https:\/\/cvinoticias.com\/v3\/#organization"},"image":{"@id":"https:\/\/cvinoticias.com\/v3\/el-gobernador-acompano-la-inauguracion-de-la-fiesta-de-la-familia-yerbatera\/#primaryimage"},"thumbnailUrl":"https:\/\/cvinoticias.com\/wp-content\/uploads\/2021\/11\/FB_IMG_1636030817846.jpg","articleSection":["Provinciales"],"inLanguage":"es","potentialAction":[{"@type":"CommentAction","name":"Comment","target":["https:\/\/cvinoticias.com\/v3\/el-gobernador-acompano-la-inauguracion-de-la-fiesta-de-la-familia-yerbatera\/#respond"]}]},{"@type":"WebPage","@id":"https:\/\/cvinoticias.com\/v3\/el-gobernador-acompano-la-inauguracion-de-la-fiesta-de-la-familia-yerbatera\/","url":"https:\/\/cvinoticias.com\/v3\/el-gobernador-acompano-la-inauguracion-de-la-fiesta-de-la-familia-yerbatera\/","name":"El Gobernador acompa\u00f1\u00f3 la inauguraci\u00f3n de la fiesta de la familia yerbatera | CVI NOTICIAS","isPartOf":{"@id":"https:\/\/cvinoticias.com\/v3\/#website"},"primaryImageOfPage":{"@id":"https:\/\/cvinoticias.com\/v3\/el-gobernador-acompano-la-inauguracion-de-la-fiesta-de-la-familia-yerbatera\/#primaryimage"},"image":{"@id":"https:\/\/cvinoticias.com\/v3\/el-gobernador-acompano-la-inauguracion-de-la-fiesta-de-la-familia-yerbatera\/#primaryimage"},"thumbnailUrl":"https:\/\/cvinoticias.com\/wp-content\/uploads\/2021\/11\/FB_IMG_1636030817846.jpg","datePublished":"2021-11-04T13:08:33+00:00","breadcrumb":{"@id":"https:\/\/cvinoticias.com\/v3\/el-gobernador-acompano-la-inauguracion-de-la-fiesta-de-la-familia-yerbatera\/#breadcrumb"},"inLanguage":"es","potentialAction":[{"@type":"ReadAction","target":["https:\/\/cvinoticias.com\/v3\/el-gobernador-acompano-la-inauguracion-de-la-fiesta-de-la-familia-yerbatera\/"]}]},{"@type":"ImageObject","inLanguage":"es","@id":"https:\/\/cvinoticias.com\/v3\/el-gobernador-acompano-la-inauguracion-de-la-fiesta-de-la-familia-yerbatera\/#primaryimage","url":"https:\/\/cvinoticias.com\/wp-content\/uploads\/2021\/11\/FB_IMG_1636030817846.jpg","contentUrl":"https:\/\/cvinoticias.com\/wp-content\/uploads\/2021\/11\/FB_IMG_1636030817846.jpg","width":1080,"height":720},{"@type":"BreadcrumbList","@id":"https:\/\/cvinoticias.com\/v3\/el-gobernador-acompano-la-inauguracion-de-la-fiesta-de-la-familia-yerbatera\/#breadcrumb","itemListElement":[{"@type":"ListItem","position":1,"name":"Portada","item":"https:\/\/cvinoticias.com\/v3\/"},{"@type":"ListItem","position":2,"name":"El Gobernador acompa\u00f1\u00f3 la inauguraci\u00f3n de la fiesta de la familia yerbatera"}]},{"@type":"WebSite","@id":"https:\/\/cvinoticias.com\/v3\/#website","url":"https:\/\/cvinoticias.com\/v3\/","name":"CVI NOTICIAS","description":"","publisher":{"@id":"https:\/\/cvinoticias.com\/v3\/#organization"},"alternateName":"CVI","potentialAction":[{"@type":"SearchAction","target":{"@type":"EntryPoint","urlTemplate":"https:\/\/cvinoticias.com\/v3\/?s={search_term_string}"},"query-input":{"@type":"PropertyValueSpecification","valueRequired":true,"valueName":"search_term_string"}}],"inLanguage":"es"},{"@type":"Organization","@id":"https:\/\/cvinoticias.com\/v3\/#organization","name":"CVI NOTICIAS","url":"https:\/\/cvinoticias.com\/v3\/","logo":{"@type":"ImageObject","inLanguage":"es","@id":"https:\/\/cvinoticias.com\/v3\/#\/schema\/logo\/image\/","url":"https:\/\/cvinoticias.com\/wp-content\/uploads\/2023\/04\/cropped-cropped-cropped-cropped-cropped-3-1.png","contentUrl":"https:\/\/cvinoticias.com\/wp-content\/uploads\/2023\/04\/cropped-cropped-cropped-cropped-cropped-3-1.png","width":95,"height":122,"caption":"CVI NOTICIAS"},"image":{"@id":"https:\/\/cvinoticias.com\/v3\/#\/schema\/logo\/image\/"},"sameAs":["https:\/\/www.facebook.com\/cvinoticias","https:\/\/www.instagram.com\/cvinoticias\/","https:\/\/www.youtube.com\/@CVINOTICIAS"]},{"@type":"Person","@id":"https:\/\/cvinoticias.com\/v3\/#\/schema\/person\/2db77e3c6bc03c538495d7b2b8be9b66","name":"f1000024","image":{"@type":"ImageObject","inLanguage":"es","@id":"https:\/\/secure.gravatar.com\/avatar\/d4fe7459cfc51ff5129ce1a732bbef5928568b8092d412ef95611616376bbeed?s=96&d=mm&r=g","url":"https:\/\/secure.gravatar.com\/avatar\/d4fe7459cfc51ff5129ce1a732bbef5928568b8092d412ef95611616376bbeed?s=96&d=mm&r=g","contentUrl":"https:\/\/secure.gravatar.com\/avatar\/d4fe7459cfc51ff5129ce1a732bbef5928568b8092d412ef95611616376bbeed?s=96&d=mm&r=g","caption":"f1000024"},"url":"https:\/\/cvinoticias.com\/v3\/author\/f1000024\/"}]}},"_links":{"self":[{"href":"https:\/\/cvinoticias.com\/v3\/wp-json\/wp\/v2\/posts\/10318","targetHints":{"allow":["GET"]}}],"collection":[{"href":"https:\/\/cvinoticias.com\/v3\/wp-json\/wp\/v2\/posts"}],"about":[{"href":"https:\/\/cvinoticias.com\/v3\/wp-json\/wp\/v2\/types\/post"}],"author":[{"embeddable":true,"href":"https:\/\/cvinoticias.com\/v3\/wp-json\/wp\/v2\/users\/2"}],"replies":[{"embeddable":true,"href":"https:\/\/cvinoticias.com\/v3\/wp-json\/wp\/v2\/comments?post=10318"}],"version-history":[{"count":1,"href":"https:\/\/cvinoticias.com\/v3\/wp-json\/wp\/v2\/posts\/10318\/revisions"}],"predecessor-version":[{"id":10322,"href":"https:\/\/cvinoticias.com\/v3\/wp-json\/wp\/v2\/posts\/10318\/revisions\/10322"}],"wp:featuredmedia":[{"embeddable":true,"href":"https:\/\/cvinoticias.com\/v3\/wp-json\/wp\/v2\/media\/10321"}],"wp:attachment":[{"href":"https:\/\/cvinoticias.com\/v3\/wp-json\/wp\/v2\/media?parent=10318"}],"wp:term":[{"taxonomy":"category","embeddable":true,"href":"https:\/\/cvinoticias.com\/v3\/wp-json\/wp\/v2\/categories?post=10318"},{"taxonomy":"post_tag","embeddable":true,"href":"https:\/\/cvinoticias.com\/v3\/wp-json\/wp\/v2\/tags?post=10318"}],"curies":[{"name":"wp","href":"https:\/\/api.w.org\/{rel}","templated":true}]}}