{"id":10315,"date":"2021-11-04T11:56:00","date_gmt":"2021-11-04T11:56:00","guid":{"rendered":"https:\/\/cvinoticias.com\/v3\/?p=10315"},"modified":"2021-11-04T11:56:00","modified_gmt":"2021-11-04T11:56:00","slug":"el-gobernador-insistira-ante-nacion-con-la-eliminacion-de-la-pcr-para-turistas-brasilenos-y-paraguayos","status":"publish","type":"post","link":"https:\/\/cvinoticias.com\/v3\/el-gobernador-insistira-ante-nacion-con-la-eliminacion-de-la-pcr-para-turistas-brasilenos-y-paraguayos\/","title":{"rendered":"El gobernador insistir\u00e1 ante Naci\u00f3n con la eliminaci\u00f3n de la PCR para turistas brasile\u00f1os y paraguayos"},"content":{"rendered":"\n<p><strong><em>Misiones insistir\u00e1 este jueves con la necesidad de que se levante la obligatoriedad de la presentaci\u00f3n del PCR al ingreso al pa\u00eds para los turistas de la regi\u00f3n, tanto de Brasil como del Paraguay. <\/em><\/strong><\/p>\n\n\n\n<p>El gobernador Oscar Herrera Ahuad le reiterar\u00e1 el pedido al gobierno nacional, esta vez ante la Ministra de Salud de la Naci\u00f3n, Carla Vizzotti, quien estar\u00e1 en Puerto Iguaz\u00fa este jueves. En ese sentido, el Gobernador afirm\u00f3 que no se puede tratar a todos los corredores tur\u00edsticos del pa\u00eds de la misma manera que al corredor de Ezeiza, debido a que el tipo de turismo que ingresa por cada uno es diferente. \u201cNo podemos poner a toda la Argentina tur\u00edstica en la misma bolsa del aeropuerto internacional de Ezeiza\u201d, afirm\u00f3.<\/p>\n\n\n\n<p>\u201cLos planteos que hacemos son claros, no podemos hablar de un corredor tur\u00edstico en una zona que tiene un inter\u00e9s regional muy diferente a lo que son las caracter\u00edsticas de otros pa\u00edses de mundo\u201d, afirm\u00f3 el gobernador para luego ejemplificar la situaci\u00f3n con una comparaci\u00f3n entre el turismo que entra por Ezeiza con el que ingresa por el puente Tancredo Neves en Puerto Iguaz\u00fa.<\/p>\n\n\n\n<p>\u201cUn ejemplo clarito es que si yo vengo de Italia, Francia, Alemania, B\u00e9lgica, Reino Unido, Estados Unidos o Canad\u00e1 cuando llego a la Argentina me hago una PCR, que ya lo tengo incluido porque voy a quedarme la Argentina por lo menos 10 o 15 d\u00edas m\u00ednimo. Porque nadie viene por 48 horas a la Argentina de esos lugares. Pero la realidad nuestra es que el turismo es un turismo muy local y muy regional, porque todav\u00eda no entra el turismo internacional a granel como sol\u00eda venir a Puerto Iguaz\u00fa, entonces el que vive en Foz de Iguaz\u00fa muchas veces viene a consumir gastronom\u00eda o viene a ser una experiencia diferente a la que tiene en Foz do Iguaz\u00fa y termina viniendo hasta dos o tres veces por semana. Ese turista no puede estar gastando cerca de 50.000 pesos en hisopados para venirse, entonces se queda all\u00e1 y el paso no cumple con el rol de corredor tur\u00edstico\u201d, explic\u00f3.<\/p>\n\n\n\n<p>Ese turismo, seg\u00fan indic\u00f3 el Gobernador de Misiones, genera un movimiento econ\u00f3mico importante en la zona, y por ello se insiste en la necesidad de agilizar los mecanismos para reactivarlo. \u201cS\u00ed ellos vienen generan un movimiento econ\u00f3mico muy importante. Por eso, Puerto Iguaz\u00fa necesita que esa PCR que se exige hoy en se quite y en cambio se le exija al que viene de Brasil que combine el programa de inmunizaci\u00f3n completo en materia Covid-19, o sea las dos dosis de vacuna, y nosotros podemos hacerle ac\u00e1 el test r\u00e1pido\u201d, afirm\u00f3 Herrera, y agreg\u00f3 \u201capelamos a que tengan sentido com\u00fan\u201d.<\/p>\n\n\n\n<p>En torno a esto es que Herrera Ahuad afirm\u00f3 que \u201cno podemos poner a toda la Argentina tur\u00edstica en la misma bolsa del aeropuerto internacional de Ezeiza porque no es lo mismo, y ese es uno de los planteos que le vamos a hacer (al Gobierno Nacional)\u201d.<\/p>\n\n\n\n<p><strong>El barbijo y la variante Delta<\/strong><\/p>\n\n\n\n<p>El Gobernador tambi\u00e9n se refiri\u00f3 a la situaci\u00f3n del uso del barbijo en la tierra colorada, respecto de esto ratific\u00f3 la decisi\u00f3n del gobierno provincial de mantener su uso sin modificaciones. Ante esto indic\u00f3 que Argentina est\u00e1 empezando a enfrentar la variante Delta del virus, que si bien no est\u00e1 ocasionando un aumento de los casos graves, si puede ocasionar en los pr\u00f3ximos meses corridas de casos positivos, por su alta capacidad de infecci\u00f3n.<\/p>\n\n\n\n<p>\u201cComo estamos es importante la utilizaci\u00f3n del barbijo. Nosotros debemos continuar con su uso porque estamos ante una variante (Delta) que es de corrida epidemiol\u00f3gica muy r\u00e1pida, de alta infectividad, y que si bien tiene una morbilidad m\u00e1s baja que la anterior, es importante el no solo el uso del barbijo sino tambi\u00e9n el cuidado sanitario. Nosotros ac\u00e1 estamos con cuidados sanitarios de dos metros de distancia y con todas las medidas de bioseguridad. De esa manera, con una poblaci\u00f3n educada sanitariamente vamos, a tener muy buenos resultados\u201d.<\/p>\n\n\n\n<p>Sobre la variante Delta, que comenz\u00f3 a establecerse en algunas zonas del pa\u00eds, y que no se descarta llegar\u00e1 a todo el territorio nacional en alg\u00fan momento, afirm\u00f3 que \u201clo importante ac\u00e1 es entender que si bien la variante Delta tiene una capacidad de infecci\u00f3n alta y que puede provocar serolog\u00edas positivas, no se ve en la Argentina un alto impacto en el nivel sanitario, como lo ten\u00eda la variante Manaos que este ten\u00eda una afectaci\u00f3n con un alto \u00edndice de ocupaci\u00f3n de camas de unidades de terapia intensiva\u201d.<\/p>\n\n\n\n<p><strong>La visita de Vizzotti<\/strong><\/p>\n\n\n\n<p>La visita de la ministra de Salud de la Naci\u00f3n Carla Vizzotti se enmarca en lanzamiento de la temporada de prevenci\u00f3n del dengue, por eso el encuentro se realizar\u00e1 en Puerto Iguaz\u00fa, donde funciona el Instituto Nacional de Medicina Tropical, en torno a lo que tambi\u00e9n habr\u00e1 planteos desde Misiones. Ya que desde el Gobierno Nacional est\u00e1n retrasados los aportes para su terminaci\u00f3n y funcionamiento.<\/p>\n\n\n\n<p>En ese sentido el Gobernador adelant\u00f3 que ese \u201ces el otro planteo que haremos, se trata del r\u00e1pido desembolso de los fondos necesarios para que el Instituto Nacional de Medicina Tropical cobre el valor por el cual fue creado en cuanto a un instituto de referencia internacional. Estamos atrasado con las obras, y entendemos bien el tiempo de pandemia, pero es necesario que la decisi\u00f3n pol\u00edtica sea la puesta en marcha en su totalidad del Instituto Nacional de Medicina Tropical\u201d.<\/p>\n\n\n\n<p><strong>Fuente: El Territorio<\/strong><\/p>\n","protected":false},"excerpt":{"rendered":"<p>Misiones insistir\u00e1 este jueves con la necesidad de que se levante la obligatoriedad de la presentaci\u00f3n del PCR al ingreso al pa\u00eds para los turistas de la regi\u00f3n, tanto de Brasil como del Paraguay. El gobernador Oscar Herrera Ahuad le reiterar\u00e1 el pedido al gobierno nacional, esta vez ante la Ministra de Salud de la [&hellip;]<\/p>\n","protected":false},"author":2,"featured_media":10316,"comment_status":"open","ping_status":"open","sticky":false,"template":"","format":"standard","meta":{"footnotes":""},"categories":[35],"tags":[],"class_list":["post-10315","post","type-post","status-publish","format-standard","has-post-thumbnail","hentry","category-informacion-general"],"yoast_head":"<!-- This site is optimized with the Yoast SEO plugin v27.5 - https:\/\/yoast.com\/product\/yoast-seo-wordpress\/ -->\n<title>El gobernador insistir\u00e1 ante Naci\u00f3n con la eliminaci\u00f3n de la PCR para turistas brasile\u00f1os y paraguayos | CVI NOTICIAS<\/title>\n<meta name=\"robots\" content=\"index, follow, max-snippet:-1, max-image-preview:large, max-video-preview:-1\" \/>\n<link rel=\"canonical\" href=\"https:\/\/cvinoticias.com\/v3\/el-gobernador-insistira-ante-nacion-con-la-eliminacion-de-la-pcr-para-turistas-brasilenos-y-paraguayos\/\" \/>\n<meta property=\"og:locale\" content=\"es_ES\" \/>\n<meta property=\"og:type\" content=\"article\" \/>\n<meta property=\"og:title\" content=\"El gobernador insistir\u00e1 ante Naci\u00f3n con la eliminaci\u00f3n de la PCR para turistas brasile\u00f1os y paraguayos | CVI NOTICIAS\" \/>\n<meta property=\"og:description\" content=\"Misiones insistir\u00e1 este jueves con la necesidad de que se levante la obligatoriedad de la presentaci\u00f3n del PCR al ingreso al pa\u00eds para los turistas de la regi\u00f3n, tanto de Brasil como del Paraguay. El gobernador Oscar Herrera Ahuad le reiterar\u00e1 el pedido al gobierno nacional, esta vez ante la Ministra de Salud de la [&hellip;]\" \/>\n<meta property=\"og:url\" content=\"https:\/\/cvinoticias.com\/v3\/el-gobernador-insistira-ante-nacion-con-la-eliminacion-de-la-pcr-para-turistas-brasilenos-y-paraguayos\/\" \/>\n<meta property=\"og:site_name\" content=\"CVI NOTICIAS\" \/>\n<meta property=\"article:publisher\" content=\"https:\/\/www.facebook.com\/cvinoticias\" \/>\n<meta property=\"article:published_time\" content=\"2021-11-04T11:56:00+00:00\" \/>\n<meta property=\"og:image\" content=\"https:\/\/cvinoticias.com\/wp-content\/uploads\/2021\/11\/IMG-20210927-WA0108.jpg\" \/>\n\t<meta property=\"og:image:width\" content=\"378\" \/>\n\t<meta property=\"og:image:height\" content=\"1161\" \/>\n\t<meta property=\"og:image:type\" content=\"image\/jpeg\" \/>\n<meta name=\"author\" content=\"f1000024\" \/>\n<meta name=\"twitter:card\" content=\"summary_large_image\" \/>\n<meta name=\"twitter:label1\" content=\"Escrito por\" \/>\n\t<meta name=\"twitter:data1\" content=\"f1000024\" \/>\n\t<meta name=\"twitter:label2\" content=\"Tiempo de lectura\" \/>\n\t<meta name=\"twitter:data2\" content=\"5 minutos\" \/>\n<script type=\"application\/ld+json\" class=\"yoast-schema-graph\">{\"@context\":\"https:\\\/\\\/schema.org\",\"@graph\":[{\"@type\":\"Article\",\"@id\":\"https:\\\/\\\/cvinoticias.com\\\/v3\\\/el-gobernador-insistira-ante-nacion-con-la-eliminacion-de-la-pcr-para-turistas-brasilenos-y-paraguayos\\\/#article\",\"isPartOf\":{\"@id\":\"https:\\\/\\\/cvinoticias.com\\\/v3\\\/el-gobernador-insistira-ante-nacion-con-la-eliminacion-de-la-pcr-para-turistas-brasilenos-y-paraguayos\\\/\"},\"author\":{\"name\":\"f1000024\",\"@id\":\"https:\\\/\\\/cvinoticias.com\\\/v3\\\/#\\\/schema\\\/person\\\/2db77e3c6bc03c538495d7b2b8be9b66\"},\"headline\":\"El gobernador insistir\u00e1 ante Naci\u00f3n con la eliminaci\u00f3n de la PCR para turistas brasile\u00f1os y paraguayos\",\"datePublished\":\"2021-11-04T11:56:00+00:00\",\"mainEntityOfPage\":{\"@id\":\"https:\\\/\\\/cvinoticias.com\\\/v3\\\/el-gobernador-insistira-ante-nacion-con-la-eliminacion-de-la-pcr-para-turistas-brasilenos-y-paraguayos\\\/\"},\"wordCount\":972,\"commentCount\":0,\"publisher\":{\"@id\":\"https:\\\/\\\/cvinoticias.com\\\/v3\\\/#organization\"},\"image\":{\"@id\":\"https:\\\/\\\/cvinoticias.com\\\/v3\\\/el-gobernador-insistira-ante-nacion-con-la-eliminacion-de-la-pcr-para-turistas-brasilenos-y-paraguayos\\\/#primaryimage\"},\"thumbnailUrl\":\"https:\\\/\\\/cvinoticias.com\\\/wp-content\\\/uploads\\\/2021\\\/11\\\/IMG-20210927-WA0108.jpg\",\"articleSection\":[\"Informaci\u00f3n General\"],\"inLanguage\":\"es\",\"potentialAction\":[{\"@type\":\"CommentAction\",\"name\":\"Comment\",\"target\":[\"https:\\\/\\\/cvinoticias.com\\\/v3\\\/el-gobernador-insistira-ante-nacion-con-la-eliminacion-de-la-pcr-para-turistas-brasilenos-y-paraguayos\\\/#respond\"]}]},{\"@type\":\"WebPage\",\"@id\":\"https:\\\/\\\/cvinoticias.com\\\/v3\\\/el-gobernador-insistira-ante-nacion-con-la-eliminacion-de-la-pcr-para-turistas-brasilenos-y-paraguayos\\\/\",\"url\":\"https:\\\/\\\/cvinoticias.com\\\/v3\\\/el-gobernador-insistira-ante-nacion-con-la-eliminacion-de-la-pcr-para-turistas-brasilenos-y-paraguayos\\\/\",\"name\":\"El gobernador insistir\u00e1 ante Naci\u00f3n con la eliminaci\u00f3n de la PCR para turistas brasile\u00f1os y paraguayos | CVI NOTICIAS\",\"isPartOf\":{\"@id\":\"https:\\\/\\\/cvinoticias.com\\\/v3\\\/#website\"},\"primaryImageOfPage\":{\"@id\":\"https:\\\/\\\/cvinoticias.com\\\/v3\\\/el-gobernador-insistira-ante-nacion-con-la-eliminacion-de-la-pcr-para-turistas-brasilenos-y-paraguayos\\\/#primaryimage\"},\"image\":{\"@id\":\"https:\\\/\\\/cvinoticias.com\\\/v3\\\/el-gobernador-insistira-ante-nacion-con-la-eliminacion-de-la-pcr-para-turistas-brasilenos-y-paraguayos\\\/#primaryimage\"},\"thumbnailUrl\":\"https:\\\/\\\/cvinoticias.com\\\/wp-content\\\/uploads\\\/2021\\\/11\\\/IMG-20210927-WA0108.jpg\",\"datePublished\":\"2021-11-04T11:56:00+00:00\",\"breadcrumb\":{\"@id\":\"https:\\\/\\\/cvinoticias.com\\\/v3\\\/el-gobernador-insistira-ante-nacion-con-la-eliminacion-de-la-pcr-para-turistas-brasilenos-y-paraguayos\\\/#breadcrumb\"},\"inLanguage\":\"es\",\"potentialAction\":[{\"@type\":\"ReadAction\",\"target\":[\"https:\\\/\\\/cvinoticias.com\\\/v3\\\/el-gobernador-insistira-ante-nacion-con-la-eliminacion-de-la-pcr-para-turistas-brasilenos-y-paraguayos\\\/\"]}]},{\"@type\":\"ImageObject\",\"inLanguage\":\"es\",\"@id\":\"https:\\\/\\\/cvinoticias.com\\\/v3\\\/el-gobernador-insistira-ante-nacion-con-la-eliminacion-de-la-pcr-para-turistas-brasilenos-y-paraguayos\\\/#primaryimage\",\"url\":\"https:\\\/\\\/cvinoticias.com\\\/wp-content\\\/uploads\\\/2021\\\/11\\\/IMG-20210927-WA0108.jpg\",\"contentUrl\":\"https:\\\/\\\/cvinoticias.com\\\/wp-content\\\/uploads\\\/2021\\\/11\\\/IMG-20210927-WA0108.jpg\",\"width\":378,\"height\":1161},{\"@type\":\"BreadcrumbList\",\"@id\":\"https:\\\/\\\/cvinoticias.com\\\/v3\\\/el-gobernador-insistira-ante-nacion-con-la-eliminacion-de-la-pcr-para-turistas-brasilenos-y-paraguayos\\\/#breadcrumb\",\"itemListElement\":[{\"@type\":\"ListItem\",\"position\":1,\"name\":\"Portada\",\"item\":\"https:\\\/\\\/cvinoticias.com\\\/v3\\\/\"},{\"@type\":\"ListItem\",\"position\":2,\"name\":\"El gobernador insistir\u00e1 ante Naci\u00f3n con la eliminaci\u00f3n de la PCR para turistas brasile\u00f1os y paraguayos\"}]},{\"@type\":\"WebSite\",\"@id\":\"https:\\\/\\\/cvinoticias.com\\\/v3\\\/#website\",\"url\":\"https:\\\/\\\/cvinoticias.com\\\/v3\\\/\",\"name\":\"CVI NOTICIAS\",\"description\":\"\",\"publisher\":{\"@id\":\"https:\\\/\\\/cvinoticias.com\\\/v3\\\/#organization\"},\"alternateName\":\"CVI\",\"potentialAction\":[{\"@type\":\"SearchAction\",\"target\":{\"@type\":\"EntryPoint\",\"urlTemplate\":\"https:\\\/\\\/cvinoticias.com\\\/v3\\\/?s={search_term_string}\"},\"query-input\":{\"@type\":\"PropertyValueSpecification\",\"valueRequired\":true,\"valueName\":\"search_term_string\"}}],\"inLanguage\":\"es\"},{\"@type\":\"Organization\",\"@id\":\"https:\\\/\\\/cvinoticias.com\\\/v3\\\/#organization\",\"name\":\"CVI NOTICIAS\",\"url\":\"https:\\\/\\\/cvinoticias.com\\\/v3\\\/\",\"logo\":{\"@type\":\"ImageObject\",\"inLanguage\":\"es\",\"@id\":\"https:\\\/\\\/cvinoticias.com\\\/v3\\\/#\\\/schema\\\/logo\\\/image\\\/\",\"url\":\"https:\\\/\\\/cvinoticias.com\\\/wp-content\\\/uploads\\\/2023\\\/04\\\/cropped-cropped-cropped-cropped-cropped-3-1.png\",\"contentUrl\":\"https:\\\/\\\/cvinoticias.com\\\/wp-content\\\/uploads\\\/2023\\\/04\\\/cropped-cropped-cropped-cropped-cropped-3-1.png\",\"width\":95,\"height\":122,\"caption\":\"CVI NOTICIAS\"},\"image\":{\"@id\":\"https:\\\/\\\/cvinoticias.com\\\/v3\\\/#\\\/schema\\\/logo\\\/image\\\/\"},\"sameAs\":[\"https:\\\/\\\/www.facebook.com\\\/cvinoticias\",\"https:\\\/\\\/www.instagram.com\\\/cvinoticias\\\/\",\"https:\\\/\\\/www.youtube.com\\\/@CVINOTICIAS\"]},{\"@type\":\"Person\",\"@id\":\"https:\\\/\\\/cvinoticias.com\\\/v3\\\/#\\\/schema\\\/person\\\/2db77e3c6bc03c538495d7b2b8be9b66\",\"name\":\"f1000024\",\"image\":{\"@type\":\"ImageObject\",\"inLanguage\":\"es\",\"@id\":\"https:\\\/\\\/secure.gravatar.com\\\/avatar\\\/d4fe7459cfc51ff5129ce1a732bbef5928568b8092d412ef95611616376bbeed?s=96&d=mm&r=g\",\"url\":\"https:\\\/\\\/secure.gravatar.com\\\/avatar\\\/d4fe7459cfc51ff5129ce1a732bbef5928568b8092d412ef95611616376bbeed?s=96&d=mm&r=g\",\"contentUrl\":\"https:\\\/\\\/secure.gravatar.com\\\/avatar\\\/d4fe7459cfc51ff5129ce1a732bbef5928568b8092d412ef95611616376bbeed?s=96&d=mm&r=g\",\"caption\":\"f1000024\"},\"url\":\"https:\\\/\\\/cvinoticias.com\\\/v3\\\/author\\\/f1000024\\\/\"}]}<\/script>\n<!-- \/ Yoast SEO plugin. -->","yoast_head_json":{"title":"El gobernador insistir\u00e1 ante Naci\u00f3n con la eliminaci\u00f3n de la PCR para turistas brasile\u00f1os y paraguayos | CVI NOTICIAS","robots":{"index":"index","follow":"follow","max-snippet":"max-snippet:-1","max-image-preview":"max-image-preview:large","max-video-preview":"max-video-preview:-1"},"canonical":"https:\/\/cvinoticias.com\/v3\/el-gobernador-insistira-ante-nacion-con-la-eliminacion-de-la-pcr-para-turistas-brasilenos-y-paraguayos\/","og_locale":"es_ES","og_type":"article","og_title":"El gobernador insistir\u00e1 ante Naci\u00f3n con la eliminaci\u00f3n de la PCR para turistas brasile\u00f1os y paraguayos | CVI NOTICIAS","og_description":"Misiones insistir\u00e1 este jueves con la necesidad de que se levante la obligatoriedad de la presentaci\u00f3n del PCR al ingreso al pa\u00eds para los turistas de la regi\u00f3n, tanto de Brasil como del Paraguay. El gobernador Oscar Herrera Ahuad le reiterar\u00e1 el pedido al gobierno nacional, esta vez ante la Ministra de Salud de la [&hellip;]","og_url":"https:\/\/cvinoticias.com\/v3\/el-gobernador-insistira-ante-nacion-con-la-eliminacion-de-la-pcr-para-turistas-brasilenos-y-paraguayos\/","og_site_name":"CVI NOTICIAS","article_publisher":"https:\/\/www.facebook.com\/cvinoticias","article_published_time":"2021-11-04T11:56:00+00:00","og_image":[{"width":378,"height":1161,"url":"https:\/\/cvinoticias.com\/wp-content\/uploads\/2021\/11\/IMG-20210927-WA0108.jpg","type":"image\/jpeg"}],"author":"f1000024","twitter_card":"summary_large_image","twitter_misc":{"Escrito por":"f1000024","Tiempo de lectura":"5 minutos"},"schema":{"@context":"https:\/\/schema.org","@graph":[{"@type":"Article","@id":"https:\/\/cvinoticias.com\/v3\/el-gobernador-insistira-ante-nacion-con-la-eliminacion-de-la-pcr-para-turistas-brasilenos-y-paraguayos\/#article","isPartOf":{"@id":"https:\/\/cvinoticias.com\/v3\/el-gobernador-insistira-ante-nacion-con-la-eliminacion-de-la-pcr-para-turistas-brasilenos-y-paraguayos\/"},"author":{"name":"f1000024","@id":"https:\/\/cvinoticias.com\/v3\/#\/schema\/person\/2db77e3c6bc03c538495d7b2b8be9b66"},"headline":"El gobernador insistir\u00e1 ante Naci\u00f3n con la eliminaci\u00f3n de la PCR para turistas brasile\u00f1os y paraguayos","datePublished":"2021-11-04T11:56:00+00:00","mainEntityOfPage":{"@id":"https:\/\/cvinoticias.com\/v3\/el-gobernador-insistira-ante-nacion-con-la-eliminacion-de-la-pcr-para-turistas-brasilenos-y-paraguayos\/"},"wordCount":972,"commentCount":0,"publisher":{"@id":"https:\/\/cvinoticias.com\/v3\/#organization"},"image":{"@id":"https:\/\/cvinoticias.com\/v3\/el-gobernador-insistira-ante-nacion-con-la-eliminacion-de-la-pcr-para-turistas-brasilenos-y-paraguayos\/#primaryimage"},"thumbnailUrl":"https:\/\/cvinoticias.com\/wp-content\/uploads\/2021\/11\/IMG-20210927-WA0108.jpg","articleSection":["Informaci\u00f3n General"],"inLanguage":"es","potentialAction":[{"@type":"CommentAction","name":"Comment","target":["https:\/\/cvinoticias.com\/v3\/el-gobernador-insistira-ante-nacion-con-la-eliminacion-de-la-pcr-para-turistas-brasilenos-y-paraguayos\/#respond"]}]},{"@type":"WebPage","@id":"https:\/\/cvinoticias.com\/v3\/el-gobernador-insistira-ante-nacion-con-la-eliminacion-de-la-pcr-para-turistas-brasilenos-y-paraguayos\/","url":"https:\/\/cvinoticias.com\/v3\/el-gobernador-insistira-ante-nacion-con-la-eliminacion-de-la-pcr-para-turistas-brasilenos-y-paraguayos\/","name":"El gobernador insistir\u00e1 ante Naci\u00f3n con la eliminaci\u00f3n de la PCR para turistas brasile\u00f1os y paraguayos | CVI NOTICIAS","isPartOf":{"@id":"https:\/\/cvinoticias.com\/v3\/#website"},"primaryImageOfPage":{"@id":"https:\/\/cvinoticias.com\/v3\/el-gobernador-insistira-ante-nacion-con-la-eliminacion-de-la-pcr-para-turistas-brasilenos-y-paraguayos\/#primaryimage"},"image":{"@id":"https:\/\/cvinoticias.com\/v3\/el-gobernador-insistira-ante-nacion-con-la-eliminacion-de-la-pcr-para-turistas-brasilenos-y-paraguayos\/#primaryimage"},"thumbnailUrl":"https:\/\/cvinoticias.com\/wp-content\/uploads\/2021\/11\/IMG-20210927-WA0108.jpg","datePublished":"2021-11-04T11:56:00+00:00","breadcrumb":{"@id":"https:\/\/cvinoticias.com\/v3\/el-gobernador-insistira-ante-nacion-con-la-eliminacion-de-la-pcr-para-turistas-brasilenos-y-paraguayos\/#breadcrumb"},"inLanguage":"es","potentialAction":[{"@type":"ReadAction","target":["https:\/\/cvinoticias.com\/v3\/el-gobernador-insistira-ante-nacion-con-la-eliminacion-de-la-pcr-para-turistas-brasilenos-y-paraguayos\/"]}]},{"@type":"ImageObject","inLanguage":"es","@id":"https:\/\/cvinoticias.com\/v3\/el-gobernador-insistira-ante-nacion-con-la-eliminacion-de-la-pcr-para-turistas-brasilenos-y-paraguayos\/#primaryimage","url":"https:\/\/cvinoticias.com\/wp-content\/uploads\/2021\/11\/IMG-20210927-WA0108.jpg","contentUrl":"https:\/\/cvinoticias.com\/wp-content\/uploads\/2021\/11\/IMG-20210927-WA0108.jpg","width":378,"height":1161},{"@type":"BreadcrumbList","@id":"https:\/\/cvinoticias.com\/v3\/el-gobernador-insistira-ante-nacion-con-la-eliminacion-de-la-pcr-para-turistas-brasilenos-y-paraguayos\/#breadcrumb","itemListElement":[{"@type":"ListItem","position":1,"name":"Portada","item":"https:\/\/cvinoticias.com\/v3\/"},{"@type":"ListItem","position":2,"name":"El gobernador insistir\u00e1 ante Naci\u00f3n con la eliminaci\u00f3n de la PCR para turistas brasile\u00f1os y paraguayos"}]},{"@type":"WebSite","@id":"https:\/\/cvinoticias.com\/v3\/#website","url":"https:\/\/cvinoticias.com\/v3\/","name":"CVI NOTICIAS","description":"","publisher":{"@id":"https:\/\/cvinoticias.com\/v3\/#organization"},"alternateName":"CVI","potentialAction":[{"@type":"SearchAction","target":{"@type":"EntryPoint","urlTemplate":"https:\/\/cvinoticias.com\/v3\/?s={search_term_string}"},"query-input":{"@type":"PropertyValueSpecification","valueRequired":true,"valueName":"search_term_string"}}],"inLanguage":"es"},{"@type":"Organization","@id":"https:\/\/cvinoticias.com\/v3\/#organization","name":"CVI NOTICIAS","url":"https:\/\/cvinoticias.com\/v3\/","logo":{"@type":"ImageObject","inLanguage":"es","@id":"https:\/\/cvinoticias.com\/v3\/#\/schema\/logo\/image\/","url":"https:\/\/cvinoticias.com\/wp-content\/uploads\/2023\/04\/cropped-cropped-cropped-cropped-cropped-3-1.png","contentUrl":"https:\/\/cvinoticias.com\/wp-content\/uploads\/2023\/04\/cropped-cropped-cropped-cropped-cropped-3-1.png","width":95,"height":122,"caption":"CVI NOTICIAS"},"image":{"@id":"https:\/\/cvinoticias.com\/v3\/#\/schema\/logo\/image\/"},"sameAs":["https:\/\/www.facebook.com\/cvinoticias","https:\/\/www.instagram.com\/cvinoticias\/","https:\/\/www.youtube.com\/@CVINOTICIAS"]},{"@type":"Person","@id":"https:\/\/cvinoticias.com\/v3\/#\/schema\/person\/2db77e3c6bc03c538495d7b2b8be9b66","name":"f1000024","image":{"@type":"ImageObject","inLanguage":"es","@id":"https:\/\/secure.gravatar.com\/avatar\/d4fe7459cfc51ff5129ce1a732bbef5928568b8092d412ef95611616376bbeed?s=96&d=mm&r=g","url":"https:\/\/secure.gravatar.com\/avatar\/d4fe7459cfc51ff5129ce1a732bbef5928568b8092d412ef95611616376bbeed?s=96&d=mm&r=g","contentUrl":"https:\/\/secure.gravatar.com\/avatar\/d4fe7459cfc51ff5129ce1a732bbef5928568b8092d412ef95611616376bbeed?s=96&d=mm&r=g","caption":"f1000024"},"url":"https:\/\/cvinoticias.com\/v3\/author\/f1000024\/"}]}},"_links":{"self":[{"href":"https:\/\/cvinoticias.com\/v3\/wp-json\/wp\/v2\/posts\/10315","targetHints":{"allow":["GET"]}}],"collection":[{"href":"https:\/\/cvinoticias.com\/v3\/wp-json\/wp\/v2\/posts"}],"about":[{"href":"https:\/\/cvinoticias.com\/v3\/wp-json\/wp\/v2\/types\/post"}],"author":[{"embeddable":true,"href":"https:\/\/cvinoticias.com\/v3\/wp-json\/wp\/v2\/users\/2"}],"replies":[{"embeddable":true,"href":"https:\/\/cvinoticias.com\/v3\/wp-json\/wp\/v2\/comments?post=10315"}],"version-history":[{"count":1,"href":"https:\/\/cvinoticias.com\/v3\/wp-json\/wp\/v2\/posts\/10315\/revisions"}],"predecessor-version":[{"id":10317,"href":"https:\/\/cvinoticias.com\/v3\/wp-json\/wp\/v2\/posts\/10315\/revisions\/10317"}],"wp:featuredmedia":[{"embeddable":true,"href":"https:\/\/cvinoticias.com\/v3\/wp-json\/wp\/v2\/media\/10316"}],"wp:attachment":[{"href":"https:\/\/cvinoticias.com\/v3\/wp-json\/wp\/v2\/media?parent=10315"}],"wp:term":[{"taxonomy":"category","embeddable":true,"href":"https:\/\/cvinoticias.com\/v3\/wp-json\/wp\/v2\/categories?post=10315"},{"taxonomy":"post_tag","embeddable":true,"href":"https:\/\/cvinoticias.com\/v3\/wp-json\/wp\/v2\/tags?post=10315"}],"curies":[{"name":"wp","href":"https:\/\/api.w.org\/{rel}","templated":true}]}}