{"id":10309,"date":"2021-11-04T11:21:58","date_gmt":"2021-11-04T11:21:58","guid":{"rendered":"https:\/\/cvinoticias.com\/v3\/?p=10309"},"modified":"2021-11-04T11:21:58","modified_gmt":"2021-11-04T11:21:58","slug":"femicidio-de-vilma-mercado-piden-perpetua-para-el-soldado-villar","status":"publish","type":"post","link":"https:\/\/cvinoticias.com\/v3\/femicidio-de-vilma-mercado-piden-perpetua-para-el-soldado-villar\/","title":{"rendered":"Femicidio de Vilma Mercado: piden perpetua para el soldado Villar"},"content":{"rendered":"\n<p class=\"wp-block-paragraph\"><strong><em>La Fiscal\u00eda pidi\u00f3 ante el Tribunal Penal Uno de Eldorado la pena m\u00e1xima&nbsp;como autor de los delitos de robo, abuso sexual con acceso carnal en concurso real, con homicidio criminis causa, femicidio y por placer.&nbsp;<\/em><\/strong><\/p>\n\n\n\n<p class=\"wp-block-paragraph\">En la ma\u00f1ana de este mi\u00e9rcoles, el fiscal Federico Rodr\u00edguez&nbsp; la pena de prisi\u00f3n perpetua para el soldado Carlos Luis Leandro Villar por el femicidio de Vilma Mercado. El crimen fue cometido entre la noche del 23 y la madrugada del 24 de octubre de 2019 en Puerto Iguaz\u00fa.<br><br>El pedido fue efectuado al culminar la exposici\u00f3n de su alegato ante el Tribunal Penal Uno de Eldorado. \u00abEs el caso de cosificaci\u00f3n de una mujer m\u00e1s grave que he visto en toda mi carrera judicial\u00bb, expres\u00f3 Rodr\u00edguez.<br><br>Para el fiscal, Villar debe ser condenado a prisi\u00f3n perpetua como autor de los delitos de robo, abuso sexual con acceso carnal en concurso real, con homicidio criminis causa, femicidio y por placer.<br><br>Ahora es el turno de exponer su alegato al abogado defensor particular Sebasti\u00e1n Ben\u00edtez.<\/p>\n\n\n\n<p class=\"wp-block-paragraph\"><\/p>\n\n\n\n<p class=\"wp-block-paragraph\"><strong>A.H<\/strong><\/p>\n","protected":false},"excerpt":{"rendered":"<p>La Fiscal\u00eda pidi\u00f3 ante el Tribunal Penal Uno de Eldorado la pena m\u00e1xima&nbsp;como autor de los delitos de robo, abuso sexual con acceso carnal en concurso real, con homicidio criminis causa, femicidio y por placer.&nbsp; En la ma\u00f1ana de este mi\u00e9rcoles, el fiscal Federico Rodr\u00edguez&nbsp; la pena de prisi\u00f3n perpetua para el soldado Carlos Luis [&hellip;]<\/p>\n","protected":false},"author":2,"featured_media":10310,"comment_status":"open","ping_status":"open","sticky":false,"template":"","format":"standard","meta":{"footnotes":""},"categories":[35],"tags":[],"class_list":["post-10309","post","type-post","status-publish","format-standard","has-post-thumbnail","hentry","category-informacion-general"],"yoast_head":"<!-- This site is optimized with the Yoast SEO plugin v28.4 - https:\/\/yoast.com\/product\/yoast-seo-wordpress\/ -->\n<title>Femicidio de Vilma Mercado: piden perpetua para el soldado Villar | CVI NOTICIAS<\/title>\n<meta name=\"robots\" content=\"index, follow, max-snippet:-1, max-image-preview:large, max-video-preview:-1\" \/>\n<link rel=\"canonical\" href=\"https:\/\/cvinoticias.com\/v3\/femicidio-de-vilma-mercado-piden-perpetua-para-el-soldado-villar\/\" \/>\n<meta property=\"og:locale\" content=\"es_ES\" \/>\n<meta property=\"og:type\" content=\"article\" \/>\n<meta property=\"og:title\" content=\"Femicidio de Vilma Mercado: piden perpetua para el soldado Villar | CVI NOTICIAS\" \/>\n<meta property=\"og:description\" content=\"La Fiscal\u00eda pidi\u00f3 ante el Tribunal Penal Uno de Eldorado la pena m\u00e1xima&nbsp;como autor de los delitos de robo, abuso sexual con acceso carnal en concurso real, con homicidio criminis causa, femicidio y por placer.&nbsp; En la ma\u00f1ana de este mi\u00e9rcoles, el fiscal Federico Rodr\u00edguez&nbsp; la pena de prisi\u00f3n perpetua para el soldado Carlos Luis [&hellip;]\" \/>\n<meta property=\"og:url\" content=\"https:\/\/cvinoticias.com\/v3\/femicidio-de-vilma-mercado-piden-perpetua-para-el-soldado-villar\/\" \/>\n<meta property=\"og:site_name\" content=\"CVI NOTICIAS\" \/>\n<meta property=\"article:publisher\" content=\"https:\/\/www.facebook.com\/cvinoticias\" \/>\n<meta property=\"article:published_time\" content=\"2021-11-04T11:21:58+00:00\" \/>\n<meta property=\"og:image\" content=\"https:\/\/cvinoticias.com\/wp-content\/uploads\/2021\/11\/Screenshot_20211104-082050_Facebook.jpg\" \/>\n\t<meta property=\"og:image:width\" content=\"718\" \/>\n\t<meta property=\"og:image:height\" content=\"511\" \/>\n\t<meta property=\"og:image:type\" content=\"image\/jpeg\" \/>\n<meta name=\"author\" content=\"f1000024\" \/>\n<meta name=\"twitter:card\" content=\"summary_large_image\" \/>\n<meta name=\"twitter:label1\" content=\"Escrito por\" \/>\n\t<meta name=\"twitter:data1\" content=\"f1000024\" \/>\n\t<meta name=\"twitter:label2\" content=\"Tiempo de lectura\" \/>\n\t<meta name=\"twitter:data2\" content=\"1 minuto\" \/>\n<script type=\"application\/ld+json\" class=\"yoast-schema-graph\">{\"@context\":\"https:\\\/\\\/schema.org\",\"@graph\":[{\"@type\":\"Article\",\"@id\":\"https:\\\/\\\/cvinoticias.com\\\/v3\\\/femicidio-de-vilma-mercado-piden-perpetua-para-el-soldado-villar\\\/#article\",\"isPartOf\":{\"@id\":\"https:\\\/\\\/cvinoticias.com\\\/v3\\\/femicidio-de-vilma-mercado-piden-perpetua-para-el-soldado-villar\\\/\"},\"author\":{\"name\":\"f1000024\",\"@id\":\"https:\\\/\\\/cvinoticias.com\\\/v3\\\/#\\\/schema\\\/person\\\/2db77e3c6bc03c538495d7b2b8be9b66\"},\"headline\":\"Femicidio de Vilma Mercado: piden perpetua para el soldado Villar\",\"datePublished\":\"2021-11-04T11:21:58+00:00\",\"mainEntityOfPage\":{\"@id\":\"https:\\\/\\\/cvinoticias.com\\\/v3\\\/femicidio-de-vilma-mercado-piden-perpetua-para-el-soldado-villar\\\/\"},\"wordCount\":195,\"commentCount\":0,\"publisher\":{\"@id\":\"https:\\\/\\\/cvinoticias.com\\\/v3\\\/#organization\"},\"image\":{\"@id\":\"https:\\\/\\\/cvinoticias.com\\\/v3\\\/femicidio-de-vilma-mercado-piden-perpetua-para-el-soldado-villar\\\/#primaryimage\"},\"thumbnailUrl\":\"https:\\\/\\\/cvinoticias.com\\\/wp-content\\\/uploads\\\/2021\\\/11\\\/Screenshot_20211104-082050_Facebook.jpg\",\"articleSection\":[\"Informaci\u00f3n General\"],\"inLanguage\":\"es\",\"potentialAction\":[{\"@type\":\"CommentAction\",\"name\":\"Comment\",\"target\":[\"https:\\\/\\\/cvinoticias.com\\\/v3\\\/femicidio-de-vilma-mercado-piden-perpetua-para-el-soldado-villar\\\/#respond\"]}]},{\"@type\":\"WebPage\",\"@id\":\"https:\\\/\\\/cvinoticias.com\\\/v3\\\/femicidio-de-vilma-mercado-piden-perpetua-para-el-soldado-villar\\\/\",\"url\":\"https:\\\/\\\/cvinoticias.com\\\/v3\\\/femicidio-de-vilma-mercado-piden-perpetua-para-el-soldado-villar\\\/\",\"name\":\"Femicidio de Vilma Mercado: piden perpetua para el soldado Villar | CVI NOTICIAS\",\"isPartOf\":{\"@id\":\"https:\\\/\\\/cvinoticias.com\\\/v3\\\/#website\"},\"primaryImageOfPage\":{\"@id\":\"https:\\\/\\\/cvinoticias.com\\\/v3\\\/femicidio-de-vilma-mercado-piden-perpetua-para-el-soldado-villar\\\/#primaryimage\"},\"image\":{\"@id\":\"https:\\\/\\\/cvinoticias.com\\\/v3\\\/femicidio-de-vilma-mercado-piden-perpetua-para-el-soldado-villar\\\/#primaryimage\"},\"thumbnailUrl\":\"https:\\\/\\\/cvinoticias.com\\\/wp-content\\\/uploads\\\/2021\\\/11\\\/Screenshot_20211104-082050_Facebook.jpg\",\"datePublished\":\"2021-11-04T11:21:58+00:00\",\"breadcrumb\":{\"@id\":\"https:\\\/\\\/cvinoticias.com\\\/v3\\\/femicidio-de-vilma-mercado-piden-perpetua-para-el-soldado-villar\\\/#breadcrumb\"},\"inLanguage\":\"es\",\"potentialAction\":[{\"@type\":\"ReadAction\",\"target\":[\"https:\\\/\\\/cvinoticias.com\\\/v3\\\/femicidio-de-vilma-mercado-piden-perpetua-para-el-soldado-villar\\\/\"]}]},{\"@type\":\"ImageObject\",\"inLanguage\":\"es\",\"@id\":\"https:\\\/\\\/cvinoticias.com\\\/v3\\\/femicidio-de-vilma-mercado-piden-perpetua-para-el-soldado-villar\\\/#primaryimage\",\"url\":\"https:\\\/\\\/cvinoticias.com\\\/wp-content\\\/uploads\\\/2021\\\/11\\\/Screenshot_20211104-082050_Facebook.jpg\",\"contentUrl\":\"https:\\\/\\\/cvinoticias.com\\\/wp-content\\\/uploads\\\/2021\\\/11\\\/Screenshot_20211104-082050_Facebook.jpg\",\"width\":718,\"height\":511},{\"@type\":\"BreadcrumbList\",\"@id\":\"https:\\\/\\\/cvinoticias.com\\\/v3\\\/femicidio-de-vilma-mercado-piden-perpetua-para-el-soldado-villar\\\/#breadcrumb\",\"itemListElement\":[{\"@type\":\"ListItem\",\"position\":1,\"name\":\"Portada\",\"item\":\"https:\\\/\\\/cvinoticias.com\\\/v3\\\/\"},{\"@type\":\"ListItem\",\"position\":2,\"name\":\"Femicidio de Vilma Mercado: piden perpetua para el soldado Villar\"}]},{\"@type\":\"WebSite\",\"@id\":\"https:\\\/\\\/cvinoticias.com\\\/v3\\\/#website\",\"url\":\"https:\\\/\\\/cvinoticias.com\\\/v3\\\/\",\"name\":\"CVI NOTICIAS\",\"description\":\"\",\"publisher\":{\"@id\":\"https:\\\/\\\/cvinoticias.com\\\/v3\\\/#organization\"},\"alternateName\":\"CVI\",\"potentialAction\":[{\"@type\":\"SearchAction\",\"target\":{\"@type\":\"EntryPoint\",\"urlTemplate\":\"https:\\\/\\\/cvinoticias.com\\\/v3\\\/?s={search_term_string}\"},\"query-input\":{\"@type\":\"PropertyValueSpecification\",\"valueRequired\":true,\"valueName\":\"search_term_string\"}}],\"inLanguage\":\"es\"},{\"@type\":\"Organization\",\"@id\":\"https:\\\/\\\/cvinoticias.com\\\/v3\\\/#organization\",\"name\":\"CVI NOTICIAS\",\"url\":\"https:\\\/\\\/cvinoticias.com\\\/v3\\\/\",\"logo\":{\"@type\":\"ImageObject\",\"inLanguage\":\"es\",\"@id\":\"https:\\\/\\\/cvinoticias.com\\\/v3\\\/#\\\/schema\\\/logo\\\/image\\\/\",\"url\":\"https:\\\/\\\/cvinoticias.com\\\/wp-content\\\/uploads\\\/2023\\\/04\\\/cropped-cropped-cropped-cropped-cropped-3-1.png\",\"contentUrl\":\"https:\\\/\\\/cvinoticias.com\\\/wp-content\\\/uploads\\\/2023\\\/04\\\/cropped-cropped-cropped-cropped-cropped-3-1.png\",\"width\":95,\"height\":122,\"caption\":\"CVI NOTICIAS\"},\"image\":{\"@id\":\"https:\\\/\\\/cvinoticias.com\\\/v3\\\/#\\\/schema\\\/logo\\\/image\\\/\"},\"sameAs\":[\"https:\\\/\\\/www.facebook.com\\\/cvinoticias\",\"https:\\\/\\\/www.instagram.com\\\/cvinoticias\\\/\",\"https:\\\/\\\/www.youtube.com\\\/@CVINOTICIAS\"]},{\"@type\":\"Person\",\"@id\":\"https:\\\/\\\/cvinoticias.com\\\/v3\\\/#\\\/schema\\\/person\\\/2db77e3c6bc03c538495d7b2b8be9b66\",\"name\":\"f1000024\",\"image\":{\"@type\":\"ImageObject\",\"inLanguage\":\"es\",\"@id\":\"https:\\\/\\\/secure.gravatar.com\\\/avatar\\\/d4fe7459cfc51ff5129ce1a732bbef5928568b8092d412ef95611616376bbeed?s=96&d=mm&r=g\",\"url\":\"https:\\\/\\\/secure.gravatar.com\\\/avatar\\\/d4fe7459cfc51ff5129ce1a732bbef5928568b8092d412ef95611616376bbeed?s=96&d=mm&r=g\",\"contentUrl\":\"https:\\\/\\\/secure.gravatar.com\\\/avatar\\\/d4fe7459cfc51ff5129ce1a732bbef5928568b8092d412ef95611616376bbeed?s=96&d=mm&r=g\",\"caption\":\"f1000024\"},\"url\":\"https:\\\/\\\/cvinoticias.com\\\/v3\\\/author\\\/f1000024\\\/\"}]}<\/script>\n<!-- \/ Yoast SEO plugin. -->","yoast_head_json":{"title":"Femicidio de Vilma Mercado: piden perpetua para el soldado Villar | CVI NOTICIAS","robots":{"index":"index","follow":"follow","max-snippet":"max-snippet:-1","max-image-preview":"max-image-preview:large","max-video-preview":"max-video-preview:-1"},"canonical":"https:\/\/cvinoticias.com\/v3\/femicidio-de-vilma-mercado-piden-perpetua-para-el-soldado-villar\/","og_locale":"es_ES","og_type":"article","og_title":"Femicidio de Vilma Mercado: piden perpetua para el soldado Villar | CVI NOTICIAS","og_description":"La Fiscal\u00eda pidi\u00f3 ante el Tribunal Penal Uno de Eldorado la pena m\u00e1xima&nbsp;como autor de los delitos de robo, abuso sexual con acceso carnal en concurso real, con homicidio criminis causa, femicidio y por placer.&nbsp; En la ma\u00f1ana de este mi\u00e9rcoles, el fiscal Federico Rodr\u00edguez&nbsp; la pena de prisi\u00f3n perpetua para el soldado Carlos Luis [&hellip;]","og_url":"https:\/\/cvinoticias.com\/v3\/femicidio-de-vilma-mercado-piden-perpetua-para-el-soldado-villar\/","og_site_name":"CVI NOTICIAS","article_publisher":"https:\/\/www.facebook.com\/cvinoticias","article_published_time":"2021-11-04T11:21:58+00:00","og_image":[{"width":718,"height":511,"url":"https:\/\/cvinoticias.com\/wp-content\/uploads\/2021\/11\/Screenshot_20211104-082050_Facebook.jpg","type":"image\/jpeg"}],"author":"f1000024","twitter_card":"summary_large_image","twitter_misc":{"Escrito por":"f1000024","Tiempo de lectura":"1 minuto"},"schema":{"@context":"https:\/\/schema.org","@graph":[{"@type":"Article","@id":"https:\/\/cvinoticias.com\/v3\/femicidio-de-vilma-mercado-piden-perpetua-para-el-soldado-villar\/#article","isPartOf":{"@id":"https:\/\/cvinoticias.com\/v3\/femicidio-de-vilma-mercado-piden-perpetua-para-el-soldado-villar\/"},"author":{"name":"f1000024","@id":"https:\/\/cvinoticias.com\/v3\/#\/schema\/person\/2db77e3c6bc03c538495d7b2b8be9b66"},"headline":"Femicidio de Vilma Mercado: piden perpetua para el soldado Villar","datePublished":"2021-11-04T11:21:58+00:00","mainEntityOfPage":{"@id":"https:\/\/cvinoticias.com\/v3\/femicidio-de-vilma-mercado-piden-perpetua-para-el-soldado-villar\/"},"wordCount":195,"commentCount":0,"publisher":{"@id":"https:\/\/cvinoticias.com\/v3\/#organization"},"image":{"@id":"https:\/\/cvinoticias.com\/v3\/femicidio-de-vilma-mercado-piden-perpetua-para-el-soldado-villar\/#primaryimage"},"thumbnailUrl":"https:\/\/cvinoticias.com\/wp-content\/uploads\/2021\/11\/Screenshot_20211104-082050_Facebook.jpg","articleSection":["Informaci\u00f3n General"],"inLanguage":"es","potentialAction":[{"@type":"CommentAction","name":"Comment","target":["https:\/\/cvinoticias.com\/v3\/femicidio-de-vilma-mercado-piden-perpetua-para-el-soldado-villar\/#respond"]}]},{"@type":"WebPage","@id":"https:\/\/cvinoticias.com\/v3\/femicidio-de-vilma-mercado-piden-perpetua-para-el-soldado-villar\/","url":"https:\/\/cvinoticias.com\/v3\/femicidio-de-vilma-mercado-piden-perpetua-para-el-soldado-villar\/","name":"Femicidio de Vilma Mercado: piden perpetua para el soldado Villar | CVI NOTICIAS","isPartOf":{"@id":"https:\/\/cvinoticias.com\/v3\/#website"},"primaryImageOfPage":{"@id":"https:\/\/cvinoticias.com\/v3\/femicidio-de-vilma-mercado-piden-perpetua-para-el-soldado-villar\/#primaryimage"},"image":{"@id":"https:\/\/cvinoticias.com\/v3\/femicidio-de-vilma-mercado-piden-perpetua-para-el-soldado-villar\/#primaryimage"},"thumbnailUrl":"https:\/\/cvinoticias.com\/wp-content\/uploads\/2021\/11\/Screenshot_20211104-082050_Facebook.jpg","datePublished":"2021-11-04T11:21:58+00:00","breadcrumb":{"@id":"https:\/\/cvinoticias.com\/v3\/femicidio-de-vilma-mercado-piden-perpetua-para-el-soldado-villar\/#breadcrumb"},"inLanguage":"es","potentialAction":[{"@type":"ReadAction","target":["https:\/\/cvinoticias.com\/v3\/femicidio-de-vilma-mercado-piden-perpetua-para-el-soldado-villar\/"]}]},{"@type":"ImageObject","inLanguage":"es","@id":"https:\/\/cvinoticias.com\/v3\/femicidio-de-vilma-mercado-piden-perpetua-para-el-soldado-villar\/#primaryimage","url":"https:\/\/cvinoticias.com\/wp-content\/uploads\/2021\/11\/Screenshot_20211104-082050_Facebook.jpg","contentUrl":"https:\/\/cvinoticias.com\/wp-content\/uploads\/2021\/11\/Screenshot_20211104-082050_Facebook.jpg","width":718,"height":511},{"@type":"BreadcrumbList","@id":"https:\/\/cvinoticias.com\/v3\/femicidio-de-vilma-mercado-piden-perpetua-para-el-soldado-villar\/#breadcrumb","itemListElement":[{"@type":"ListItem","position":1,"name":"Portada","item":"https:\/\/cvinoticias.com\/v3\/"},{"@type":"ListItem","position":2,"name":"Femicidio de Vilma Mercado: piden perpetua para el soldado Villar"}]},{"@type":"WebSite","@id":"https:\/\/cvinoticias.com\/v3\/#website","url":"https:\/\/cvinoticias.com\/v3\/","name":"CVI NOTICIAS","description":"","publisher":{"@id":"https:\/\/cvinoticias.com\/v3\/#organization"},"alternateName":"CVI","potentialAction":[{"@type":"SearchAction","target":{"@type":"EntryPoint","urlTemplate":"https:\/\/cvinoticias.com\/v3\/?s={search_term_string}"},"query-input":{"@type":"PropertyValueSpecification","valueRequired":true,"valueName":"search_term_string"}}],"inLanguage":"es"},{"@type":"Organization","@id":"https:\/\/cvinoticias.com\/v3\/#organization","name":"CVI NOTICIAS","url":"https:\/\/cvinoticias.com\/v3\/","logo":{"@type":"ImageObject","inLanguage":"es","@id":"https:\/\/cvinoticias.com\/v3\/#\/schema\/logo\/image\/","url":"https:\/\/cvinoticias.com\/wp-content\/uploads\/2023\/04\/cropped-cropped-cropped-cropped-cropped-3-1.png","contentUrl":"https:\/\/cvinoticias.com\/wp-content\/uploads\/2023\/04\/cropped-cropped-cropped-cropped-cropped-3-1.png","width":95,"height":122,"caption":"CVI NOTICIAS"},"image":{"@id":"https:\/\/cvinoticias.com\/v3\/#\/schema\/logo\/image\/"},"sameAs":["https:\/\/www.facebook.com\/cvinoticias","https:\/\/www.instagram.com\/cvinoticias\/","https:\/\/www.youtube.com\/@CVINOTICIAS"]},{"@type":"Person","@id":"https:\/\/cvinoticias.com\/v3\/#\/schema\/person\/2db77e3c6bc03c538495d7b2b8be9b66","name":"f1000024","image":{"@type":"ImageObject","inLanguage":"es","@id":"https:\/\/secure.gravatar.com\/avatar\/d4fe7459cfc51ff5129ce1a732bbef5928568b8092d412ef95611616376bbeed?s=96&d=mm&r=g","url":"https:\/\/secure.gravatar.com\/avatar\/d4fe7459cfc51ff5129ce1a732bbef5928568b8092d412ef95611616376bbeed?s=96&d=mm&r=g","contentUrl":"https:\/\/secure.gravatar.com\/avatar\/d4fe7459cfc51ff5129ce1a732bbef5928568b8092d412ef95611616376bbeed?s=96&d=mm&r=g","caption":"f1000024"},"url":"https:\/\/cvinoticias.com\/v3\/author\/f1000024\/"}]}},"_links":{"self":[{"href":"https:\/\/cvinoticias.com\/v3\/wp-json\/wp\/v2\/posts\/10309","targetHints":{"allow":["GET"]}}],"collection":[{"href":"https:\/\/cvinoticias.com\/v3\/wp-json\/wp\/v2\/posts"}],"about":[{"href":"https:\/\/cvinoticias.com\/v3\/wp-json\/wp\/v2\/types\/post"}],"author":[{"embeddable":true,"href":"https:\/\/cvinoticias.com\/v3\/wp-json\/wp\/v2\/users\/2"}],"replies":[{"embeddable":true,"href":"https:\/\/cvinoticias.com\/v3\/wp-json\/wp\/v2\/comments?post=10309"}],"version-history":[{"count":1,"href":"https:\/\/cvinoticias.com\/v3\/wp-json\/wp\/v2\/posts\/10309\/revisions"}],"predecessor-version":[{"id":10311,"href":"https:\/\/cvinoticias.com\/v3\/wp-json\/wp\/v2\/posts\/10309\/revisions\/10311"}],"wp:featuredmedia":[{"embeddable":true,"href":"https:\/\/cvinoticias.com\/v3\/wp-json\/wp\/v2\/media\/10310"}],"wp:attachment":[{"href":"https:\/\/cvinoticias.com\/v3\/wp-json\/wp\/v2\/media?parent=10309"}],"wp:term":[{"taxonomy":"category","embeddable":true,"href":"https:\/\/cvinoticias.com\/v3\/wp-json\/wp\/v2\/categories?post=10309"},{"taxonomy":"post_tag","embeddable":true,"href":"https:\/\/cvinoticias.com\/v3\/wp-json\/wp\/v2\/tags?post=10309"}],"curies":[{"name":"wp","href":"https:\/\/api.w.org\/{rel}","templated":true}]}}