{"id":10297,"date":"2021-11-03T21:56:34","date_gmt":"2021-11-03T21:56:34","guid":{"rendered":"https:\/\/cvinoticias.com\/v3\/?p=10297"},"modified":"2021-11-03T21:56:34","modified_gmt":"2021-11-03T21:56:34","slug":"loreto-fallecio-un-motociclista-en-la-ruta-nacional-12","status":"publish","type":"post","link":"https:\/\/cvinoticias.com\/v3\/loreto-fallecio-un-motociclista-en-la-ruta-nacional-12\/","title":{"rendered":"Loreto: Falleci\u00f3 un motociclista en la Ruta Nacional 12"},"content":{"rendered":"\n<p><strong><em>El hecho se registr\u00f3 esta tarde, alrededor de las 16 horas sobre el kil\u00f3metro 1390, en donde una moto Honda XR de 150cc y un autom\u00f3vil Citro\u00ebn Berlingo colisionaron sobre la citada carretera.<\/em><\/strong><\/p>\n\n\n\n<p>Seg\u00fan las primeras averiguaciones, el conductor del rodado menor, identificado como Fernando P. de 36 a\u00f1os falleci\u00f3 en el lugar a causa de las lesiones sufridas tras el choque. Asimismo, una menor de edad que iba como acompa\u00f1ante en el motociclo result\u00f3 con m\u00faltiples heridas, por lo que fue derivada hasta el Hospital Madariaga de Posadas.<\/p>\n\n\n\n<p>Trabajaron en el lugar los efectivos de la Comisar\u00eda de Loreto y la divisi\u00f3n de Polic\u00eda Cient\u00edfica de la Unidad Regional XIII para establecer la mec\u00e1nica del accidente.<br>Intervine el Juzgado de Instrucci\u00f3n N\u00ba 6 de Posadas.<\/p>\n\n\n\n<figure class=\"wp-block-image size-full\"><a href=\"https:\/\/cvinoticias.com\/wp-content\/uploads\/2021\/11\/IMG-20211103-WA0051.jpg\"><img decoding=\"async\" width=\"720\" height=\"960\" data-src=\"https:\/\/cvinoticias.com\/wp-content\/uploads\/2021\/11\/IMG-20211103-WA0051.jpg\" alt=\"\" class=\"wp-image-10299 lazyload\" data-srcset=\"https:\/\/cvinoticias.com\/wp-content\/uploads\/2021\/11\/IMG-20211103-WA0051.jpg 720w, https:\/\/cvinoticias.com\/wp-content\/uploads\/2021\/11\/IMG-20211103-WA0051-225x300.jpg 225w\" data-sizes=\"(max-width: 720px) 100vw, 720px\" src=\"data:image\/svg+xml;base64,PHN2ZyB3aWR0aD0iMSIgaGVpZ2h0PSIxIiB4bWxucz0iaHR0cDovL3d3dy53My5vcmcvMjAwMC9zdmciPjwvc3ZnPg==\" style=\"--smush-placeholder-width: 720px; --smush-placeholder-aspect-ratio: 720\/960;\" \/><\/a><\/figure>\n","protected":false},"excerpt":{"rendered":"<p>El hecho se registr\u00f3 esta tarde, alrededor de las 16 horas sobre el kil\u00f3metro 1390, en donde una moto Honda XR de 150cc y un autom\u00f3vil Citro\u00ebn Berlingo colisionaron sobre la citada carretera. Seg\u00fan las primeras averiguaciones, el conductor del rodado menor, identificado como Fernando P. de 36 a\u00f1os falleci\u00f3 en el lugar a causa [&hellip;]<\/p>\n","protected":false},"author":2,"featured_media":10298,"comment_status":"open","ping_status":"open","sticky":false,"template":"","format":"standard","meta":{"footnotes":""},"categories":[43],"tags":[],"class_list":["post-10297","post","type-post","status-publish","format-standard","has-post-thumbnail","hentry","category-provinciales"],"yoast_head":"<!-- This site is optimized with the Yoast SEO plugin v27.5 - https:\/\/yoast.com\/product\/yoast-seo-wordpress\/ -->\n<title>Loreto: Falleci\u00f3 un motociclista en la Ruta Nacional 12 | CVI NOTICIAS<\/title>\n<meta name=\"robots\" content=\"index, follow, max-snippet:-1, max-image-preview:large, max-video-preview:-1\" \/>\n<link rel=\"canonical\" href=\"https:\/\/cvinoticias.com\/v3\/loreto-fallecio-un-motociclista-en-la-ruta-nacional-12\/\" \/>\n<meta property=\"og:locale\" content=\"es_ES\" \/>\n<meta property=\"og:type\" content=\"article\" \/>\n<meta property=\"og:title\" content=\"Loreto: Falleci\u00f3 un motociclista en la Ruta Nacional 12 | CVI NOTICIAS\" \/>\n<meta property=\"og:description\" content=\"El hecho se registr\u00f3 esta tarde, alrededor de las 16 horas sobre el kil\u00f3metro 1390, en donde una moto Honda XR de 150cc y un autom\u00f3vil Citro\u00ebn Berlingo colisionaron sobre la citada carretera. Seg\u00fan las primeras averiguaciones, el conductor del rodado menor, identificado como Fernando P. de 36 a\u00f1os falleci\u00f3 en el lugar a causa [&hellip;]\" \/>\n<meta property=\"og:url\" content=\"https:\/\/cvinoticias.com\/v3\/loreto-fallecio-un-motociclista-en-la-ruta-nacional-12\/\" \/>\n<meta property=\"og:site_name\" content=\"CVI NOTICIAS\" \/>\n<meta property=\"article:publisher\" content=\"https:\/\/www.facebook.com\/cvinoticias\" \/>\n<meta property=\"article:published_time\" content=\"2021-11-03T21:56:34+00:00\" \/>\n<meta property=\"og:image\" content=\"https:\/\/cvinoticias.com\/wp-content\/uploads\/2021\/11\/IMG-20211103-WA0057.jpg\" \/>\n\t<meta property=\"og:image:width\" content=\"1280\" \/>\n\t<meta property=\"og:image:height\" content=\"720\" \/>\n\t<meta property=\"og:image:type\" content=\"image\/jpeg\" \/>\n<meta name=\"author\" content=\"f1000024\" \/>\n<meta name=\"twitter:card\" content=\"summary_large_image\" \/>\n<meta name=\"twitter:label1\" content=\"Escrito por\" \/>\n\t<meta name=\"twitter:data1\" content=\"f1000024\" \/>\n\t<meta name=\"twitter:label2\" content=\"Tiempo de lectura\" \/>\n\t<meta name=\"twitter:data2\" content=\"1 minuto\" \/>\n<script type=\"application\/ld+json\" class=\"yoast-schema-graph\">{\"@context\":\"https:\\\/\\\/schema.org\",\"@graph\":[{\"@type\":\"Article\",\"@id\":\"https:\\\/\\\/cvinoticias.com\\\/v3\\\/loreto-fallecio-un-motociclista-en-la-ruta-nacional-12\\\/#article\",\"isPartOf\":{\"@id\":\"https:\\\/\\\/cvinoticias.com\\\/v3\\\/loreto-fallecio-un-motociclista-en-la-ruta-nacional-12\\\/\"},\"author\":{\"name\":\"f1000024\",\"@id\":\"https:\\\/\\\/cvinoticias.com\\\/v3\\\/#\\\/schema\\\/person\\\/2db77e3c6bc03c538495d7b2b8be9b66\"},\"headline\":\"Loreto: Falleci\u00f3 un motociclista en la Ruta Nacional 12\",\"datePublished\":\"2021-11-03T21:56:34+00:00\",\"mainEntityOfPage\":{\"@id\":\"https:\\\/\\\/cvinoticias.com\\\/v3\\\/loreto-fallecio-un-motociclista-en-la-ruta-nacional-12\\\/\"},\"wordCount\":143,\"commentCount\":0,\"publisher\":{\"@id\":\"https:\\\/\\\/cvinoticias.com\\\/v3\\\/#organization\"},\"image\":{\"@id\":\"https:\\\/\\\/cvinoticias.com\\\/v3\\\/loreto-fallecio-un-motociclista-en-la-ruta-nacional-12\\\/#primaryimage\"},\"thumbnailUrl\":\"https:\\\/\\\/cvinoticias.com\\\/wp-content\\\/uploads\\\/2021\\\/11\\\/IMG-20211103-WA0057.jpg\",\"articleSection\":[\"Provinciales\"],\"inLanguage\":\"es\",\"potentialAction\":[{\"@type\":\"CommentAction\",\"name\":\"Comment\",\"target\":[\"https:\\\/\\\/cvinoticias.com\\\/v3\\\/loreto-fallecio-un-motociclista-en-la-ruta-nacional-12\\\/#respond\"]}]},{\"@type\":\"WebPage\",\"@id\":\"https:\\\/\\\/cvinoticias.com\\\/v3\\\/loreto-fallecio-un-motociclista-en-la-ruta-nacional-12\\\/\",\"url\":\"https:\\\/\\\/cvinoticias.com\\\/v3\\\/loreto-fallecio-un-motociclista-en-la-ruta-nacional-12\\\/\",\"name\":\"Loreto: Falleci\u00f3 un motociclista en la Ruta Nacional 12 | CVI NOTICIAS\",\"isPartOf\":{\"@id\":\"https:\\\/\\\/cvinoticias.com\\\/v3\\\/#website\"},\"primaryImageOfPage\":{\"@id\":\"https:\\\/\\\/cvinoticias.com\\\/v3\\\/loreto-fallecio-un-motociclista-en-la-ruta-nacional-12\\\/#primaryimage\"},\"image\":{\"@id\":\"https:\\\/\\\/cvinoticias.com\\\/v3\\\/loreto-fallecio-un-motociclista-en-la-ruta-nacional-12\\\/#primaryimage\"},\"thumbnailUrl\":\"https:\\\/\\\/cvinoticias.com\\\/wp-content\\\/uploads\\\/2021\\\/11\\\/IMG-20211103-WA0057.jpg\",\"datePublished\":\"2021-11-03T21:56:34+00:00\",\"breadcrumb\":{\"@id\":\"https:\\\/\\\/cvinoticias.com\\\/v3\\\/loreto-fallecio-un-motociclista-en-la-ruta-nacional-12\\\/#breadcrumb\"},\"inLanguage\":\"es\",\"potentialAction\":[{\"@type\":\"ReadAction\",\"target\":[\"https:\\\/\\\/cvinoticias.com\\\/v3\\\/loreto-fallecio-un-motociclista-en-la-ruta-nacional-12\\\/\"]}]},{\"@type\":\"ImageObject\",\"inLanguage\":\"es\",\"@id\":\"https:\\\/\\\/cvinoticias.com\\\/v3\\\/loreto-fallecio-un-motociclista-en-la-ruta-nacional-12\\\/#primaryimage\",\"url\":\"https:\\\/\\\/cvinoticias.com\\\/wp-content\\\/uploads\\\/2021\\\/11\\\/IMG-20211103-WA0057.jpg\",\"contentUrl\":\"https:\\\/\\\/cvinoticias.com\\\/wp-content\\\/uploads\\\/2021\\\/11\\\/IMG-20211103-WA0057.jpg\",\"width\":1280,\"height\":720},{\"@type\":\"BreadcrumbList\",\"@id\":\"https:\\\/\\\/cvinoticias.com\\\/v3\\\/loreto-fallecio-un-motociclista-en-la-ruta-nacional-12\\\/#breadcrumb\",\"itemListElement\":[{\"@type\":\"ListItem\",\"position\":1,\"name\":\"Portada\",\"item\":\"https:\\\/\\\/cvinoticias.com\\\/v3\\\/\"},{\"@type\":\"ListItem\",\"position\":2,\"name\":\"Loreto: Falleci\u00f3 un motociclista en la Ruta Nacional 12\"}]},{\"@type\":\"WebSite\",\"@id\":\"https:\\\/\\\/cvinoticias.com\\\/v3\\\/#website\",\"url\":\"https:\\\/\\\/cvinoticias.com\\\/v3\\\/\",\"name\":\"CVI NOTICIAS\",\"description\":\"\",\"publisher\":{\"@id\":\"https:\\\/\\\/cvinoticias.com\\\/v3\\\/#organization\"},\"alternateName\":\"CVI\",\"potentialAction\":[{\"@type\":\"SearchAction\",\"target\":{\"@type\":\"EntryPoint\",\"urlTemplate\":\"https:\\\/\\\/cvinoticias.com\\\/v3\\\/?s={search_term_string}\"},\"query-input\":{\"@type\":\"PropertyValueSpecification\",\"valueRequired\":true,\"valueName\":\"search_term_string\"}}],\"inLanguage\":\"es\"},{\"@type\":\"Organization\",\"@id\":\"https:\\\/\\\/cvinoticias.com\\\/v3\\\/#organization\",\"name\":\"CVI NOTICIAS\",\"url\":\"https:\\\/\\\/cvinoticias.com\\\/v3\\\/\",\"logo\":{\"@type\":\"ImageObject\",\"inLanguage\":\"es\",\"@id\":\"https:\\\/\\\/cvinoticias.com\\\/v3\\\/#\\\/schema\\\/logo\\\/image\\\/\",\"url\":\"https:\\\/\\\/cvinoticias.com\\\/wp-content\\\/uploads\\\/2023\\\/04\\\/cropped-cropped-cropped-cropped-cropped-3-1.png\",\"contentUrl\":\"https:\\\/\\\/cvinoticias.com\\\/wp-content\\\/uploads\\\/2023\\\/04\\\/cropped-cropped-cropped-cropped-cropped-3-1.png\",\"width\":95,\"height\":122,\"caption\":\"CVI NOTICIAS\"},\"image\":{\"@id\":\"https:\\\/\\\/cvinoticias.com\\\/v3\\\/#\\\/schema\\\/logo\\\/image\\\/\"},\"sameAs\":[\"https:\\\/\\\/www.facebook.com\\\/cvinoticias\",\"https:\\\/\\\/www.instagram.com\\\/cvinoticias\\\/\",\"https:\\\/\\\/www.youtube.com\\\/@CVINOTICIAS\"]},{\"@type\":\"Person\",\"@id\":\"https:\\\/\\\/cvinoticias.com\\\/v3\\\/#\\\/schema\\\/person\\\/2db77e3c6bc03c538495d7b2b8be9b66\",\"name\":\"f1000024\",\"image\":{\"@type\":\"ImageObject\",\"inLanguage\":\"es\",\"@id\":\"https:\\\/\\\/secure.gravatar.com\\\/avatar\\\/d4fe7459cfc51ff5129ce1a732bbef5928568b8092d412ef95611616376bbeed?s=96&d=mm&r=g\",\"url\":\"https:\\\/\\\/secure.gravatar.com\\\/avatar\\\/d4fe7459cfc51ff5129ce1a732bbef5928568b8092d412ef95611616376bbeed?s=96&d=mm&r=g\",\"contentUrl\":\"https:\\\/\\\/secure.gravatar.com\\\/avatar\\\/d4fe7459cfc51ff5129ce1a732bbef5928568b8092d412ef95611616376bbeed?s=96&d=mm&r=g\",\"caption\":\"f1000024\"},\"url\":\"https:\\\/\\\/cvinoticias.com\\\/v3\\\/author\\\/f1000024\\\/\"}]}<\/script>\n<!-- \/ Yoast SEO plugin. -->","yoast_head_json":{"title":"Loreto: Falleci\u00f3 un motociclista en la Ruta Nacional 12 | CVI NOTICIAS","robots":{"index":"index","follow":"follow","max-snippet":"max-snippet:-1","max-image-preview":"max-image-preview:large","max-video-preview":"max-video-preview:-1"},"canonical":"https:\/\/cvinoticias.com\/v3\/loreto-fallecio-un-motociclista-en-la-ruta-nacional-12\/","og_locale":"es_ES","og_type":"article","og_title":"Loreto: Falleci\u00f3 un motociclista en la Ruta Nacional 12 | CVI NOTICIAS","og_description":"El hecho se registr\u00f3 esta tarde, alrededor de las 16 horas sobre el kil\u00f3metro 1390, en donde una moto Honda XR de 150cc y un autom\u00f3vil Citro\u00ebn Berlingo colisionaron sobre la citada carretera. Seg\u00fan las primeras averiguaciones, el conductor del rodado menor, identificado como Fernando P. de 36 a\u00f1os falleci\u00f3 en el lugar a causa [&hellip;]","og_url":"https:\/\/cvinoticias.com\/v3\/loreto-fallecio-un-motociclista-en-la-ruta-nacional-12\/","og_site_name":"CVI NOTICIAS","article_publisher":"https:\/\/www.facebook.com\/cvinoticias","article_published_time":"2021-11-03T21:56:34+00:00","og_image":[{"width":1280,"height":720,"url":"https:\/\/cvinoticias.com\/wp-content\/uploads\/2021\/11\/IMG-20211103-WA0057.jpg","type":"image\/jpeg"}],"author":"f1000024","twitter_card":"summary_large_image","twitter_misc":{"Escrito por":"f1000024","Tiempo de lectura":"1 minuto"},"schema":{"@context":"https:\/\/schema.org","@graph":[{"@type":"Article","@id":"https:\/\/cvinoticias.com\/v3\/loreto-fallecio-un-motociclista-en-la-ruta-nacional-12\/#article","isPartOf":{"@id":"https:\/\/cvinoticias.com\/v3\/loreto-fallecio-un-motociclista-en-la-ruta-nacional-12\/"},"author":{"name":"f1000024","@id":"https:\/\/cvinoticias.com\/v3\/#\/schema\/person\/2db77e3c6bc03c538495d7b2b8be9b66"},"headline":"Loreto: Falleci\u00f3 un motociclista en la Ruta Nacional 12","datePublished":"2021-11-03T21:56:34+00:00","mainEntityOfPage":{"@id":"https:\/\/cvinoticias.com\/v3\/loreto-fallecio-un-motociclista-en-la-ruta-nacional-12\/"},"wordCount":143,"commentCount":0,"publisher":{"@id":"https:\/\/cvinoticias.com\/v3\/#organization"},"image":{"@id":"https:\/\/cvinoticias.com\/v3\/loreto-fallecio-un-motociclista-en-la-ruta-nacional-12\/#primaryimage"},"thumbnailUrl":"https:\/\/cvinoticias.com\/wp-content\/uploads\/2021\/11\/IMG-20211103-WA0057.jpg","articleSection":["Provinciales"],"inLanguage":"es","potentialAction":[{"@type":"CommentAction","name":"Comment","target":["https:\/\/cvinoticias.com\/v3\/loreto-fallecio-un-motociclista-en-la-ruta-nacional-12\/#respond"]}]},{"@type":"WebPage","@id":"https:\/\/cvinoticias.com\/v3\/loreto-fallecio-un-motociclista-en-la-ruta-nacional-12\/","url":"https:\/\/cvinoticias.com\/v3\/loreto-fallecio-un-motociclista-en-la-ruta-nacional-12\/","name":"Loreto: Falleci\u00f3 un motociclista en la Ruta Nacional 12 | CVI NOTICIAS","isPartOf":{"@id":"https:\/\/cvinoticias.com\/v3\/#website"},"primaryImageOfPage":{"@id":"https:\/\/cvinoticias.com\/v3\/loreto-fallecio-un-motociclista-en-la-ruta-nacional-12\/#primaryimage"},"image":{"@id":"https:\/\/cvinoticias.com\/v3\/loreto-fallecio-un-motociclista-en-la-ruta-nacional-12\/#primaryimage"},"thumbnailUrl":"https:\/\/cvinoticias.com\/wp-content\/uploads\/2021\/11\/IMG-20211103-WA0057.jpg","datePublished":"2021-11-03T21:56:34+00:00","breadcrumb":{"@id":"https:\/\/cvinoticias.com\/v3\/loreto-fallecio-un-motociclista-en-la-ruta-nacional-12\/#breadcrumb"},"inLanguage":"es","potentialAction":[{"@type":"ReadAction","target":["https:\/\/cvinoticias.com\/v3\/loreto-fallecio-un-motociclista-en-la-ruta-nacional-12\/"]}]},{"@type":"ImageObject","inLanguage":"es","@id":"https:\/\/cvinoticias.com\/v3\/loreto-fallecio-un-motociclista-en-la-ruta-nacional-12\/#primaryimage","url":"https:\/\/cvinoticias.com\/wp-content\/uploads\/2021\/11\/IMG-20211103-WA0057.jpg","contentUrl":"https:\/\/cvinoticias.com\/wp-content\/uploads\/2021\/11\/IMG-20211103-WA0057.jpg","width":1280,"height":720},{"@type":"BreadcrumbList","@id":"https:\/\/cvinoticias.com\/v3\/loreto-fallecio-un-motociclista-en-la-ruta-nacional-12\/#breadcrumb","itemListElement":[{"@type":"ListItem","position":1,"name":"Portada","item":"https:\/\/cvinoticias.com\/v3\/"},{"@type":"ListItem","position":2,"name":"Loreto: Falleci\u00f3 un motociclista en la Ruta Nacional 12"}]},{"@type":"WebSite","@id":"https:\/\/cvinoticias.com\/v3\/#website","url":"https:\/\/cvinoticias.com\/v3\/","name":"CVI NOTICIAS","description":"","publisher":{"@id":"https:\/\/cvinoticias.com\/v3\/#organization"},"alternateName":"CVI","potentialAction":[{"@type":"SearchAction","target":{"@type":"EntryPoint","urlTemplate":"https:\/\/cvinoticias.com\/v3\/?s={search_term_string}"},"query-input":{"@type":"PropertyValueSpecification","valueRequired":true,"valueName":"search_term_string"}}],"inLanguage":"es"},{"@type":"Organization","@id":"https:\/\/cvinoticias.com\/v3\/#organization","name":"CVI NOTICIAS","url":"https:\/\/cvinoticias.com\/v3\/","logo":{"@type":"ImageObject","inLanguage":"es","@id":"https:\/\/cvinoticias.com\/v3\/#\/schema\/logo\/image\/","url":"https:\/\/cvinoticias.com\/wp-content\/uploads\/2023\/04\/cropped-cropped-cropped-cropped-cropped-3-1.png","contentUrl":"https:\/\/cvinoticias.com\/wp-content\/uploads\/2023\/04\/cropped-cropped-cropped-cropped-cropped-3-1.png","width":95,"height":122,"caption":"CVI NOTICIAS"},"image":{"@id":"https:\/\/cvinoticias.com\/v3\/#\/schema\/logo\/image\/"},"sameAs":["https:\/\/www.facebook.com\/cvinoticias","https:\/\/www.instagram.com\/cvinoticias\/","https:\/\/www.youtube.com\/@CVINOTICIAS"]},{"@type":"Person","@id":"https:\/\/cvinoticias.com\/v3\/#\/schema\/person\/2db77e3c6bc03c538495d7b2b8be9b66","name":"f1000024","image":{"@type":"ImageObject","inLanguage":"es","@id":"https:\/\/secure.gravatar.com\/avatar\/d4fe7459cfc51ff5129ce1a732bbef5928568b8092d412ef95611616376bbeed?s=96&d=mm&r=g","url":"https:\/\/secure.gravatar.com\/avatar\/d4fe7459cfc51ff5129ce1a732bbef5928568b8092d412ef95611616376bbeed?s=96&d=mm&r=g","contentUrl":"https:\/\/secure.gravatar.com\/avatar\/d4fe7459cfc51ff5129ce1a732bbef5928568b8092d412ef95611616376bbeed?s=96&d=mm&r=g","caption":"f1000024"},"url":"https:\/\/cvinoticias.com\/v3\/author\/f1000024\/"}]}},"_links":{"self":[{"href":"https:\/\/cvinoticias.com\/v3\/wp-json\/wp\/v2\/posts\/10297","targetHints":{"allow":["GET"]}}],"collection":[{"href":"https:\/\/cvinoticias.com\/v3\/wp-json\/wp\/v2\/posts"}],"about":[{"href":"https:\/\/cvinoticias.com\/v3\/wp-json\/wp\/v2\/types\/post"}],"author":[{"embeddable":true,"href":"https:\/\/cvinoticias.com\/v3\/wp-json\/wp\/v2\/users\/2"}],"replies":[{"embeddable":true,"href":"https:\/\/cvinoticias.com\/v3\/wp-json\/wp\/v2\/comments?post=10297"}],"version-history":[{"count":1,"href":"https:\/\/cvinoticias.com\/v3\/wp-json\/wp\/v2\/posts\/10297\/revisions"}],"predecessor-version":[{"id":10300,"href":"https:\/\/cvinoticias.com\/v3\/wp-json\/wp\/v2\/posts\/10297\/revisions\/10300"}],"wp:featuredmedia":[{"embeddable":true,"href":"https:\/\/cvinoticias.com\/v3\/wp-json\/wp\/v2\/media\/10298"}],"wp:attachment":[{"href":"https:\/\/cvinoticias.com\/v3\/wp-json\/wp\/v2\/media?parent=10297"}],"wp:term":[{"taxonomy":"category","embeddable":true,"href":"https:\/\/cvinoticias.com\/v3\/wp-json\/wp\/v2\/categories?post=10297"},{"taxonomy":"post_tag","embeddable":true,"href":"https:\/\/cvinoticias.com\/v3\/wp-json\/wp\/v2\/tags?post=10297"}],"curies":[{"name":"wp","href":"https:\/\/api.w.org\/{rel}","templated":true}]}}