{"id":10265,"date":"2021-11-03T11:15:35","date_gmt":"2021-11-03T11:15:35","guid":{"rendered":"https:\/\/cvinoticias.com\/v3\/?p=10265"},"modified":"2021-11-03T11:15:35","modified_gmt":"2021-11-03T11:15:35","slug":"misiones-pide-eliminar-el-cupo-de-combustibles","status":"publish","type":"post","link":"https:\/\/cvinoticias.com\/v3\/misiones-pide-eliminar-el-cupo-de-combustibles\/","title":{"rendered":"Misiones pide eliminar el cupo de combustibles"},"content":{"rendered":"\n<p class=\"wp-block-paragraph\"><em><strong>El gobernador Herrera Ahuad confirm\u00f3 que elev\u00f3 la solicitud al secretario de Energ\u00eda de la Naci\u00f3n. La escasez podr\u00eda darse \u201ccuando se vaya incrementando el flujo de extranjeros que lleguen a la provincia a cargar nafta\u201d. Desde la Cesane destacaron que \u201ceso ayudar\u00eda a que se trabaje de forma normal sin faltantes que produzcan largas colas\u00bb.<\/strong><\/em><\/p>\n\n\n\n<p class=\"wp-block-paragraph\">La preocupaci\u00f3n por evitar caer en un desabastecimiento general de combustibles impulsa diversas medidas desde la Provincia y la C\u00e1mara que nuclea a las estaciones de servicio. Por ello,\u00a0el Gobierno provincial lleva adelante un pedido al Ejecutivo nacional para que se elimine el cupo de combustibles que se destina a Misiones.<\/p>\n\n\n\n<p class=\"wp-block-paragraph\">\u201cEn comunicaci\u00f3n con el secretario de Energ\u00eda de Naci\u00f3n, Dar\u00edo Mart\u00ednez, le solicit\u00e9 que Misiones no tenga cupo para combustibles\u201d, afirm\u00f3 el gobernador Oscar Herrera Ahuad y aclar\u00f3 que\u00a0\u201cno es ampliar el cupo, sino directamente sacarlo y que sea como siempre a demanda\u201d.<\/p>\n\n\n\n<p class=\"wp-block-paragraph\">Adem\u00e1s, cont\u00f3 que Mart\u00ednez asumi\u00f3 el compromiso de ocuparse del tema que podr\u00eda traer mayor tranquilidad al sector en Misiones, a los fines de poder cubrir la demanda de los consumidores, considerando que el caudal se eleva tras la reaperturas de las fronteras.<\/p>\n\n\n\n<p class=\"wp-block-paragraph\">Mientras que\u00a0Faruk Jalaf,\u00a0presidente de la C\u00e1mara de Estaciones de Servicio y Afines del Nordeste Argentino (Cesane), coment\u00f3 a este Diario que\u00a0\u201ceso ayudar\u00eda a que no falte el combustible, se podr\u00eda trabajar de forma normal sin faltantes que produzcan esas largas colas cuando hay problemas de abastecimiento\u201d.<\/p>\n\n\n\n<p class=\"wp-block-paragraph\">\u201cPlanteamos al Gobernador que lo que est\u00e1 sucediendo en Iguaz\u00fa (por la decisi\u00f3n de implementar carriles diferenciados para separar a los consumidores argentinos de los extranjeros) es algo que tambi\u00e9n va a pasar en Posadas\u201d,\u00a0apunt\u00f3 y agreg\u00f3: \u201cPor eso le hab\u00edamos pedido que interceda ante Naci\u00f3n para lograr que se eliminen los cupos de combustibles para Misiones\u201d.<\/p>\n\n\n\n<p class=\"wp-block-paragraph\">Al mismo tiempo, manifest\u00f3 que\u00a0\u201cla idea es que no haya faltante de combustible especialmente en las rutas 12 y 14 y en las ciudades de fronteras, que son los lugares que pueden tener mayores complicaciones\u201d.<\/p>\n\n\n\n<p class=\"wp-block-paragraph\">\u00abNosotros\u00a0ya hab\u00edamos hecho este reclamo a la Secretar\u00eda de Energ\u00eda de la Naci\u00f3n, pero no hab\u00edamos logrado que se resuelva.\u00a0Por eso, nos viene muy bien ahora la intervenci\u00f3n del Gobernador, porque\u00a0una vez que estamos remontando un poco las ventas despu\u00e9s de dos a\u00f1os nos vienen a poner un cupo. Incluso, nos cobran un canon para hacer publicidad, premios y puntos, pero despu\u00e9s nos limitan con la cantidad de combustible.\u00a0No es entendible que por un lado se est\u00e1 promocionando un producto, pero por otro lado no se lo entrega a las estaciones de servicio para la venta\u201d, critic\u00f3.<\/p>\n\n\n\n<p class=\"wp-block-paragraph\">Al respecto, el ministro de energ\u00eda provincial, Paolo Quintana se\u00f1al\u00f3, sobre las modificaciones en los cupos, que\u00a0\u201ces algo que ayudar\u00eda a cubrir la creciente demanda\u201d.<\/p>\n\n\n\n<p class=\"wp-block-paragraph\">En el mismo sentido, coment\u00f3 que\u00a0\u201clos pedidos se hacen al Gobierno nacional porque hay un componente que son los impuestos al combustible l\u00edquido. Eso es algo que tiene que entrar en lo que ser\u00eda el presupuesto de Naci\u00f3n, en base a eso se van haciendo los c\u00e1lculos\u201d.<\/p>\n\n\n\n<h3 class=\"wp-block-heading\"><strong>Adelantan dificultades<\/strong><\/h3>\n\n\n\n<p class=\"wp-block-paragraph\">Por su parte, Alejandro Verino, due\u00f1o de una estaci\u00f3n de servicios, remarc\u00f3\u00a0que\u00a0\u201chasta el momento en Posadas el abastecimiento est\u00e1 regularizado, va acompa\u00f1ando el incremento que se est\u00e1 viendo reflejado en la actividad\u201d.<\/p>\n\n\n\n<p class=\"wp-block-paragraph\">\u201cDe ac\u00e1 a unos pocos d\u00edas se va a plantear una problem\u00e1tica cuando se vaya incrementando el flujo de extranjeros que lleguen a la provincia a cargar nafta. Eso puede hacer que la situaci\u00f3n se ponga un poco m\u00e1s complicada\u201d,\u00a0adelant\u00f3.<\/p>\n\n\n\n<p class=\"wp-block-paragraph\">\u201cEn general todas las medidas que va tomando el Gobierno nacional tienden a que haya un desabastecimiento, no solamente de combustibles sino de diferentes productos. Por eso creemos que vamos a pasar por diferentes problemas\u201d, cuestion\u00f3.<\/p>\n\n\n\n<h3 class=\"wp-block-heading\"><strong>Carriles diferenciados<\/strong><\/h3>\n\n\n\n<p class=\"wp-block-paragraph\">Cabe recordar que, desde el pasado lunes, por sugerencia de la Cesane, los asociados de Iguaz\u00fa comenzaron a implementar carriles diferenciados en los surtidores como medida para paliar la escasez de combustible.<\/p>\n\n\n\n<p class=\"wp-block-paragraph\">\u201cHoy hay una ventaja para el ciudadano de Brasil y Paraguay para venir a cargar nafta a nuestras estaciones y eso nos dio la libertad de decirles a nuestros asociados que, para no complicar al cliente argentino, se implementen los carriles\u201d, manifest\u00f3 Faruk Jalaf.<\/p>\n\n\n\n<p class=\"wp-block-paragraph\"><\/p>\n\n\n\n<p class=\"wp-block-paragraph\"><strong>Fuente: Primera Edici\u00f3n <\/strong><\/p>\n","protected":false},"excerpt":{"rendered":"<p>El gobernador Herrera Ahuad confirm\u00f3 que elev\u00f3 la solicitud al secretario de Energ\u00eda de la Naci\u00f3n. La escasez podr\u00eda darse \u201ccuando se vaya incrementando el flujo de extranjeros que lleguen a la provincia a cargar nafta\u201d. Desde la Cesane destacaron que \u201ceso ayudar\u00eda a que se trabaje de forma normal sin faltantes que produzcan largas [&hellip;]<\/p>\n","protected":false},"author":2,"featured_media":10266,"comment_status":"open","ping_status":"open","sticky":false,"template":"","format":"standard","meta":{"footnotes":""},"categories":[35],"tags":[],"class_list":["post-10265","post","type-post","status-publish","format-standard","has-post-thumbnail","hentry","category-informacion-general"],"yoast_head":"<!-- This site is optimized with the Yoast SEO plugin v28.4 - https:\/\/yoast.com\/product\/yoast-seo-wordpress\/ -->\n<title>Misiones pide eliminar el cupo de combustibles | CVI NOTICIAS<\/title>\n<meta name=\"robots\" content=\"index, follow, max-snippet:-1, max-image-preview:large, max-video-preview:-1\" \/>\n<link rel=\"canonical\" href=\"https:\/\/cvinoticias.com\/v3\/misiones-pide-eliminar-el-cupo-de-combustibles\/\" \/>\n<meta property=\"og:locale\" content=\"es_ES\" \/>\n<meta property=\"og:type\" content=\"article\" \/>\n<meta property=\"og:title\" content=\"Misiones pide eliminar el cupo de combustibles | CVI NOTICIAS\" \/>\n<meta property=\"og:description\" content=\"El gobernador Herrera Ahuad confirm\u00f3 que elev\u00f3 la solicitud al secretario de Energ\u00eda de la Naci\u00f3n. La escasez podr\u00eda darse \u201ccuando se vaya incrementando el flujo de extranjeros que lleguen a la provincia a cargar nafta\u201d. Desde la Cesane destacaron que \u201ceso ayudar\u00eda a que se trabaje de forma normal sin faltantes que produzcan largas [&hellip;]\" \/>\n<meta property=\"og:url\" content=\"https:\/\/cvinoticias.com\/v3\/misiones-pide-eliminar-el-cupo-de-combustibles\/\" \/>\n<meta property=\"og:site_name\" content=\"CVI NOTICIAS\" \/>\n<meta property=\"article:publisher\" content=\"https:\/\/www.facebook.com\/cvinoticias\" \/>\n<meta property=\"article:published_time\" content=\"2021-11-03T11:15:35+00:00\" \/>\n<meta property=\"og:image\" content=\"https:\/\/cvinoticias.com\/wp-content\/uploads\/2021\/11\/Screenshot_20211030-135041_Gallery.jpg\" \/>\n\t<meta property=\"og:image:width\" content=\"840\" \/>\n\t<meta property=\"og:image:height\" content=\"462\" \/>\n\t<meta property=\"og:image:type\" content=\"image\/jpeg\" \/>\n<meta name=\"author\" content=\"f1000024\" \/>\n<meta name=\"twitter:card\" content=\"summary_large_image\" \/>\n<meta name=\"twitter:label1\" content=\"Escrito por\" \/>\n\t<meta name=\"twitter:data1\" content=\"f1000024\" \/>\n\t<meta name=\"twitter:label2\" content=\"Tiempo de lectura\" \/>\n\t<meta name=\"twitter:data2\" content=\"4 minutos\" \/>\n<script type=\"application\/ld+json\" class=\"yoast-schema-graph\">{\"@context\":\"https:\\\/\\\/schema.org\",\"@graph\":[{\"@type\":\"Article\",\"@id\":\"https:\\\/\\\/cvinoticias.com\\\/v3\\\/misiones-pide-eliminar-el-cupo-de-combustibles\\\/#article\",\"isPartOf\":{\"@id\":\"https:\\\/\\\/cvinoticias.com\\\/v3\\\/misiones-pide-eliminar-el-cupo-de-combustibles\\\/\"},\"author\":{\"name\":\"f1000024\",\"@id\":\"https:\\\/\\\/cvinoticias.com\\\/v3\\\/#\\\/schema\\\/person\\\/2db77e3c6bc03c538495d7b2b8be9b66\"},\"headline\":\"Misiones pide eliminar el cupo de combustibles\",\"datePublished\":\"2021-11-03T11:15:35+00:00\",\"mainEntityOfPage\":{\"@id\":\"https:\\\/\\\/cvinoticias.com\\\/v3\\\/misiones-pide-eliminar-el-cupo-de-combustibles\\\/\"},\"wordCount\":757,\"commentCount\":0,\"publisher\":{\"@id\":\"https:\\\/\\\/cvinoticias.com\\\/v3\\\/#organization\"},\"image\":{\"@id\":\"https:\\\/\\\/cvinoticias.com\\\/v3\\\/misiones-pide-eliminar-el-cupo-de-combustibles\\\/#primaryimage\"},\"thumbnailUrl\":\"https:\\\/\\\/cvinoticias.com\\\/wp-content\\\/uploads\\\/2021\\\/11\\\/Screenshot_20211030-135041_Gallery.jpg\",\"articleSection\":[\"Informaci\u00f3n General\"],\"inLanguage\":\"es\",\"potentialAction\":[{\"@type\":\"CommentAction\",\"name\":\"Comment\",\"target\":[\"https:\\\/\\\/cvinoticias.com\\\/v3\\\/misiones-pide-eliminar-el-cupo-de-combustibles\\\/#respond\"]}]},{\"@type\":\"WebPage\",\"@id\":\"https:\\\/\\\/cvinoticias.com\\\/v3\\\/misiones-pide-eliminar-el-cupo-de-combustibles\\\/\",\"url\":\"https:\\\/\\\/cvinoticias.com\\\/v3\\\/misiones-pide-eliminar-el-cupo-de-combustibles\\\/\",\"name\":\"Misiones pide eliminar el cupo de combustibles | CVI NOTICIAS\",\"isPartOf\":{\"@id\":\"https:\\\/\\\/cvinoticias.com\\\/v3\\\/#website\"},\"primaryImageOfPage\":{\"@id\":\"https:\\\/\\\/cvinoticias.com\\\/v3\\\/misiones-pide-eliminar-el-cupo-de-combustibles\\\/#primaryimage\"},\"image\":{\"@id\":\"https:\\\/\\\/cvinoticias.com\\\/v3\\\/misiones-pide-eliminar-el-cupo-de-combustibles\\\/#primaryimage\"},\"thumbnailUrl\":\"https:\\\/\\\/cvinoticias.com\\\/wp-content\\\/uploads\\\/2021\\\/11\\\/Screenshot_20211030-135041_Gallery.jpg\",\"datePublished\":\"2021-11-03T11:15:35+00:00\",\"breadcrumb\":{\"@id\":\"https:\\\/\\\/cvinoticias.com\\\/v3\\\/misiones-pide-eliminar-el-cupo-de-combustibles\\\/#breadcrumb\"},\"inLanguage\":\"es\",\"potentialAction\":[{\"@type\":\"ReadAction\",\"target\":[\"https:\\\/\\\/cvinoticias.com\\\/v3\\\/misiones-pide-eliminar-el-cupo-de-combustibles\\\/\"]}]},{\"@type\":\"ImageObject\",\"inLanguage\":\"es\",\"@id\":\"https:\\\/\\\/cvinoticias.com\\\/v3\\\/misiones-pide-eliminar-el-cupo-de-combustibles\\\/#primaryimage\",\"url\":\"https:\\\/\\\/cvinoticias.com\\\/wp-content\\\/uploads\\\/2021\\\/11\\\/Screenshot_20211030-135041_Gallery.jpg\",\"contentUrl\":\"https:\\\/\\\/cvinoticias.com\\\/wp-content\\\/uploads\\\/2021\\\/11\\\/Screenshot_20211030-135041_Gallery.jpg\",\"width\":840,\"height\":462},{\"@type\":\"BreadcrumbList\",\"@id\":\"https:\\\/\\\/cvinoticias.com\\\/v3\\\/misiones-pide-eliminar-el-cupo-de-combustibles\\\/#breadcrumb\",\"itemListElement\":[{\"@type\":\"ListItem\",\"position\":1,\"name\":\"Portada\",\"item\":\"https:\\\/\\\/cvinoticias.com\\\/v3\\\/\"},{\"@type\":\"ListItem\",\"position\":2,\"name\":\"Misiones pide eliminar el cupo de combustibles\"}]},{\"@type\":\"WebSite\",\"@id\":\"https:\\\/\\\/cvinoticias.com\\\/v3\\\/#website\",\"url\":\"https:\\\/\\\/cvinoticias.com\\\/v3\\\/\",\"name\":\"CVI NOTICIAS\",\"description\":\"\",\"publisher\":{\"@id\":\"https:\\\/\\\/cvinoticias.com\\\/v3\\\/#organization\"},\"alternateName\":\"CVI\",\"potentialAction\":[{\"@type\":\"SearchAction\",\"target\":{\"@type\":\"EntryPoint\",\"urlTemplate\":\"https:\\\/\\\/cvinoticias.com\\\/v3\\\/?s={search_term_string}\"},\"query-input\":{\"@type\":\"PropertyValueSpecification\",\"valueRequired\":true,\"valueName\":\"search_term_string\"}}],\"inLanguage\":\"es\"},{\"@type\":\"Organization\",\"@id\":\"https:\\\/\\\/cvinoticias.com\\\/v3\\\/#organization\",\"name\":\"CVI NOTICIAS\",\"url\":\"https:\\\/\\\/cvinoticias.com\\\/v3\\\/\",\"logo\":{\"@type\":\"ImageObject\",\"inLanguage\":\"es\",\"@id\":\"https:\\\/\\\/cvinoticias.com\\\/v3\\\/#\\\/schema\\\/logo\\\/image\\\/\",\"url\":\"https:\\\/\\\/cvinoticias.com\\\/wp-content\\\/uploads\\\/2023\\\/04\\\/cropped-cropped-cropped-cropped-cropped-3-1.png\",\"contentUrl\":\"https:\\\/\\\/cvinoticias.com\\\/wp-content\\\/uploads\\\/2023\\\/04\\\/cropped-cropped-cropped-cropped-cropped-3-1.png\",\"width\":95,\"height\":122,\"caption\":\"CVI NOTICIAS\"},\"image\":{\"@id\":\"https:\\\/\\\/cvinoticias.com\\\/v3\\\/#\\\/schema\\\/logo\\\/image\\\/\"},\"sameAs\":[\"https:\\\/\\\/www.facebook.com\\\/cvinoticias\",\"https:\\\/\\\/www.instagram.com\\\/cvinoticias\\\/\",\"https:\\\/\\\/www.youtube.com\\\/@CVINOTICIAS\"]},{\"@type\":\"Person\",\"@id\":\"https:\\\/\\\/cvinoticias.com\\\/v3\\\/#\\\/schema\\\/person\\\/2db77e3c6bc03c538495d7b2b8be9b66\",\"name\":\"f1000024\",\"image\":{\"@type\":\"ImageObject\",\"inLanguage\":\"es\",\"@id\":\"https:\\\/\\\/secure.gravatar.com\\\/avatar\\\/d4fe7459cfc51ff5129ce1a732bbef5928568b8092d412ef95611616376bbeed?s=96&d=mm&r=g\",\"url\":\"https:\\\/\\\/secure.gravatar.com\\\/avatar\\\/d4fe7459cfc51ff5129ce1a732bbef5928568b8092d412ef95611616376bbeed?s=96&d=mm&r=g\",\"contentUrl\":\"https:\\\/\\\/secure.gravatar.com\\\/avatar\\\/d4fe7459cfc51ff5129ce1a732bbef5928568b8092d412ef95611616376bbeed?s=96&d=mm&r=g\",\"caption\":\"f1000024\"},\"url\":\"https:\\\/\\\/cvinoticias.com\\\/v3\\\/author\\\/f1000024\\\/\"}]}<\/script>\n<!-- \/ Yoast SEO plugin. -->","yoast_head_json":{"title":"Misiones pide eliminar el cupo de combustibles | CVI NOTICIAS","robots":{"index":"index","follow":"follow","max-snippet":"max-snippet:-1","max-image-preview":"max-image-preview:large","max-video-preview":"max-video-preview:-1"},"canonical":"https:\/\/cvinoticias.com\/v3\/misiones-pide-eliminar-el-cupo-de-combustibles\/","og_locale":"es_ES","og_type":"article","og_title":"Misiones pide eliminar el cupo de combustibles | CVI NOTICIAS","og_description":"El gobernador Herrera Ahuad confirm\u00f3 que elev\u00f3 la solicitud al secretario de Energ\u00eda de la Naci\u00f3n. La escasez podr\u00eda darse \u201ccuando se vaya incrementando el flujo de extranjeros que lleguen a la provincia a cargar nafta\u201d. Desde la Cesane destacaron que \u201ceso ayudar\u00eda a que se trabaje de forma normal sin faltantes que produzcan largas [&hellip;]","og_url":"https:\/\/cvinoticias.com\/v3\/misiones-pide-eliminar-el-cupo-de-combustibles\/","og_site_name":"CVI NOTICIAS","article_publisher":"https:\/\/www.facebook.com\/cvinoticias","article_published_time":"2021-11-03T11:15:35+00:00","og_image":[{"width":840,"height":462,"url":"https:\/\/cvinoticias.com\/wp-content\/uploads\/2021\/11\/Screenshot_20211030-135041_Gallery.jpg","type":"image\/jpeg"}],"author":"f1000024","twitter_card":"summary_large_image","twitter_misc":{"Escrito por":"f1000024","Tiempo de lectura":"4 minutos"},"schema":{"@context":"https:\/\/schema.org","@graph":[{"@type":"Article","@id":"https:\/\/cvinoticias.com\/v3\/misiones-pide-eliminar-el-cupo-de-combustibles\/#article","isPartOf":{"@id":"https:\/\/cvinoticias.com\/v3\/misiones-pide-eliminar-el-cupo-de-combustibles\/"},"author":{"name":"f1000024","@id":"https:\/\/cvinoticias.com\/v3\/#\/schema\/person\/2db77e3c6bc03c538495d7b2b8be9b66"},"headline":"Misiones pide eliminar el cupo de combustibles","datePublished":"2021-11-03T11:15:35+00:00","mainEntityOfPage":{"@id":"https:\/\/cvinoticias.com\/v3\/misiones-pide-eliminar-el-cupo-de-combustibles\/"},"wordCount":757,"commentCount":0,"publisher":{"@id":"https:\/\/cvinoticias.com\/v3\/#organization"},"image":{"@id":"https:\/\/cvinoticias.com\/v3\/misiones-pide-eliminar-el-cupo-de-combustibles\/#primaryimage"},"thumbnailUrl":"https:\/\/cvinoticias.com\/wp-content\/uploads\/2021\/11\/Screenshot_20211030-135041_Gallery.jpg","articleSection":["Informaci\u00f3n General"],"inLanguage":"es","potentialAction":[{"@type":"CommentAction","name":"Comment","target":["https:\/\/cvinoticias.com\/v3\/misiones-pide-eliminar-el-cupo-de-combustibles\/#respond"]}]},{"@type":"WebPage","@id":"https:\/\/cvinoticias.com\/v3\/misiones-pide-eliminar-el-cupo-de-combustibles\/","url":"https:\/\/cvinoticias.com\/v3\/misiones-pide-eliminar-el-cupo-de-combustibles\/","name":"Misiones pide eliminar el cupo de combustibles | CVI NOTICIAS","isPartOf":{"@id":"https:\/\/cvinoticias.com\/v3\/#website"},"primaryImageOfPage":{"@id":"https:\/\/cvinoticias.com\/v3\/misiones-pide-eliminar-el-cupo-de-combustibles\/#primaryimage"},"image":{"@id":"https:\/\/cvinoticias.com\/v3\/misiones-pide-eliminar-el-cupo-de-combustibles\/#primaryimage"},"thumbnailUrl":"https:\/\/cvinoticias.com\/wp-content\/uploads\/2021\/11\/Screenshot_20211030-135041_Gallery.jpg","datePublished":"2021-11-03T11:15:35+00:00","breadcrumb":{"@id":"https:\/\/cvinoticias.com\/v3\/misiones-pide-eliminar-el-cupo-de-combustibles\/#breadcrumb"},"inLanguage":"es","potentialAction":[{"@type":"ReadAction","target":["https:\/\/cvinoticias.com\/v3\/misiones-pide-eliminar-el-cupo-de-combustibles\/"]}]},{"@type":"ImageObject","inLanguage":"es","@id":"https:\/\/cvinoticias.com\/v3\/misiones-pide-eliminar-el-cupo-de-combustibles\/#primaryimage","url":"https:\/\/cvinoticias.com\/wp-content\/uploads\/2021\/11\/Screenshot_20211030-135041_Gallery.jpg","contentUrl":"https:\/\/cvinoticias.com\/wp-content\/uploads\/2021\/11\/Screenshot_20211030-135041_Gallery.jpg","width":840,"height":462},{"@type":"BreadcrumbList","@id":"https:\/\/cvinoticias.com\/v3\/misiones-pide-eliminar-el-cupo-de-combustibles\/#breadcrumb","itemListElement":[{"@type":"ListItem","position":1,"name":"Portada","item":"https:\/\/cvinoticias.com\/v3\/"},{"@type":"ListItem","position":2,"name":"Misiones pide eliminar el cupo de combustibles"}]},{"@type":"WebSite","@id":"https:\/\/cvinoticias.com\/v3\/#website","url":"https:\/\/cvinoticias.com\/v3\/","name":"CVI NOTICIAS","description":"","publisher":{"@id":"https:\/\/cvinoticias.com\/v3\/#organization"},"alternateName":"CVI","potentialAction":[{"@type":"SearchAction","target":{"@type":"EntryPoint","urlTemplate":"https:\/\/cvinoticias.com\/v3\/?s={search_term_string}"},"query-input":{"@type":"PropertyValueSpecification","valueRequired":true,"valueName":"search_term_string"}}],"inLanguage":"es"},{"@type":"Organization","@id":"https:\/\/cvinoticias.com\/v3\/#organization","name":"CVI NOTICIAS","url":"https:\/\/cvinoticias.com\/v3\/","logo":{"@type":"ImageObject","inLanguage":"es","@id":"https:\/\/cvinoticias.com\/v3\/#\/schema\/logo\/image\/","url":"https:\/\/cvinoticias.com\/wp-content\/uploads\/2023\/04\/cropped-cropped-cropped-cropped-cropped-3-1.png","contentUrl":"https:\/\/cvinoticias.com\/wp-content\/uploads\/2023\/04\/cropped-cropped-cropped-cropped-cropped-3-1.png","width":95,"height":122,"caption":"CVI NOTICIAS"},"image":{"@id":"https:\/\/cvinoticias.com\/v3\/#\/schema\/logo\/image\/"},"sameAs":["https:\/\/www.facebook.com\/cvinoticias","https:\/\/www.instagram.com\/cvinoticias\/","https:\/\/www.youtube.com\/@CVINOTICIAS"]},{"@type":"Person","@id":"https:\/\/cvinoticias.com\/v3\/#\/schema\/person\/2db77e3c6bc03c538495d7b2b8be9b66","name":"f1000024","image":{"@type":"ImageObject","inLanguage":"es","@id":"https:\/\/secure.gravatar.com\/avatar\/d4fe7459cfc51ff5129ce1a732bbef5928568b8092d412ef95611616376bbeed?s=96&d=mm&r=g","url":"https:\/\/secure.gravatar.com\/avatar\/d4fe7459cfc51ff5129ce1a732bbef5928568b8092d412ef95611616376bbeed?s=96&d=mm&r=g","contentUrl":"https:\/\/secure.gravatar.com\/avatar\/d4fe7459cfc51ff5129ce1a732bbef5928568b8092d412ef95611616376bbeed?s=96&d=mm&r=g","caption":"f1000024"},"url":"https:\/\/cvinoticias.com\/v3\/author\/f1000024\/"}]}},"_links":{"self":[{"href":"https:\/\/cvinoticias.com\/v3\/wp-json\/wp\/v2\/posts\/10265","targetHints":{"allow":["GET"]}}],"collection":[{"href":"https:\/\/cvinoticias.com\/v3\/wp-json\/wp\/v2\/posts"}],"about":[{"href":"https:\/\/cvinoticias.com\/v3\/wp-json\/wp\/v2\/types\/post"}],"author":[{"embeddable":true,"href":"https:\/\/cvinoticias.com\/v3\/wp-json\/wp\/v2\/users\/2"}],"replies":[{"embeddable":true,"href":"https:\/\/cvinoticias.com\/v3\/wp-json\/wp\/v2\/comments?post=10265"}],"version-history":[{"count":1,"href":"https:\/\/cvinoticias.com\/v3\/wp-json\/wp\/v2\/posts\/10265\/revisions"}],"predecessor-version":[{"id":10267,"href":"https:\/\/cvinoticias.com\/v3\/wp-json\/wp\/v2\/posts\/10265\/revisions\/10267"}],"wp:featuredmedia":[{"embeddable":true,"href":"https:\/\/cvinoticias.com\/v3\/wp-json\/wp\/v2\/media\/10266"}],"wp:attachment":[{"href":"https:\/\/cvinoticias.com\/v3\/wp-json\/wp\/v2\/media?parent=10265"}],"wp:term":[{"taxonomy":"category","embeddable":true,"href":"https:\/\/cvinoticias.com\/v3\/wp-json\/wp\/v2\/categories?post=10265"},{"taxonomy":"post_tag","embeddable":true,"href":"https:\/\/cvinoticias.com\/v3\/wp-json\/wp\/v2\/tags?post=10265"}],"curies":[{"name":"wp","href":"https:\/\/api.w.org\/{rel}","templated":true}]}}