{"id":10259,"date":"2021-11-03T02:23:36","date_gmt":"2021-11-03T02:23:36","guid":{"rendered":"https:\/\/cvinoticias.com\/v3\/?p=10259"},"modified":"2021-11-03T02:23:36","modified_gmt":"2021-11-03T02:23:36","slug":"mas-de-dos-millones-de-ninos-de-entre-3-y-11-anos-fueron-vacunados-contra-el-coronavirus","status":"publish","type":"post","link":"https:\/\/cvinoticias.com\/v3\/mas-de-dos-millones-de-ninos-de-entre-3-y-11-anos-fueron-vacunados-contra-el-coronavirus\/","title":{"rendered":"M\u00e1s de dos millones de ni\u00f1os de entre 3 y 11 a\u00f1os fueron vacunados contra el coronavirus"},"content":{"rendered":"\n<p><strong><em>M\u00e1s de dos millones de ni\u00f1os de entre 3 y 11 a\u00f1os iniciaron su esquema de vacunaci\u00f3n en apenas tres semanas de iniciada la estrategia de inmunizaci\u00f3n pedi\u00e1trica contra el coronavirus, equivalente al 32,9% de esta poblaci\u00f3n objetivo, inform\u00f3 hoy el Ministerio de Salud.<\/em><\/strong><\/p>\n\n\n\n<p>\u00abEn apenas tres semanas de iniciada la estrategia de vacunaci\u00f3n pedi\u00e1trica contra la Covid-19, al menos 2.201.917 ni\u00f1os de entre 3 y 11 a\u00f1os iniciaron su esquema con la primera dosis de la vacuna del laboratorio Sinopharm, lo que representa un 32,9% de esta poblaci\u00f3n objetivo\u00bb, inform\u00f3 el ministerio.<\/p>\n\n\n\n<p>Desde el martes 12 de octubre, cuando fue puesta en marcha en todo el pa\u00eds, \u00abla vacunaci\u00f3n infantil ha tenido un alto nivel de adherencia\u00bb, agreg\u00f3 la cartera sanitaria.<\/p>\n\n\n\n<p>La vacunaci\u00f3n pedi\u00e1trica \u00abes un paso fundamental para minimizar el impacto de la pandemia, porque permite no solo proteger a los ni\u00f1os y las ni\u00f1as contra la enfermedad, sino que adem\u00e1s tiene impacto en la disminuci\u00f3n de la cadena de transmisi\u00f3n. As\u00ed, implica un beneficio individual, pero tambi\u00e9n colectivo\u00bb, abund\u00f3 la cartera que encabeza la ministra Carla Vizzotti.<\/p>\n\n\n\n<p>\u00abTambi\u00e9n es fuerte el avance que ha tenido la vacunaci\u00f3n entre la poblaci\u00f3n adolescente. El 61,5% de los j\u00f3venes entre 12 y 17 a\u00f1os ya han iniciado su esquema (2.566.733 personas), y el 16,7% lo han completado (737.531 personas)\u00bb,<\/p>\n\n\n\n<p>sostuvo el comunicado oficial.<\/p>\n\n\n\n<p>El 93,4% de las personas mayores de 60 a\u00f1os ya recibi\u00f3 la primera dosis de la vacuna y el 88,7% de esta franja etaria concluy\u00f3 su esquema.<\/p>\n\n\n\n<p>Entre los mayores de 50 a\u00f1os, el 93,6% cuenta con una dosis y el 87,9% complet\u00f3 el esquema.<\/p>\n\n\n\n<p>En relaci\u00f3n a la poblaci\u00f3n total, el 75,4% inici\u00f3 su esquema de vacunaci\u00f3n; el 56,7% lo finaliz\u00f3, mientras que entre los mayores de 18 a\u00f1os, el 91,1% tiene una dosis; y el 77,4%, dos dosis<\/p>\n\n\n\n<p>\u00abEstos altos \u00edndices de vacunaci\u00f3n explican la actual situaci\u00f3n epidemiol\u00f3gica que vive la Argentina, con un bajo nivel de internaciones en Unidades de Terapia Intensiva (UTI) y fallecidos por Covid-19. En ese sentido, la ocupaci\u00f3n de camas UTI se encuentra por debajo de las 600, la cifra m\u00e1s baja en todo el a\u00f1o y un n\u00famero que no se registraba desde antes de la primera ola\u00bb, concluy\u00f3 la informaci\u00f3n oficial.<\/p>\n","protected":false},"excerpt":{"rendered":"<p>M\u00e1s de dos millones de ni\u00f1os de entre 3 y 11 a\u00f1os iniciaron su esquema de vacunaci\u00f3n en apenas tres semanas de iniciada la estrategia de inmunizaci\u00f3n pedi\u00e1trica contra el coronavirus, equivalente al 32,9% de esta poblaci\u00f3n objetivo, inform\u00f3 hoy el Ministerio de Salud. \u00abEn apenas tres semanas de iniciada la estrategia de vacunaci\u00f3n pedi\u00e1trica [&hellip;]<\/p>\n","protected":false},"author":2,"featured_media":10260,"comment_status":"open","ping_status":"open","sticky":false,"template":"","format":"standard","meta":{"footnotes":""},"categories":[22],"tags":[],"class_list":["post-10259","post","type-post","status-publish","format-standard","has-post-thumbnail","hentry","category-salud"],"yoast_head":"<!-- This site is optimized with the Yoast SEO plugin v27.5 - https:\/\/yoast.com\/product\/yoast-seo-wordpress\/ -->\n<title>M\u00e1s de dos millones de ni\u00f1os de entre 3 y 11 a\u00f1os fueron vacunados contra el coronavirus | CVI NOTICIAS<\/title>\n<meta name=\"robots\" content=\"index, follow, max-snippet:-1, max-image-preview:large, max-video-preview:-1\" \/>\n<link rel=\"canonical\" href=\"https:\/\/cvinoticias.com\/v3\/mas-de-dos-millones-de-ninos-de-entre-3-y-11-anos-fueron-vacunados-contra-el-coronavirus\/\" \/>\n<meta property=\"og:locale\" content=\"es_ES\" \/>\n<meta property=\"og:type\" content=\"article\" \/>\n<meta property=\"og:title\" content=\"M\u00e1s de dos millones de ni\u00f1os de entre 3 y 11 a\u00f1os fueron vacunados contra el coronavirus | CVI NOTICIAS\" \/>\n<meta property=\"og:description\" content=\"M\u00e1s de dos millones de ni\u00f1os de entre 3 y 11 a\u00f1os iniciaron su esquema de vacunaci\u00f3n en apenas tres semanas de iniciada la estrategia de inmunizaci\u00f3n pedi\u00e1trica contra el coronavirus, equivalente al 32,9% de esta poblaci\u00f3n objetivo, inform\u00f3 hoy el Ministerio de Salud. \u00abEn apenas tres semanas de iniciada la estrategia de vacunaci\u00f3n pedi\u00e1trica [&hellip;]\" \/>\n<meta property=\"og:url\" content=\"https:\/\/cvinoticias.com\/v3\/mas-de-dos-millones-de-ninos-de-entre-3-y-11-anos-fueron-vacunados-contra-el-coronavirus\/\" \/>\n<meta property=\"og:site_name\" content=\"CVI NOTICIAS\" \/>\n<meta property=\"article:publisher\" content=\"https:\/\/www.facebook.com\/cvinoticias\" \/>\n<meta property=\"article:published_time\" content=\"2021-11-03T02:23:36+00:00\" \/>\n<meta property=\"og:image\" content=\"https:\/\/cvinoticias.com\/wp-content\/uploads\/2021\/11\/images.jpeg\" \/>\n\t<meta property=\"og:image:width\" content=\"299\" \/>\n\t<meta property=\"og:image:height\" content=\"168\" \/>\n\t<meta property=\"og:image:type\" content=\"image\/jpeg\" \/>\n<meta name=\"author\" content=\"f1000024\" \/>\n<meta name=\"twitter:card\" content=\"summary_large_image\" \/>\n<meta name=\"twitter:label1\" content=\"Escrito por\" \/>\n\t<meta name=\"twitter:data1\" content=\"f1000024\" \/>\n\t<meta name=\"twitter:label2\" content=\"Tiempo de lectura\" \/>\n\t<meta name=\"twitter:data2\" content=\"2 minutos\" \/>\n<script type=\"application\/ld+json\" class=\"yoast-schema-graph\">{\"@context\":\"https:\\\/\\\/schema.org\",\"@graph\":[{\"@type\":\"Article\",\"@id\":\"https:\\\/\\\/cvinoticias.com\\\/v3\\\/mas-de-dos-millones-de-ninos-de-entre-3-y-11-anos-fueron-vacunados-contra-el-coronavirus\\\/#article\",\"isPartOf\":{\"@id\":\"https:\\\/\\\/cvinoticias.com\\\/v3\\\/mas-de-dos-millones-de-ninos-de-entre-3-y-11-anos-fueron-vacunados-contra-el-coronavirus\\\/\"},\"author\":{\"name\":\"f1000024\",\"@id\":\"https:\\\/\\\/cvinoticias.com\\\/v3\\\/#\\\/schema\\\/person\\\/2db77e3c6bc03c538495d7b2b8be9b66\"},\"headline\":\"M\u00e1s de dos millones de ni\u00f1os de entre 3 y 11 a\u00f1os fueron vacunados contra el coronavirus\",\"datePublished\":\"2021-11-03T02:23:36+00:00\",\"mainEntityOfPage\":{\"@id\":\"https:\\\/\\\/cvinoticias.com\\\/v3\\\/mas-de-dos-millones-de-ninos-de-entre-3-y-11-anos-fueron-vacunados-contra-el-coronavirus\\\/\"},\"wordCount\":406,\"commentCount\":0,\"publisher\":{\"@id\":\"https:\\\/\\\/cvinoticias.com\\\/v3\\\/#organization\"},\"image\":{\"@id\":\"https:\\\/\\\/cvinoticias.com\\\/v3\\\/mas-de-dos-millones-de-ninos-de-entre-3-y-11-anos-fueron-vacunados-contra-el-coronavirus\\\/#primaryimage\"},\"thumbnailUrl\":\"https:\\\/\\\/cvinoticias.com\\\/wp-content\\\/uploads\\\/2021\\\/11\\\/images.jpeg\",\"articleSection\":[\"Salud\"],\"inLanguage\":\"es\",\"potentialAction\":[{\"@type\":\"CommentAction\",\"name\":\"Comment\",\"target\":[\"https:\\\/\\\/cvinoticias.com\\\/v3\\\/mas-de-dos-millones-de-ninos-de-entre-3-y-11-anos-fueron-vacunados-contra-el-coronavirus\\\/#respond\"]}]},{\"@type\":\"WebPage\",\"@id\":\"https:\\\/\\\/cvinoticias.com\\\/v3\\\/mas-de-dos-millones-de-ninos-de-entre-3-y-11-anos-fueron-vacunados-contra-el-coronavirus\\\/\",\"url\":\"https:\\\/\\\/cvinoticias.com\\\/v3\\\/mas-de-dos-millones-de-ninos-de-entre-3-y-11-anos-fueron-vacunados-contra-el-coronavirus\\\/\",\"name\":\"M\u00e1s de dos millones de ni\u00f1os de entre 3 y 11 a\u00f1os fueron vacunados contra el coronavirus | CVI NOTICIAS\",\"isPartOf\":{\"@id\":\"https:\\\/\\\/cvinoticias.com\\\/v3\\\/#website\"},\"primaryImageOfPage\":{\"@id\":\"https:\\\/\\\/cvinoticias.com\\\/v3\\\/mas-de-dos-millones-de-ninos-de-entre-3-y-11-anos-fueron-vacunados-contra-el-coronavirus\\\/#primaryimage\"},\"image\":{\"@id\":\"https:\\\/\\\/cvinoticias.com\\\/v3\\\/mas-de-dos-millones-de-ninos-de-entre-3-y-11-anos-fueron-vacunados-contra-el-coronavirus\\\/#primaryimage\"},\"thumbnailUrl\":\"https:\\\/\\\/cvinoticias.com\\\/wp-content\\\/uploads\\\/2021\\\/11\\\/images.jpeg\",\"datePublished\":\"2021-11-03T02:23:36+00:00\",\"breadcrumb\":{\"@id\":\"https:\\\/\\\/cvinoticias.com\\\/v3\\\/mas-de-dos-millones-de-ninos-de-entre-3-y-11-anos-fueron-vacunados-contra-el-coronavirus\\\/#breadcrumb\"},\"inLanguage\":\"es\",\"potentialAction\":[{\"@type\":\"ReadAction\",\"target\":[\"https:\\\/\\\/cvinoticias.com\\\/v3\\\/mas-de-dos-millones-de-ninos-de-entre-3-y-11-anos-fueron-vacunados-contra-el-coronavirus\\\/\"]}]},{\"@type\":\"ImageObject\",\"inLanguage\":\"es\",\"@id\":\"https:\\\/\\\/cvinoticias.com\\\/v3\\\/mas-de-dos-millones-de-ninos-de-entre-3-y-11-anos-fueron-vacunados-contra-el-coronavirus\\\/#primaryimage\",\"url\":\"https:\\\/\\\/cvinoticias.com\\\/wp-content\\\/uploads\\\/2021\\\/11\\\/images.jpeg\",\"contentUrl\":\"https:\\\/\\\/cvinoticias.com\\\/wp-content\\\/uploads\\\/2021\\\/11\\\/images.jpeg\",\"width\":299,\"height\":168},{\"@type\":\"BreadcrumbList\",\"@id\":\"https:\\\/\\\/cvinoticias.com\\\/v3\\\/mas-de-dos-millones-de-ninos-de-entre-3-y-11-anos-fueron-vacunados-contra-el-coronavirus\\\/#breadcrumb\",\"itemListElement\":[{\"@type\":\"ListItem\",\"position\":1,\"name\":\"Portada\",\"item\":\"https:\\\/\\\/cvinoticias.com\\\/v3\\\/\"},{\"@type\":\"ListItem\",\"position\":2,\"name\":\"M\u00e1s de dos millones de ni\u00f1os de entre 3 y 11 a\u00f1os fueron vacunados contra el coronavirus\"}]},{\"@type\":\"WebSite\",\"@id\":\"https:\\\/\\\/cvinoticias.com\\\/v3\\\/#website\",\"url\":\"https:\\\/\\\/cvinoticias.com\\\/v3\\\/\",\"name\":\"CVI NOTICIAS\",\"description\":\"\",\"publisher\":{\"@id\":\"https:\\\/\\\/cvinoticias.com\\\/v3\\\/#organization\"},\"alternateName\":\"CVI\",\"potentialAction\":[{\"@type\":\"SearchAction\",\"target\":{\"@type\":\"EntryPoint\",\"urlTemplate\":\"https:\\\/\\\/cvinoticias.com\\\/v3\\\/?s={search_term_string}\"},\"query-input\":{\"@type\":\"PropertyValueSpecification\",\"valueRequired\":true,\"valueName\":\"search_term_string\"}}],\"inLanguage\":\"es\"},{\"@type\":\"Organization\",\"@id\":\"https:\\\/\\\/cvinoticias.com\\\/v3\\\/#organization\",\"name\":\"CVI NOTICIAS\",\"url\":\"https:\\\/\\\/cvinoticias.com\\\/v3\\\/\",\"logo\":{\"@type\":\"ImageObject\",\"inLanguage\":\"es\",\"@id\":\"https:\\\/\\\/cvinoticias.com\\\/v3\\\/#\\\/schema\\\/logo\\\/image\\\/\",\"url\":\"https:\\\/\\\/cvinoticias.com\\\/wp-content\\\/uploads\\\/2023\\\/04\\\/cropped-cropped-cropped-cropped-cropped-3-1.png\",\"contentUrl\":\"https:\\\/\\\/cvinoticias.com\\\/wp-content\\\/uploads\\\/2023\\\/04\\\/cropped-cropped-cropped-cropped-cropped-3-1.png\",\"width\":95,\"height\":122,\"caption\":\"CVI NOTICIAS\"},\"image\":{\"@id\":\"https:\\\/\\\/cvinoticias.com\\\/v3\\\/#\\\/schema\\\/logo\\\/image\\\/\"},\"sameAs\":[\"https:\\\/\\\/www.facebook.com\\\/cvinoticias\",\"https:\\\/\\\/www.instagram.com\\\/cvinoticias\\\/\",\"https:\\\/\\\/www.youtube.com\\\/@CVINOTICIAS\"]},{\"@type\":\"Person\",\"@id\":\"https:\\\/\\\/cvinoticias.com\\\/v3\\\/#\\\/schema\\\/person\\\/2db77e3c6bc03c538495d7b2b8be9b66\",\"name\":\"f1000024\",\"image\":{\"@type\":\"ImageObject\",\"inLanguage\":\"es\",\"@id\":\"https:\\\/\\\/secure.gravatar.com\\\/avatar\\\/d4fe7459cfc51ff5129ce1a732bbef5928568b8092d412ef95611616376bbeed?s=96&d=mm&r=g\",\"url\":\"https:\\\/\\\/secure.gravatar.com\\\/avatar\\\/d4fe7459cfc51ff5129ce1a732bbef5928568b8092d412ef95611616376bbeed?s=96&d=mm&r=g\",\"contentUrl\":\"https:\\\/\\\/secure.gravatar.com\\\/avatar\\\/d4fe7459cfc51ff5129ce1a732bbef5928568b8092d412ef95611616376bbeed?s=96&d=mm&r=g\",\"caption\":\"f1000024\"},\"url\":\"https:\\\/\\\/cvinoticias.com\\\/v3\\\/author\\\/f1000024\\\/\"}]}<\/script>\n<!-- \/ Yoast SEO plugin. -->","yoast_head_json":{"title":"M\u00e1s de dos millones de ni\u00f1os de entre 3 y 11 a\u00f1os fueron vacunados contra el coronavirus | CVI NOTICIAS","robots":{"index":"index","follow":"follow","max-snippet":"max-snippet:-1","max-image-preview":"max-image-preview:large","max-video-preview":"max-video-preview:-1"},"canonical":"https:\/\/cvinoticias.com\/v3\/mas-de-dos-millones-de-ninos-de-entre-3-y-11-anos-fueron-vacunados-contra-el-coronavirus\/","og_locale":"es_ES","og_type":"article","og_title":"M\u00e1s de dos millones de ni\u00f1os de entre 3 y 11 a\u00f1os fueron vacunados contra el coronavirus | CVI NOTICIAS","og_description":"M\u00e1s de dos millones de ni\u00f1os de entre 3 y 11 a\u00f1os iniciaron su esquema de vacunaci\u00f3n en apenas tres semanas de iniciada la estrategia de inmunizaci\u00f3n pedi\u00e1trica contra el coronavirus, equivalente al 32,9% de esta poblaci\u00f3n objetivo, inform\u00f3 hoy el Ministerio de Salud. \u00abEn apenas tres semanas de iniciada la estrategia de vacunaci\u00f3n pedi\u00e1trica [&hellip;]","og_url":"https:\/\/cvinoticias.com\/v3\/mas-de-dos-millones-de-ninos-de-entre-3-y-11-anos-fueron-vacunados-contra-el-coronavirus\/","og_site_name":"CVI NOTICIAS","article_publisher":"https:\/\/www.facebook.com\/cvinoticias","article_published_time":"2021-11-03T02:23:36+00:00","og_image":[{"width":299,"height":168,"url":"https:\/\/cvinoticias.com\/wp-content\/uploads\/2021\/11\/images.jpeg","type":"image\/jpeg"}],"author":"f1000024","twitter_card":"summary_large_image","twitter_misc":{"Escrito por":"f1000024","Tiempo de lectura":"2 minutos"},"schema":{"@context":"https:\/\/schema.org","@graph":[{"@type":"Article","@id":"https:\/\/cvinoticias.com\/v3\/mas-de-dos-millones-de-ninos-de-entre-3-y-11-anos-fueron-vacunados-contra-el-coronavirus\/#article","isPartOf":{"@id":"https:\/\/cvinoticias.com\/v3\/mas-de-dos-millones-de-ninos-de-entre-3-y-11-anos-fueron-vacunados-contra-el-coronavirus\/"},"author":{"name":"f1000024","@id":"https:\/\/cvinoticias.com\/v3\/#\/schema\/person\/2db77e3c6bc03c538495d7b2b8be9b66"},"headline":"M\u00e1s de dos millones de ni\u00f1os de entre 3 y 11 a\u00f1os fueron vacunados contra el coronavirus","datePublished":"2021-11-03T02:23:36+00:00","mainEntityOfPage":{"@id":"https:\/\/cvinoticias.com\/v3\/mas-de-dos-millones-de-ninos-de-entre-3-y-11-anos-fueron-vacunados-contra-el-coronavirus\/"},"wordCount":406,"commentCount":0,"publisher":{"@id":"https:\/\/cvinoticias.com\/v3\/#organization"},"image":{"@id":"https:\/\/cvinoticias.com\/v3\/mas-de-dos-millones-de-ninos-de-entre-3-y-11-anos-fueron-vacunados-contra-el-coronavirus\/#primaryimage"},"thumbnailUrl":"https:\/\/cvinoticias.com\/wp-content\/uploads\/2021\/11\/images.jpeg","articleSection":["Salud"],"inLanguage":"es","potentialAction":[{"@type":"CommentAction","name":"Comment","target":["https:\/\/cvinoticias.com\/v3\/mas-de-dos-millones-de-ninos-de-entre-3-y-11-anos-fueron-vacunados-contra-el-coronavirus\/#respond"]}]},{"@type":"WebPage","@id":"https:\/\/cvinoticias.com\/v3\/mas-de-dos-millones-de-ninos-de-entre-3-y-11-anos-fueron-vacunados-contra-el-coronavirus\/","url":"https:\/\/cvinoticias.com\/v3\/mas-de-dos-millones-de-ninos-de-entre-3-y-11-anos-fueron-vacunados-contra-el-coronavirus\/","name":"M\u00e1s de dos millones de ni\u00f1os de entre 3 y 11 a\u00f1os fueron vacunados contra el coronavirus | CVI NOTICIAS","isPartOf":{"@id":"https:\/\/cvinoticias.com\/v3\/#website"},"primaryImageOfPage":{"@id":"https:\/\/cvinoticias.com\/v3\/mas-de-dos-millones-de-ninos-de-entre-3-y-11-anos-fueron-vacunados-contra-el-coronavirus\/#primaryimage"},"image":{"@id":"https:\/\/cvinoticias.com\/v3\/mas-de-dos-millones-de-ninos-de-entre-3-y-11-anos-fueron-vacunados-contra-el-coronavirus\/#primaryimage"},"thumbnailUrl":"https:\/\/cvinoticias.com\/wp-content\/uploads\/2021\/11\/images.jpeg","datePublished":"2021-11-03T02:23:36+00:00","breadcrumb":{"@id":"https:\/\/cvinoticias.com\/v3\/mas-de-dos-millones-de-ninos-de-entre-3-y-11-anos-fueron-vacunados-contra-el-coronavirus\/#breadcrumb"},"inLanguage":"es","potentialAction":[{"@type":"ReadAction","target":["https:\/\/cvinoticias.com\/v3\/mas-de-dos-millones-de-ninos-de-entre-3-y-11-anos-fueron-vacunados-contra-el-coronavirus\/"]}]},{"@type":"ImageObject","inLanguage":"es","@id":"https:\/\/cvinoticias.com\/v3\/mas-de-dos-millones-de-ninos-de-entre-3-y-11-anos-fueron-vacunados-contra-el-coronavirus\/#primaryimage","url":"https:\/\/cvinoticias.com\/wp-content\/uploads\/2021\/11\/images.jpeg","contentUrl":"https:\/\/cvinoticias.com\/wp-content\/uploads\/2021\/11\/images.jpeg","width":299,"height":168},{"@type":"BreadcrumbList","@id":"https:\/\/cvinoticias.com\/v3\/mas-de-dos-millones-de-ninos-de-entre-3-y-11-anos-fueron-vacunados-contra-el-coronavirus\/#breadcrumb","itemListElement":[{"@type":"ListItem","position":1,"name":"Portada","item":"https:\/\/cvinoticias.com\/v3\/"},{"@type":"ListItem","position":2,"name":"M\u00e1s de dos millones de ni\u00f1os de entre 3 y 11 a\u00f1os fueron vacunados contra el coronavirus"}]},{"@type":"WebSite","@id":"https:\/\/cvinoticias.com\/v3\/#website","url":"https:\/\/cvinoticias.com\/v3\/","name":"CVI NOTICIAS","description":"","publisher":{"@id":"https:\/\/cvinoticias.com\/v3\/#organization"},"alternateName":"CVI","potentialAction":[{"@type":"SearchAction","target":{"@type":"EntryPoint","urlTemplate":"https:\/\/cvinoticias.com\/v3\/?s={search_term_string}"},"query-input":{"@type":"PropertyValueSpecification","valueRequired":true,"valueName":"search_term_string"}}],"inLanguage":"es"},{"@type":"Organization","@id":"https:\/\/cvinoticias.com\/v3\/#organization","name":"CVI NOTICIAS","url":"https:\/\/cvinoticias.com\/v3\/","logo":{"@type":"ImageObject","inLanguage":"es","@id":"https:\/\/cvinoticias.com\/v3\/#\/schema\/logo\/image\/","url":"https:\/\/cvinoticias.com\/wp-content\/uploads\/2023\/04\/cropped-cropped-cropped-cropped-cropped-3-1.png","contentUrl":"https:\/\/cvinoticias.com\/wp-content\/uploads\/2023\/04\/cropped-cropped-cropped-cropped-cropped-3-1.png","width":95,"height":122,"caption":"CVI NOTICIAS"},"image":{"@id":"https:\/\/cvinoticias.com\/v3\/#\/schema\/logo\/image\/"},"sameAs":["https:\/\/www.facebook.com\/cvinoticias","https:\/\/www.instagram.com\/cvinoticias\/","https:\/\/www.youtube.com\/@CVINOTICIAS"]},{"@type":"Person","@id":"https:\/\/cvinoticias.com\/v3\/#\/schema\/person\/2db77e3c6bc03c538495d7b2b8be9b66","name":"f1000024","image":{"@type":"ImageObject","inLanguage":"es","@id":"https:\/\/secure.gravatar.com\/avatar\/d4fe7459cfc51ff5129ce1a732bbef5928568b8092d412ef95611616376bbeed?s=96&d=mm&r=g","url":"https:\/\/secure.gravatar.com\/avatar\/d4fe7459cfc51ff5129ce1a732bbef5928568b8092d412ef95611616376bbeed?s=96&d=mm&r=g","contentUrl":"https:\/\/secure.gravatar.com\/avatar\/d4fe7459cfc51ff5129ce1a732bbef5928568b8092d412ef95611616376bbeed?s=96&d=mm&r=g","caption":"f1000024"},"url":"https:\/\/cvinoticias.com\/v3\/author\/f1000024\/"}]}},"_links":{"self":[{"href":"https:\/\/cvinoticias.com\/v3\/wp-json\/wp\/v2\/posts\/10259","targetHints":{"allow":["GET"]}}],"collection":[{"href":"https:\/\/cvinoticias.com\/v3\/wp-json\/wp\/v2\/posts"}],"about":[{"href":"https:\/\/cvinoticias.com\/v3\/wp-json\/wp\/v2\/types\/post"}],"author":[{"embeddable":true,"href":"https:\/\/cvinoticias.com\/v3\/wp-json\/wp\/v2\/users\/2"}],"replies":[{"embeddable":true,"href":"https:\/\/cvinoticias.com\/v3\/wp-json\/wp\/v2\/comments?post=10259"}],"version-history":[{"count":1,"href":"https:\/\/cvinoticias.com\/v3\/wp-json\/wp\/v2\/posts\/10259\/revisions"}],"predecessor-version":[{"id":10261,"href":"https:\/\/cvinoticias.com\/v3\/wp-json\/wp\/v2\/posts\/10259\/revisions\/10261"}],"wp:featuredmedia":[{"embeddable":true,"href":"https:\/\/cvinoticias.com\/v3\/wp-json\/wp\/v2\/media\/10260"}],"wp:attachment":[{"href":"https:\/\/cvinoticias.com\/v3\/wp-json\/wp\/v2\/media?parent=10259"}],"wp:term":[{"taxonomy":"category","embeddable":true,"href":"https:\/\/cvinoticias.com\/v3\/wp-json\/wp\/v2\/categories?post=10259"},{"taxonomy":"post_tag","embeddable":true,"href":"https:\/\/cvinoticias.com\/v3\/wp-json\/wp\/v2\/tags?post=10259"}],"curies":[{"name":"wp","href":"https:\/\/api.w.org\/{rel}","templated":true}]}}