{"id":10232,"date":"2021-11-02T17:02:03","date_gmt":"2021-11-02T17:02:03","guid":{"rendered":"https:\/\/cvinoticias.com\/v3\/?p=10232"},"modified":"2021-11-02T17:02:03","modified_gmt":"2021-11-02T17:02:03","slug":"reconocimiento-al-personal-de-salud-del-parque-por-la-valiosa-tarea-realizada-en-tiempos-de-pandemia","status":"publish","type":"post","link":"https:\/\/cvinoticias.com\/v3\/reconocimiento-al-personal-de-salud-del-parque-por-la-valiosa-tarea-realizada-en-tiempos-de-pandemia\/","title":{"rendered":"Reconocimiento al personal de salud del Parque por la valiosa tarea realizada en tiempos de pandemia"},"content":{"rendered":"\n<p><strong><em>Esta ma\u00f1ana, en el predio del Parque de la Salud Dr. Ram\u00f3n Madariaga, se descubri\u00f3 un monumento realizado en homenaje a todos los trabajadores del sistema provincial de salud por la valiosa tarea realizada en tiempos de pandemia<\/em><\/strong>.<\/p>\n\n\n\n<p><br>En el acto participaron los trabajadores de la salud de las instituciones que conforman el parque y fueron homenajeadas, el Gobernador Oscar Herrera Ahuad, el Vicegobernador Carlos Arce, el Ministro de Salud P\u00fablica, Oscar Alarc\u00f3n, el Intendente de Posadas, Leonardo Stelatto, la presidenta del Centro del Conocimiento, Claudia Gauto, entre otros funcionarios provinciales.<br>Tambi\u00e9n, se entregaron placas de vitrofusi\u00f3n a modo de reconocimiento a trabajadores de salud, uno por cada sector de las instituciones que funcionan en el predio (Emergencias, Terapia, Vigilancia, Enfermeros, Limpieza, Laboratorio, entre otros).<\/p>\n\n\n\n<p><br>El primer homenaje se realiz\u00f3 en la Costanera de Posadas donde se descubri\u00f3 la primera esfera, luego se replic\u00f3 en el Samic Eldorado y hoy en el Parque de la Salud, previendo m\u00e1s reconociientos en m\u00e1s hospitales provinciales.<\/p>\n\n\n\n<figure class=\"wp-block-image size-large\"><a href=\"https:\/\/cvinoticias.com\/wp-content\/uploads\/2021\/11\/FB_IMG_1635872378738.jpg\"><img decoding=\"async\" width=\"1024\" height=\"768\" data-src=\"https:\/\/cvinoticias.com\/wp-content\/uploads\/2021\/11\/FB_IMG_1635872378738-1024x768.jpg\" alt=\"\" class=\"wp-image-10234 lazyload\" data-srcset=\"https:\/\/cvinoticias.com\/wp-content\/uploads\/2021\/11\/FB_IMG_1635872378738-1024x768.jpg 1024w, https:\/\/cvinoticias.com\/wp-content\/uploads\/2021\/11\/FB_IMG_1635872378738-300x225.jpg 300w, https:\/\/cvinoticias.com\/wp-content\/uploads\/2021\/11\/FB_IMG_1635872378738-768x576.jpg 768w, https:\/\/cvinoticias.com\/wp-content\/uploads\/2021\/11\/FB_IMG_1635872378738.jpg 1080w\" data-sizes=\"(max-width: 1024px) 100vw, 1024px\" src=\"data:image\/svg+xml;base64,PHN2ZyB3aWR0aD0iMSIgaGVpZ2h0PSIxIiB4bWxucz0iaHR0cDovL3d3dy53My5vcmcvMjAwMC9zdmciPjwvc3ZnPg==\" style=\"--smush-placeholder-width: 1024px; --smush-placeholder-aspect-ratio: 1024\/768;\" \/><\/a><\/figure>\n\n\n\n<p><br>En cuanto a la obra conmemorativa, es una esfera de mosaicos, representa el reconocimiento de los misioneros a los hombres y mujeres que desde la trinchera del sistema sanitario trabajan para cuidarnos a todos. El monumento fue creado por el equipo del \u00e1rea de Artes del Fuego del Parque del Conocimiento, forrado con esmaltes y pedacitos de cer\u00e1mica o teselas colocados uno por uno a mano.<\/p>\n\n\n\n<p><br>Joselo Schuap, quien fue paciente COVID, hoy recuperado, no quiso ser ajeno al reconocimiento y en su car\u00e1cter de paciente como se defini\u00f3 dijo Gracias por todo su cari\u00f1o y trabajo, gracias por salvar mi vida, y dedic\u00f3 una canci\u00f3n de su autor\u00eda , realizada especialmente para la ocasi\u00f3n.<\/p>\n\n\n\n<p><strong>Monumento<\/strong><\/p>\n\n\n\n<p><br>El monumento conmemorativo descubierto es una esfera mosaiqueada realizada de forma colectiva por el equipo del \u00e1rea de Artes del Fuego del Parque del Conocimiento. El dibujo del rostro en la obra es del artista pl\u00e1stico Nadalino Rioja Huayra Nahuel, y el mosaico fue realizado por la ceramista Evelyn Ventosinos y el equipo de Artes del Fuego del Parque del Conocimiento.<br>Los esmaltes usados son preparados en el mismo Parque del Conocimiento, la t\u00e9cnica es serigraf\u00eda a la cuerda seca con \u00f3xido de manganeso y llevan un acabado en alpaca sobre la base de madera misionera. Las mismas fueron esmaltadas a mano.<\/p>\n\n\n\n<figure class=\"wp-block-image size-large\"><a href=\"https:\/\/cvinoticias.com\/wp-content\/uploads\/2021\/11\/FB_IMG_1635872376196.jpg\"><img decoding=\"async\" width=\"1024\" height=\"768\" data-src=\"https:\/\/cvinoticias.com\/wp-content\/uploads\/2021\/11\/FB_IMG_1635872376196-1024x768.jpg\" alt=\"\" class=\"wp-image-10235 lazyload\" data-srcset=\"https:\/\/cvinoticias.com\/wp-content\/uploads\/2021\/11\/FB_IMG_1635872376196-1024x768.jpg 1024w, https:\/\/cvinoticias.com\/wp-content\/uploads\/2021\/11\/FB_IMG_1635872376196-300x225.jpg 300w, https:\/\/cvinoticias.com\/wp-content\/uploads\/2021\/11\/FB_IMG_1635872376196-768x576.jpg 768w, https:\/\/cvinoticias.com\/wp-content\/uploads\/2021\/11\/FB_IMG_1635872376196.jpg 1080w\" data-sizes=\"(max-width: 1024px) 100vw, 1024px\" src=\"data:image\/svg+xml;base64,PHN2ZyB3aWR0aD0iMSIgaGVpZ2h0PSIxIiB4bWxucz0iaHR0cDovL3d3dy53My5vcmcvMjAwMC9zdmciPjwvc3ZnPg==\" style=\"--smush-placeholder-width: 1024px; --smush-placeholder-aspect-ratio: 1024\/768;\" \/><\/a><\/figure>\n","protected":false},"excerpt":{"rendered":"<p>Esta ma\u00f1ana, en el predio del Parque de la Salud Dr. Ram\u00f3n Madariaga, se descubri\u00f3 un monumento realizado en homenaje a todos los trabajadores del sistema provincial de salud por la valiosa tarea realizada en tiempos de pandemia. En el acto participaron los trabajadores de la salud de las instituciones que conforman el parque y [&hellip;]<\/p>\n","protected":false},"author":2,"featured_media":10233,"comment_status":"open","ping_status":"open","sticky":false,"template":"","format":"standard","meta":{"footnotes":""},"categories":[43,22],"tags":[],"class_list":["post-10232","post","type-post","status-publish","format-standard","has-post-thumbnail","hentry","category-provinciales","category-salud"],"yoast_head":"<!-- This site is optimized with the Yoast SEO plugin v27.5 - https:\/\/yoast.com\/product\/yoast-seo-wordpress\/ -->\n<title>Reconocimiento al personal de salud del Parque por la valiosa tarea realizada en tiempos de pandemia | CVI NOTICIAS<\/title>\n<meta name=\"robots\" content=\"index, follow, max-snippet:-1, max-image-preview:large, max-video-preview:-1\" \/>\n<link rel=\"canonical\" href=\"https:\/\/cvinoticias.com\/v3\/reconocimiento-al-personal-de-salud-del-parque-por-la-valiosa-tarea-realizada-en-tiempos-de-pandemia\/\" \/>\n<meta property=\"og:locale\" content=\"es_ES\" \/>\n<meta property=\"og:type\" content=\"article\" \/>\n<meta property=\"og:title\" content=\"Reconocimiento al personal de salud del Parque por la valiosa tarea realizada en tiempos de pandemia | CVI NOTICIAS\" \/>\n<meta property=\"og:description\" content=\"Esta ma\u00f1ana, en el predio del Parque de la Salud Dr. Ram\u00f3n Madariaga, se descubri\u00f3 un monumento realizado en homenaje a todos los trabajadores del sistema provincial de salud por la valiosa tarea realizada en tiempos de pandemia. En el acto participaron los trabajadores de la salud de las instituciones que conforman el parque y [&hellip;]\" \/>\n<meta property=\"og:url\" content=\"https:\/\/cvinoticias.com\/v3\/reconocimiento-al-personal-de-salud-del-parque-por-la-valiosa-tarea-realizada-en-tiempos-de-pandemia\/\" \/>\n<meta property=\"og:site_name\" content=\"CVI NOTICIAS\" \/>\n<meta property=\"article:publisher\" content=\"https:\/\/www.facebook.com\/cvinoticias\" \/>\n<meta property=\"article:published_time\" content=\"2021-11-02T17:02:03+00:00\" \/>\n<meta property=\"og:image\" content=\"https:\/\/cvinoticias.com\/wp-content\/uploads\/2021\/11\/FB_IMG_1635872384009.jpg\" \/>\n\t<meta property=\"og:image:width\" content=\"1080\" \/>\n\t<meta property=\"og:image:height\" content=\"1440\" \/>\n\t<meta property=\"og:image:type\" content=\"image\/jpeg\" \/>\n<meta name=\"author\" content=\"f1000024\" \/>\n<meta name=\"twitter:card\" content=\"summary_large_image\" \/>\n<meta name=\"twitter:label1\" content=\"Escrito por\" \/>\n\t<meta name=\"twitter:data1\" content=\"f1000024\" \/>\n\t<meta name=\"twitter:label2\" content=\"Tiempo de lectura\" \/>\n\t<meta name=\"twitter:data2\" content=\"2 minutos\" \/>\n<script type=\"application\/ld+json\" class=\"yoast-schema-graph\">{\"@context\":\"https:\\\/\\\/schema.org\",\"@graph\":[{\"@type\":\"Article\",\"@id\":\"https:\\\/\\\/cvinoticias.com\\\/v3\\\/reconocimiento-al-personal-de-salud-del-parque-por-la-valiosa-tarea-realizada-en-tiempos-de-pandemia\\\/#article\",\"isPartOf\":{\"@id\":\"https:\\\/\\\/cvinoticias.com\\\/v3\\\/reconocimiento-al-personal-de-salud-del-parque-por-la-valiosa-tarea-realizada-en-tiempos-de-pandemia\\\/\"},\"author\":{\"name\":\"f1000024\",\"@id\":\"https:\\\/\\\/cvinoticias.com\\\/v3\\\/#\\\/schema\\\/person\\\/2db77e3c6bc03c538495d7b2b8be9b66\"},\"headline\":\"Reconocimiento al personal de salud del Parque por la valiosa tarea realizada en tiempos de pandemia\",\"datePublished\":\"2021-11-02T17:02:03+00:00\",\"mainEntityOfPage\":{\"@id\":\"https:\\\/\\\/cvinoticias.com\\\/v3\\\/reconocimiento-al-personal-de-salud-del-parque-por-la-valiosa-tarea-realizada-en-tiempos-de-pandemia\\\/\"},\"wordCount\":413,\"commentCount\":0,\"publisher\":{\"@id\":\"https:\\\/\\\/cvinoticias.com\\\/v3\\\/#organization\"},\"image\":{\"@id\":\"https:\\\/\\\/cvinoticias.com\\\/v3\\\/reconocimiento-al-personal-de-salud-del-parque-por-la-valiosa-tarea-realizada-en-tiempos-de-pandemia\\\/#primaryimage\"},\"thumbnailUrl\":\"https:\\\/\\\/cvinoticias.com\\\/wp-content\\\/uploads\\\/2021\\\/11\\\/FB_IMG_1635872384009.jpg\",\"articleSection\":[\"Provinciales\",\"Salud\"],\"inLanguage\":\"es\",\"potentialAction\":[{\"@type\":\"CommentAction\",\"name\":\"Comment\",\"target\":[\"https:\\\/\\\/cvinoticias.com\\\/v3\\\/reconocimiento-al-personal-de-salud-del-parque-por-la-valiosa-tarea-realizada-en-tiempos-de-pandemia\\\/#respond\"]}]},{\"@type\":\"WebPage\",\"@id\":\"https:\\\/\\\/cvinoticias.com\\\/v3\\\/reconocimiento-al-personal-de-salud-del-parque-por-la-valiosa-tarea-realizada-en-tiempos-de-pandemia\\\/\",\"url\":\"https:\\\/\\\/cvinoticias.com\\\/v3\\\/reconocimiento-al-personal-de-salud-del-parque-por-la-valiosa-tarea-realizada-en-tiempos-de-pandemia\\\/\",\"name\":\"Reconocimiento al personal de salud del Parque por la valiosa tarea realizada en tiempos de pandemia | CVI NOTICIAS\",\"isPartOf\":{\"@id\":\"https:\\\/\\\/cvinoticias.com\\\/v3\\\/#website\"},\"primaryImageOfPage\":{\"@id\":\"https:\\\/\\\/cvinoticias.com\\\/v3\\\/reconocimiento-al-personal-de-salud-del-parque-por-la-valiosa-tarea-realizada-en-tiempos-de-pandemia\\\/#primaryimage\"},\"image\":{\"@id\":\"https:\\\/\\\/cvinoticias.com\\\/v3\\\/reconocimiento-al-personal-de-salud-del-parque-por-la-valiosa-tarea-realizada-en-tiempos-de-pandemia\\\/#primaryimage\"},\"thumbnailUrl\":\"https:\\\/\\\/cvinoticias.com\\\/wp-content\\\/uploads\\\/2021\\\/11\\\/FB_IMG_1635872384009.jpg\",\"datePublished\":\"2021-11-02T17:02:03+00:00\",\"breadcrumb\":{\"@id\":\"https:\\\/\\\/cvinoticias.com\\\/v3\\\/reconocimiento-al-personal-de-salud-del-parque-por-la-valiosa-tarea-realizada-en-tiempos-de-pandemia\\\/#breadcrumb\"},\"inLanguage\":\"es\",\"potentialAction\":[{\"@type\":\"ReadAction\",\"target\":[\"https:\\\/\\\/cvinoticias.com\\\/v3\\\/reconocimiento-al-personal-de-salud-del-parque-por-la-valiosa-tarea-realizada-en-tiempos-de-pandemia\\\/\"]}]},{\"@type\":\"ImageObject\",\"inLanguage\":\"es\",\"@id\":\"https:\\\/\\\/cvinoticias.com\\\/v3\\\/reconocimiento-al-personal-de-salud-del-parque-por-la-valiosa-tarea-realizada-en-tiempos-de-pandemia\\\/#primaryimage\",\"url\":\"https:\\\/\\\/cvinoticias.com\\\/wp-content\\\/uploads\\\/2021\\\/11\\\/FB_IMG_1635872384009.jpg\",\"contentUrl\":\"https:\\\/\\\/cvinoticias.com\\\/wp-content\\\/uploads\\\/2021\\\/11\\\/FB_IMG_1635872384009.jpg\",\"width\":1080,\"height\":1440},{\"@type\":\"BreadcrumbList\",\"@id\":\"https:\\\/\\\/cvinoticias.com\\\/v3\\\/reconocimiento-al-personal-de-salud-del-parque-por-la-valiosa-tarea-realizada-en-tiempos-de-pandemia\\\/#breadcrumb\",\"itemListElement\":[{\"@type\":\"ListItem\",\"position\":1,\"name\":\"Portada\",\"item\":\"https:\\\/\\\/cvinoticias.com\\\/v3\\\/\"},{\"@type\":\"ListItem\",\"position\":2,\"name\":\"Reconocimiento al personal de salud del Parque por la valiosa tarea realizada en tiempos de pandemia\"}]},{\"@type\":\"WebSite\",\"@id\":\"https:\\\/\\\/cvinoticias.com\\\/v3\\\/#website\",\"url\":\"https:\\\/\\\/cvinoticias.com\\\/v3\\\/\",\"name\":\"CVI NOTICIAS\",\"description\":\"\",\"publisher\":{\"@id\":\"https:\\\/\\\/cvinoticias.com\\\/v3\\\/#organization\"},\"alternateName\":\"CVI\",\"potentialAction\":[{\"@type\":\"SearchAction\",\"target\":{\"@type\":\"EntryPoint\",\"urlTemplate\":\"https:\\\/\\\/cvinoticias.com\\\/v3\\\/?s={search_term_string}\"},\"query-input\":{\"@type\":\"PropertyValueSpecification\",\"valueRequired\":true,\"valueName\":\"search_term_string\"}}],\"inLanguage\":\"es\"},{\"@type\":\"Organization\",\"@id\":\"https:\\\/\\\/cvinoticias.com\\\/v3\\\/#organization\",\"name\":\"CVI NOTICIAS\",\"url\":\"https:\\\/\\\/cvinoticias.com\\\/v3\\\/\",\"logo\":{\"@type\":\"ImageObject\",\"inLanguage\":\"es\",\"@id\":\"https:\\\/\\\/cvinoticias.com\\\/v3\\\/#\\\/schema\\\/logo\\\/image\\\/\",\"url\":\"https:\\\/\\\/cvinoticias.com\\\/wp-content\\\/uploads\\\/2023\\\/04\\\/cropped-cropped-cropped-cropped-cropped-3-1.png\",\"contentUrl\":\"https:\\\/\\\/cvinoticias.com\\\/wp-content\\\/uploads\\\/2023\\\/04\\\/cropped-cropped-cropped-cropped-cropped-3-1.png\",\"width\":95,\"height\":122,\"caption\":\"CVI NOTICIAS\"},\"image\":{\"@id\":\"https:\\\/\\\/cvinoticias.com\\\/v3\\\/#\\\/schema\\\/logo\\\/image\\\/\"},\"sameAs\":[\"https:\\\/\\\/www.facebook.com\\\/cvinoticias\",\"https:\\\/\\\/www.instagram.com\\\/cvinoticias\\\/\",\"https:\\\/\\\/www.youtube.com\\\/@CVINOTICIAS\"]},{\"@type\":\"Person\",\"@id\":\"https:\\\/\\\/cvinoticias.com\\\/v3\\\/#\\\/schema\\\/person\\\/2db77e3c6bc03c538495d7b2b8be9b66\",\"name\":\"f1000024\",\"image\":{\"@type\":\"ImageObject\",\"inLanguage\":\"es\",\"@id\":\"https:\\\/\\\/secure.gravatar.com\\\/avatar\\\/d4fe7459cfc51ff5129ce1a732bbef5928568b8092d412ef95611616376bbeed?s=96&d=mm&r=g\",\"url\":\"https:\\\/\\\/secure.gravatar.com\\\/avatar\\\/d4fe7459cfc51ff5129ce1a732bbef5928568b8092d412ef95611616376bbeed?s=96&d=mm&r=g\",\"contentUrl\":\"https:\\\/\\\/secure.gravatar.com\\\/avatar\\\/d4fe7459cfc51ff5129ce1a732bbef5928568b8092d412ef95611616376bbeed?s=96&d=mm&r=g\",\"caption\":\"f1000024\"},\"url\":\"https:\\\/\\\/cvinoticias.com\\\/v3\\\/author\\\/f1000024\\\/\"}]}<\/script>\n<!-- \/ Yoast SEO plugin. -->","yoast_head_json":{"title":"Reconocimiento al personal de salud del Parque por la valiosa tarea realizada en tiempos de pandemia | CVI NOTICIAS","robots":{"index":"index","follow":"follow","max-snippet":"max-snippet:-1","max-image-preview":"max-image-preview:large","max-video-preview":"max-video-preview:-1"},"canonical":"https:\/\/cvinoticias.com\/v3\/reconocimiento-al-personal-de-salud-del-parque-por-la-valiosa-tarea-realizada-en-tiempos-de-pandemia\/","og_locale":"es_ES","og_type":"article","og_title":"Reconocimiento al personal de salud del Parque por la valiosa tarea realizada en tiempos de pandemia | CVI NOTICIAS","og_description":"Esta ma\u00f1ana, en el predio del Parque de la Salud Dr. Ram\u00f3n Madariaga, se descubri\u00f3 un monumento realizado en homenaje a todos los trabajadores del sistema provincial de salud por la valiosa tarea realizada en tiempos de pandemia. En el acto participaron los trabajadores de la salud de las instituciones que conforman el parque y [&hellip;]","og_url":"https:\/\/cvinoticias.com\/v3\/reconocimiento-al-personal-de-salud-del-parque-por-la-valiosa-tarea-realizada-en-tiempos-de-pandemia\/","og_site_name":"CVI NOTICIAS","article_publisher":"https:\/\/www.facebook.com\/cvinoticias","article_published_time":"2021-11-02T17:02:03+00:00","og_image":[{"width":1080,"height":1440,"url":"https:\/\/cvinoticias.com\/wp-content\/uploads\/2021\/11\/FB_IMG_1635872384009.jpg","type":"image\/jpeg"}],"author":"f1000024","twitter_card":"summary_large_image","twitter_misc":{"Escrito por":"f1000024","Tiempo de lectura":"2 minutos"},"schema":{"@context":"https:\/\/schema.org","@graph":[{"@type":"Article","@id":"https:\/\/cvinoticias.com\/v3\/reconocimiento-al-personal-de-salud-del-parque-por-la-valiosa-tarea-realizada-en-tiempos-de-pandemia\/#article","isPartOf":{"@id":"https:\/\/cvinoticias.com\/v3\/reconocimiento-al-personal-de-salud-del-parque-por-la-valiosa-tarea-realizada-en-tiempos-de-pandemia\/"},"author":{"name":"f1000024","@id":"https:\/\/cvinoticias.com\/v3\/#\/schema\/person\/2db77e3c6bc03c538495d7b2b8be9b66"},"headline":"Reconocimiento al personal de salud del Parque por la valiosa tarea realizada en tiempos de pandemia","datePublished":"2021-11-02T17:02:03+00:00","mainEntityOfPage":{"@id":"https:\/\/cvinoticias.com\/v3\/reconocimiento-al-personal-de-salud-del-parque-por-la-valiosa-tarea-realizada-en-tiempos-de-pandemia\/"},"wordCount":413,"commentCount":0,"publisher":{"@id":"https:\/\/cvinoticias.com\/v3\/#organization"},"image":{"@id":"https:\/\/cvinoticias.com\/v3\/reconocimiento-al-personal-de-salud-del-parque-por-la-valiosa-tarea-realizada-en-tiempos-de-pandemia\/#primaryimage"},"thumbnailUrl":"https:\/\/cvinoticias.com\/wp-content\/uploads\/2021\/11\/FB_IMG_1635872384009.jpg","articleSection":["Provinciales","Salud"],"inLanguage":"es","potentialAction":[{"@type":"CommentAction","name":"Comment","target":["https:\/\/cvinoticias.com\/v3\/reconocimiento-al-personal-de-salud-del-parque-por-la-valiosa-tarea-realizada-en-tiempos-de-pandemia\/#respond"]}]},{"@type":"WebPage","@id":"https:\/\/cvinoticias.com\/v3\/reconocimiento-al-personal-de-salud-del-parque-por-la-valiosa-tarea-realizada-en-tiempos-de-pandemia\/","url":"https:\/\/cvinoticias.com\/v3\/reconocimiento-al-personal-de-salud-del-parque-por-la-valiosa-tarea-realizada-en-tiempos-de-pandemia\/","name":"Reconocimiento al personal de salud del Parque por la valiosa tarea realizada en tiempos de pandemia | CVI NOTICIAS","isPartOf":{"@id":"https:\/\/cvinoticias.com\/v3\/#website"},"primaryImageOfPage":{"@id":"https:\/\/cvinoticias.com\/v3\/reconocimiento-al-personal-de-salud-del-parque-por-la-valiosa-tarea-realizada-en-tiempos-de-pandemia\/#primaryimage"},"image":{"@id":"https:\/\/cvinoticias.com\/v3\/reconocimiento-al-personal-de-salud-del-parque-por-la-valiosa-tarea-realizada-en-tiempos-de-pandemia\/#primaryimage"},"thumbnailUrl":"https:\/\/cvinoticias.com\/wp-content\/uploads\/2021\/11\/FB_IMG_1635872384009.jpg","datePublished":"2021-11-02T17:02:03+00:00","breadcrumb":{"@id":"https:\/\/cvinoticias.com\/v3\/reconocimiento-al-personal-de-salud-del-parque-por-la-valiosa-tarea-realizada-en-tiempos-de-pandemia\/#breadcrumb"},"inLanguage":"es","potentialAction":[{"@type":"ReadAction","target":["https:\/\/cvinoticias.com\/v3\/reconocimiento-al-personal-de-salud-del-parque-por-la-valiosa-tarea-realizada-en-tiempos-de-pandemia\/"]}]},{"@type":"ImageObject","inLanguage":"es","@id":"https:\/\/cvinoticias.com\/v3\/reconocimiento-al-personal-de-salud-del-parque-por-la-valiosa-tarea-realizada-en-tiempos-de-pandemia\/#primaryimage","url":"https:\/\/cvinoticias.com\/wp-content\/uploads\/2021\/11\/FB_IMG_1635872384009.jpg","contentUrl":"https:\/\/cvinoticias.com\/wp-content\/uploads\/2021\/11\/FB_IMG_1635872384009.jpg","width":1080,"height":1440},{"@type":"BreadcrumbList","@id":"https:\/\/cvinoticias.com\/v3\/reconocimiento-al-personal-de-salud-del-parque-por-la-valiosa-tarea-realizada-en-tiempos-de-pandemia\/#breadcrumb","itemListElement":[{"@type":"ListItem","position":1,"name":"Portada","item":"https:\/\/cvinoticias.com\/v3\/"},{"@type":"ListItem","position":2,"name":"Reconocimiento al personal de salud del Parque por la valiosa tarea realizada en tiempos de pandemia"}]},{"@type":"WebSite","@id":"https:\/\/cvinoticias.com\/v3\/#website","url":"https:\/\/cvinoticias.com\/v3\/","name":"CVI NOTICIAS","description":"","publisher":{"@id":"https:\/\/cvinoticias.com\/v3\/#organization"},"alternateName":"CVI","potentialAction":[{"@type":"SearchAction","target":{"@type":"EntryPoint","urlTemplate":"https:\/\/cvinoticias.com\/v3\/?s={search_term_string}"},"query-input":{"@type":"PropertyValueSpecification","valueRequired":true,"valueName":"search_term_string"}}],"inLanguage":"es"},{"@type":"Organization","@id":"https:\/\/cvinoticias.com\/v3\/#organization","name":"CVI NOTICIAS","url":"https:\/\/cvinoticias.com\/v3\/","logo":{"@type":"ImageObject","inLanguage":"es","@id":"https:\/\/cvinoticias.com\/v3\/#\/schema\/logo\/image\/","url":"https:\/\/cvinoticias.com\/wp-content\/uploads\/2023\/04\/cropped-cropped-cropped-cropped-cropped-3-1.png","contentUrl":"https:\/\/cvinoticias.com\/wp-content\/uploads\/2023\/04\/cropped-cropped-cropped-cropped-cropped-3-1.png","width":95,"height":122,"caption":"CVI NOTICIAS"},"image":{"@id":"https:\/\/cvinoticias.com\/v3\/#\/schema\/logo\/image\/"},"sameAs":["https:\/\/www.facebook.com\/cvinoticias","https:\/\/www.instagram.com\/cvinoticias\/","https:\/\/www.youtube.com\/@CVINOTICIAS"]},{"@type":"Person","@id":"https:\/\/cvinoticias.com\/v3\/#\/schema\/person\/2db77e3c6bc03c538495d7b2b8be9b66","name":"f1000024","image":{"@type":"ImageObject","inLanguage":"es","@id":"https:\/\/secure.gravatar.com\/avatar\/d4fe7459cfc51ff5129ce1a732bbef5928568b8092d412ef95611616376bbeed?s=96&d=mm&r=g","url":"https:\/\/secure.gravatar.com\/avatar\/d4fe7459cfc51ff5129ce1a732bbef5928568b8092d412ef95611616376bbeed?s=96&d=mm&r=g","contentUrl":"https:\/\/secure.gravatar.com\/avatar\/d4fe7459cfc51ff5129ce1a732bbef5928568b8092d412ef95611616376bbeed?s=96&d=mm&r=g","caption":"f1000024"},"url":"https:\/\/cvinoticias.com\/v3\/author\/f1000024\/"}]}},"_links":{"self":[{"href":"https:\/\/cvinoticias.com\/v3\/wp-json\/wp\/v2\/posts\/10232","targetHints":{"allow":["GET"]}}],"collection":[{"href":"https:\/\/cvinoticias.com\/v3\/wp-json\/wp\/v2\/posts"}],"about":[{"href":"https:\/\/cvinoticias.com\/v3\/wp-json\/wp\/v2\/types\/post"}],"author":[{"embeddable":true,"href":"https:\/\/cvinoticias.com\/v3\/wp-json\/wp\/v2\/users\/2"}],"replies":[{"embeddable":true,"href":"https:\/\/cvinoticias.com\/v3\/wp-json\/wp\/v2\/comments?post=10232"}],"version-history":[{"count":1,"href":"https:\/\/cvinoticias.com\/v3\/wp-json\/wp\/v2\/posts\/10232\/revisions"}],"predecessor-version":[{"id":10236,"href":"https:\/\/cvinoticias.com\/v3\/wp-json\/wp\/v2\/posts\/10232\/revisions\/10236"}],"wp:featuredmedia":[{"embeddable":true,"href":"https:\/\/cvinoticias.com\/v3\/wp-json\/wp\/v2\/media\/10233"}],"wp:attachment":[{"href":"https:\/\/cvinoticias.com\/v3\/wp-json\/wp\/v2\/media?parent=10232"}],"wp:term":[{"taxonomy":"category","embeddable":true,"href":"https:\/\/cvinoticias.com\/v3\/wp-json\/wp\/v2\/categories?post=10232"},{"taxonomy":"post_tag","embeddable":true,"href":"https:\/\/cvinoticias.com\/v3\/wp-json\/wp\/v2\/tags?post=10232"}],"curies":[{"name":"wp","href":"https:\/\/api.w.org\/{rel}","templated":true}]}}