{"id":10102,"date":"2021-10-30T03:36:04","date_gmt":"2021-10-30T03:36:04","guid":{"rendered":"https:\/\/cvinoticias.com\/v3\/?p=10102"},"modified":"2021-10-30T03:36:04","modified_gmt":"2021-10-30T03:36:04","slug":"herrera-ahuad-acompano-el-reconocimiento-a-los-profesionales-que-participaron-en-las-olimpiadas-medicas-nacionales","status":"publish","type":"post","link":"https:\/\/cvinoticias.com\/v3\/herrera-ahuad-acompano-el-reconocimiento-a-los-profesionales-que-participaron-en-las-olimpiadas-medicas-nacionales\/","title":{"rendered":"Herrera Ahuad acompa\u00f1\u00f3 el reconocimiento a los profesionales que participaron en las olimpiadas m\u00e9dicas nacionales"},"content":{"rendered":"\n<p><strong><em>El Gobernador recibi\u00f3 en el patio de la Casa de Gobierno a la delegaci\u00f3n de m\u00e9dicos misioneros que tuvo una destacada participaci\u00f3n en las Olimpiadas Medicas disputadas en Entre R\u00edos. En su discurso valor\u00f3 el compromiso de m\u00e9dicos y profesionales de la salud en su entrega a la comunidad. Tambi\u00e9n, adelant\u00f3 la posibilidad de organizar la competencia el pr\u00f3ximo a\u00f1o en la provincia.<\/em><\/strong><\/p>\n\n\n\n<p>Esta ma\u00f1ana, en el patio de la Casa de Gobierno, el gobernador Oscar Herrera Ahuad realiz\u00f3 un emotivo reconocimiento a la delegaci\u00f3n de m\u00e9dicos que obtuvo una destacada participaci\u00f3n en las Olimp\u00edadas M\u00e9dicas Nacionales 2021 realizadas en la provincia de Entre R\u00edos. Por ello, tambi\u00e9n, la C\u00e1mara de Representantes otorg\u00f3 una distinci\u00f3n general a los 95 misioneros que participaron en el encuentro deportivo. El Gobernador dio la bienvenida a parte de la delegaci\u00f3n presente y destac\u00f3 su desempe\u00f1o durante la competencia nacional que se realiz\u00f3 del 17 al 23 de octubre pasado.<\/p>\n\n\n\n<figure class=\"wp-block-image size-large\"><a href=\"https:\/\/cvinoticias.com\/wp-content\/uploads\/2021\/10\/FB_IMG_1635564311926.jpg\"><img decoding=\"async\" width=\"1024\" height=\"683\" data-src=\"https:\/\/cvinoticias.com\/wp-content\/uploads\/2021\/10\/FB_IMG_1635564311926-1024x683.jpg\" alt=\"\" class=\"wp-image-10103 lazyload\" data-srcset=\"https:\/\/cvinoticias.com\/wp-content\/uploads\/2021\/10\/FB_IMG_1635564311926-1024x683.jpg 1024w, https:\/\/cvinoticias.com\/wp-content\/uploads\/2021\/10\/FB_IMG_1635564311926-300x200.jpg 300w, https:\/\/cvinoticias.com\/wp-content\/uploads\/2021\/10\/FB_IMG_1635564311926-768x512.jpg 768w, https:\/\/cvinoticias.com\/wp-content\/uploads\/2021\/10\/FB_IMG_1635564311926.jpg 1080w\" data-sizes=\"(max-width: 1024px) 100vw, 1024px\" src=\"data:image\/svg+xml;base64,PHN2ZyB3aWR0aD0iMSIgaGVpZ2h0PSIxIiB4bWxucz0iaHR0cDovL3d3dy53My5vcmcvMjAwMC9zdmciPjwvc3ZnPg==\" style=\"--smush-placeholder-width: 1024px; --smush-placeholder-aspect-ratio: 1024\/683;\" \/><\/a><\/figure>\n\n\n\n<p>En su intervenci\u00f3n, el mandatario se\u00f1al\u00f3 que \u201cel pueblo misionero le rinde el homenaje y los honores como corresponden, como deportistas pero tambi\u00e9n como profesionales\u201d. Afirm\u00f3 que estas olimpiadas sirvieron para que \u201clos misioneros visibilicen la importancia que tiene este grupo humano, que no solamente tienen el compromiso vocacional con la salud, sino que tambi\u00e9n tienen el compromiso con su provincia en general\u201d. De esta manera, se\u00f1al\u00f3 con orgullo la importancia y la expectaci\u00f3n de los misioneros por participar en las distintas categor\u00edas.<\/p>\n\n\n\n<p>Por \u00faltimo inform\u00f3 que espera poder realizar, las pr\u00f3ximas olimpiadas en Misiones, en su edici\u00f3n 2022 o 2023. \u201cQue tienen que ser las mejores olimpiadas de la historia\u201d, remarc\u00f3.<\/p>\n\n\n\n<p>Por su parte, el doctor Leandro Esperanza, miembro de la comisi\u00f3n de las actuales Olimpiadas 2021, agradeci\u00f3 el acompa\u00f1amiento de la Provincia durante el evento, hizo menci\u00f3n de la lograda participaci\u00f3n de sus colegas y evoc\u00f3 la memoria del fallecido doctor V\u00edctor Hugo Decamilli, que fue un destacado impulsor de estas competencias en la comunidad de profesionales de la salud.<\/p>\n\n\n\n<p>Y en cuanto a los funcionarios que acompa\u00f1aron el evento estuvieron el vicegobernador, Carlos Arce; el ministro de Salud P\u00fablica, Oscar Alarc\u00f3n y el diputado provincial, Mart\u00edn Cesino.<\/p>\n\n\n\n<p>OLIMP\u00cdADAS M\u00c9DICAS NACIONALES 2021<\/p>\n\n\n\n<p>En el patio de la Casa de Gobierno se realiz\u00f3 hoy el merecido reconocimiento general a los m\u00e9dicos misioneros que lograron una destacada participaci\u00f3n deportiva en Entre R\u00edos. La delegaci\u00f3n de Misiones obtuvo medallas en casi todos los rubros y una importante posici\u00f3n en el medallero. Se destac\u00f3 el triunfo de la traumat\u00f3loga Gabriela Flores que obtuvo ocho medallas de oro en atletismo y la copa ganada por el equipo M\u00e1ster de f\u00fatbol bajo la direcci\u00f3n t\u00e9cnica de Rodolfo DeBrum. En el equipo Masters fueron claves las participaciones de los doctores Rolando Rublecki y Carlos Ferreyra, ya que despu\u00e9s de 37 a\u00f1os llegaron a la final.<\/p>\n\n\n\n<p>Estas olimpiadas se realizaron en Federaci\u00f3n, Entre R\u00edos, del 17 al 23 de octubre, despu\u00e9s del par\u00e9ntesis del 2020 de la pandemia y del aislamiento social obligatorio. Igualmente, desde la delegaci\u00f3n misionera dieron cuenta que no s\u00f3lo participaron m\u00e9dicos, sino tambi\u00e9n profesionales de la salud de distintas especialidades de la provincia. Las disciplinas vigentes en esta edici\u00f3n fueron f\u00fatbol, nataci\u00f3n, tenis, padel, voley, mountain bike, b\u00e1squet, marat\u00f3n, atletismo, ajedrez, tenis de mesa, pesca y truco.<\/p>\n\n\n\n<figure class=\"wp-block-image size-large\"><a href=\"https:\/\/cvinoticias.com\/wp-content\/uploads\/2021\/10\/FB_IMG_1635564307618.jpg\"><img decoding=\"async\" width=\"1024\" height=\"683\" data-src=\"https:\/\/cvinoticias.com\/wp-content\/uploads\/2021\/10\/FB_IMG_1635564307618-1024x683.jpg\" alt=\"\" class=\"wp-image-10104 lazyload\" data-srcset=\"https:\/\/cvinoticias.com\/wp-content\/uploads\/2021\/10\/FB_IMG_1635564307618-1024x683.jpg 1024w, https:\/\/cvinoticias.com\/wp-content\/uploads\/2021\/10\/FB_IMG_1635564307618-300x200.jpg 300w, https:\/\/cvinoticias.com\/wp-content\/uploads\/2021\/10\/FB_IMG_1635564307618-768x512.jpg 768w, https:\/\/cvinoticias.com\/wp-content\/uploads\/2021\/10\/FB_IMG_1635564307618.jpg 1080w\" data-sizes=\"(max-width: 1024px) 100vw, 1024px\" src=\"data:image\/svg+xml;base64,PHN2ZyB3aWR0aD0iMSIgaGVpZ2h0PSIxIiB4bWxucz0iaHR0cDovL3d3dy53My5vcmcvMjAwMC9zdmciPjwvc3ZnPg==\" style=\"--smush-placeholder-width: 1024px; --smush-placeholder-aspect-ratio: 1024\/683;\" \/><\/a><\/figure>\n\n\n\n<p>Adem\u00e1s, en el evento deportivo se rindi\u00f3 un homenaje al Dr. misionero V\u00edctor Hugo Decamilli, quien falleci\u00f3 el 17 de septiembre de 2020. El torneo ol\u00edmpico de tenis llev\u00f3 su nombre y hubo recordatorios en placa de bronce, publicaciones y dedicaciones de sus colegas durante el evento. Es la primera vez que se realiza un reconocimiento de estas caracter\u00edsticas a un colega a nivel nacional y ol\u00edmpico.<\/p>\n\n\n\n<p>Paralelamente a los eventos deportivos se realiz\u00f3 el Simposio \u201cMedicina, salud, deportes\u201d, en el que se trataron especialmente estos pilares para la evaluaci\u00f3n y gesti\u00f3n de la salud en contextos como los actuales, a donde fueron destacadas las participaciones de los profesionales misioneros Leandro Esperanza y Carina Klemczuck.<\/p>\n\n\n\n<p>Cabe se\u00f1alar que en el 2020 estaba previsto que la sede fuera la ciudad de Posadas, pero la pandemia y el aislamiento social obligatorio las suspendieron hasta este a\u00f1o, en que volvieron a ser posibles. Sin embargo, desde el Gobierno de Misiones se prev\u00e9 poder llevar a cabo las olimpiadas el pr\u00f3ximo a\u00f1o.<\/p>\n\n\n\n<figure class=\"wp-block-image size-large\"><a href=\"https:\/\/cvinoticias.com\/wp-content\/uploads\/2021\/10\/FB_IMG_1635564320244.jpg\"><img decoding=\"async\" width=\"1024\" height=\"683\" data-src=\"https:\/\/cvinoticias.com\/wp-content\/uploads\/2021\/10\/FB_IMG_1635564320244-1024x683.jpg\" alt=\"\" class=\"wp-image-10105 lazyload\" data-srcset=\"https:\/\/cvinoticias.com\/wp-content\/uploads\/2021\/10\/FB_IMG_1635564320244-1024x683.jpg 1024w, https:\/\/cvinoticias.com\/wp-content\/uploads\/2021\/10\/FB_IMG_1635564320244-300x200.jpg 300w, https:\/\/cvinoticias.com\/wp-content\/uploads\/2021\/10\/FB_IMG_1635564320244-768x512.jpg 768w, https:\/\/cvinoticias.com\/wp-content\/uploads\/2021\/10\/FB_IMG_1635564320244.jpg 1080w\" data-sizes=\"(max-width: 1024px) 100vw, 1024px\" src=\"data:image\/svg+xml;base64,PHN2ZyB3aWR0aD0iMSIgaGVpZ2h0PSIxIiB4bWxucz0iaHR0cDovL3d3dy53My5vcmcvMjAwMC9zdmciPjwvc3ZnPg==\" style=\"--smush-placeholder-width: 1024px; --smush-placeholder-aspect-ratio: 1024\/683;\" \/><\/a><\/figure>\n","protected":false},"excerpt":{"rendered":"<p>El Gobernador recibi\u00f3 en el patio de la Casa de Gobierno a la delegaci\u00f3n de m\u00e9dicos misioneros que tuvo una destacada participaci\u00f3n en las Olimpiadas Medicas disputadas en Entre R\u00edos. En su discurso valor\u00f3 el compromiso de m\u00e9dicos y profesionales de la salud en su entrega a la comunidad. Tambi\u00e9n, adelant\u00f3 la posibilidad de organizar [&hellip;]<\/p>\n","protected":false},"author":2,"featured_media":10106,"comment_status":"open","ping_status":"open","sticky":false,"template":"","format":"standard","meta":{"footnotes":""},"categories":[43],"tags":[],"class_list":["post-10102","post","type-post","status-publish","format-standard","has-post-thumbnail","hentry","category-provinciales"],"yoast_head":"<!-- This site is optimized with the Yoast SEO plugin v27.5 - https:\/\/yoast.com\/product\/yoast-seo-wordpress\/ -->\n<title>Herrera Ahuad acompa\u00f1\u00f3 el reconocimiento a los profesionales que participaron en las olimpiadas m\u00e9dicas nacionales | CVI NOTICIAS<\/title>\n<meta name=\"robots\" content=\"index, follow, max-snippet:-1, max-image-preview:large, max-video-preview:-1\" \/>\n<link rel=\"canonical\" href=\"https:\/\/cvinoticias.com\/v3\/herrera-ahuad-acompano-el-reconocimiento-a-los-profesionales-que-participaron-en-las-olimpiadas-medicas-nacionales\/\" \/>\n<meta property=\"og:locale\" content=\"es_ES\" \/>\n<meta property=\"og:type\" content=\"article\" \/>\n<meta property=\"og:title\" content=\"Herrera Ahuad acompa\u00f1\u00f3 el reconocimiento a los profesionales que participaron en las olimpiadas m\u00e9dicas nacionales | CVI NOTICIAS\" \/>\n<meta property=\"og:description\" content=\"El Gobernador recibi\u00f3 en el patio de la Casa de Gobierno a la delegaci\u00f3n de m\u00e9dicos misioneros que tuvo una destacada participaci\u00f3n en las Olimpiadas Medicas disputadas en Entre R\u00edos. En su discurso valor\u00f3 el compromiso de m\u00e9dicos y profesionales de la salud en su entrega a la comunidad. Tambi\u00e9n, adelant\u00f3 la posibilidad de organizar [&hellip;]\" \/>\n<meta property=\"og:url\" content=\"https:\/\/cvinoticias.com\/v3\/herrera-ahuad-acompano-el-reconocimiento-a-los-profesionales-que-participaron-en-las-olimpiadas-medicas-nacionales\/\" \/>\n<meta property=\"og:site_name\" content=\"CVI NOTICIAS\" \/>\n<meta property=\"article:publisher\" content=\"https:\/\/www.facebook.com\/cvinoticias\" \/>\n<meta property=\"article:published_time\" content=\"2021-10-30T03:36:04+00:00\" \/>\n<meta property=\"og:image\" content=\"https:\/\/cvinoticias.com\/wp-content\/uploads\/2021\/10\/FB_IMG_1635564303016.jpg\" \/>\n\t<meta property=\"og:image:width\" content=\"1080\" \/>\n\t<meta property=\"og:image:height\" content=\"720\" \/>\n\t<meta property=\"og:image:type\" content=\"image\/jpeg\" \/>\n<meta name=\"author\" content=\"f1000024\" \/>\n<meta name=\"twitter:card\" content=\"summary_large_image\" \/>\n<meta name=\"twitter:label1\" content=\"Escrito por\" \/>\n\t<meta name=\"twitter:data1\" content=\"f1000024\" \/>\n\t<meta name=\"twitter:label2\" content=\"Tiempo de lectura\" \/>\n\t<meta name=\"twitter:data2\" content=\"4 minutos\" \/>\n<script type=\"application\/ld+json\" class=\"yoast-schema-graph\">{\"@context\":\"https:\\\/\\\/schema.org\",\"@graph\":[{\"@type\":\"Article\",\"@id\":\"https:\\\/\\\/cvinoticias.com\\\/v3\\\/herrera-ahuad-acompano-el-reconocimiento-a-los-profesionales-que-participaron-en-las-olimpiadas-medicas-nacionales\\\/#article\",\"isPartOf\":{\"@id\":\"https:\\\/\\\/cvinoticias.com\\\/v3\\\/herrera-ahuad-acompano-el-reconocimiento-a-los-profesionales-que-participaron-en-las-olimpiadas-medicas-nacionales\\\/\"},\"author\":{\"name\":\"f1000024\",\"@id\":\"https:\\\/\\\/cvinoticias.com\\\/v3\\\/#\\\/schema\\\/person\\\/2db77e3c6bc03c538495d7b2b8be9b66\"},\"headline\":\"Herrera Ahuad acompa\u00f1\u00f3 el reconocimiento a los profesionales que participaron en las olimpiadas m\u00e9dicas nacionales\",\"datePublished\":\"2021-10-30T03:36:04+00:00\",\"mainEntityOfPage\":{\"@id\":\"https:\\\/\\\/cvinoticias.com\\\/v3\\\/herrera-ahuad-acompano-el-reconocimiento-a-los-profesionales-que-participaron-en-las-olimpiadas-medicas-nacionales\\\/\"},\"wordCount\":785,\"commentCount\":0,\"publisher\":{\"@id\":\"https:\\\/\\\/cvinoticias.com\\\/v3\\\/#organization\"},\"image\":{\"@id\":\"https:\\\/\\\/cvinoticias.com\\\/v3\\\/herrera-ahuad-acompano-el-reconocimiento-a-los-profesionales-que-participaron-en-las-olimpiadas-medicas-nacionales\\\/#primaryimage\"},\"thumbnailUrl\":\"https:\\\/\\\/cvinoticias.com\\\/wp-content\\\/uploads\\\/2021\\\/10\\\/FB_IMG_1635564303016.jpg\",\"articleSection\":[\"Provinciales\"],\"inLanguage\":\"es\",\"potentialAction\":[{\"@type\":\"CommentAction\",\"name\":\"Comment\",\"target\":[\"https:\\\/\\\/cvinoticias.com\\\/v3\\\/herrera-ahuad-acompano-el-reconocimiento-a-los-profesionales-que-participaron-en-las-olimpiadas-medicas-nacionales\\\/#respond\"]}]},{\"@type\":\"WebPage\",\"@id\":\"https:\\\/\\\/cvinoticias.com\\\/v3\\\/herrera-ahuad-acompano-el-reconocimiento-a-los-profesionales-que-participaron-en-las-olimpiadas-medicas-nacionales\\\/\",\"url\":\"https:\\\/\\\/cvinoticias.com\\\/v3\\\/herrera-ahuad-acompano-el-reconocimiento-a-los-profesionales-que-participaron-en-las-olimpiadas-medicas-nacionales\\\/\",\"name\":\"Herrera Ahuad acompa\u00f1\u00f3 el reconocimiento a los profesionales que participaron en las olimpiadas m\u00e9dicas nacionales | CVI NOTICIAS\",\"isPartOf\":{\"@id\":\"https:\\\/\\\/cvinoticias.com\\\/v3\\\/#website\"},\"primaryImageOfPage\":{\"@id\":\"https:\\\/\\\/cvinoticias.com\\\/v3\\\/herrera-ahuad-acompano-el-reconocimiento-a-los-profesionales-que-participaron-en-las-olimpiadas-medicas-nacionales\\\/#primaryimage\"},\"image\":{\"@id\":\"https:\\\/\\\/cvinoticias.com\\\/v3\\\/herrera-ahuad-acompano-el-reconocimiento-a-los-profesionales-que-participaron-en-las-olimpiadas-medicas-nacionales\\\/#primaryimage\"},\"thumbnailUrl\":\"https:\\\/\\\/cvinoticias.com\\\/wp-content\\\/uploads\\\/2021\\\/10\\\/FB_IMG_1635564303016.jpg\",\"datePublished\":\"2021-10-30T03:36:04+00:00\",\"breadcrumb\":{\"@id\":\"https:\\\/\\\/cvinoticias.com\\\/v3\\\/herrera-ahuad-acompano-el-reconocimiento-a-los-profesionales-que-participaron-en-las-olimpiadas-medicas-nacionales\\\/#breadcrumb\"},\"inLanguage\":\"es\",\"potentialAction\":[{\"@type\":\"ReadAction\",\"target\":[\"https:\\\/\\\/cvinoticias.com\\\/v3\\\/herrera-ahuad-acompano-el-reconocimiento-a-los-profesionales-que-participaron-en-las-olimpiadas-medicas-nacionales\\\/\"]}]},{\"@type\":\"ImageObject\",\"inLanguage\":\"es\",\"@id\":\"https:\\\/\\\/cvinoticias.com\\\/v3\\\/herrera-ahuad-acompano-el-reconocimiento-a-los-profesionales-que-participaron-en-las-olimpiadas-medicas-nacionales\\\/#primaryimage\",\"url\":\"https:\\\/\\\/cvinoticias.com\\\/wp-content\\\/uploads\\\/2021\\\/10\\\/FB_IMG_1635564303016.jpg\",\"contentUrl\":\"https:\\\/\\\/cvinoticias.com\\\/wp-content\\\/uploads\\\/2021\\\/10\\\/FB_IMG_1635564303016.jpg\",\"width\":1080,\"height\":720},{\"@type\":\"BreadcrumbList\",\"@id\":\"https:\\\/\\\/cvinoticias.com\\\/v3\\\/herrera-ahuad-acompano-el-reconocimiento-a-los-profesionales-que-participaron-en-las-olimpiadas-medicas-nacionales\\\/#breadcrumb\",\"itemListElement\":[{\"@type\":\"ListItem\",\"position\":1,\"name\":\"Portada\",\"item\":\"https:\\\/\\\/cvinoticias.com\\\/v3\\\/\"},{\"@type\":\"ListItem\",\"position\":2,\"name\":\"Herrera Ahuad acompa\u00f1\u00f3 el reconocimiento a los profesionales que participaron en las olimpiadas m\u00e9dicas nacionales\"}]},{\"@type\":\"WebSite\",\"@id\":\"https:\\\/\\\/cvinoticias.com\\\/v3\\\/#website\",\"url\":\"https:\\\/\\\/cvinoticias.com\\\/v3\\\/\",\"name\":\"CVI NOTICIAS\",\"description\":\"\",\"publisher\":{\"@id\":\"https:\\\/\\\/cvinoticias.com\\\/v3\\\/#organization\"},\"alternateName\":\"CVI\",\"potentialAction\":[{\"@type\":\"SearchAction\",\"target\":{\"@type\":\"EntryPoint\",\"urlTemplate\":\"https:\\\/\\\/cvinoticias.com\\\/v3\\\/?s={search_term_string}\"},\"query-input\":{\"@type\":\"PropertyValueSpecification\",\"valueRequired\":true,\"valueName\":\"search_term_string\"}}],\"inLanguage\":\"es\"},{\"@type\":\"Organization\",\"@id\":\"https:\\\/\\\/cvinoticias.com\\\/v3\\\/#organization\",\"name\":\"CVI NOTICIAS\",\"url\":\"https:\\\/\\\/cvinoticias.com\\\/v3\\\/\",\"logo\":{\"@type\":\"ImageObject\",\"inLanguage\":\"es\",\"@id\":\"https:\\\/\\\/cvinoticias.com\\\/v3\\\/#\\\/schema\\\/logo\\\/image\\\/\",\"url\":\"https:\\\/\\\/cvinoticias.com\\\/wp-content\\\/uploads\\\/2023\\\/04\\\/cropped-cropped-cropped-cropped-cropped-3-1.png\",\"contentUrl\":\"https:\\\/\\\/cvinoticias.com\\\/wp-content\\\/uploads\\\/2023\\\/04\\\/cropped-cropped-cropped-cropped-cropped-3-1.png\",\"width\":95,\"height\":122,\"caption\":\"CVI NOTICIAS\"},\"image\":{\"@id\":\"https:\\\/\\\/cvinoticias.com\\\/v3\\\/#\\\/schema\\\/logo\\\/image\\\/\"},\"sameAs\":[\"https:\\\/\\\/www.facebook.com\\\/cvinoticias\",\"https:\\\/\\\/www.instagram.com\\\/cvinoticias\\\/\",\"https:\\\/\\\/www.youtube.com\\\/@CVINOTICIAS\"]},{\"@type\":\"Person\",\"@id\":\"https:\\\/\\\/cvinoticias.com\\\/v3\\\/#\\\/schema\\\/person\\\/2db77e3c6bc03c538495d7b2b8be9b66\",\"name\":\"f1000024\",\"image\":{\"@type\":\"ImageObject\",\"inLanguage\":\"es\",\"@id\":\"https:\\\/\\\/secure.gravatar.com\\\/avatar\\\/d4fe7459cfc51ff5129ce1a732bbef5928568b8092d412ef95611616376bbeed?s=96&d=mm&r=g\",\"url\":\"https:\\\/\\\/secure.gravatar.com\\\/avatar\\\/d4fe7459cfc51ff5129ce1a732bbef5928568b8092d412ef95611616376bbeed?s=96&d=mm&r=g\",\"contentUrl\":\"https:\\\/\\\/secure.gravatar.com\\\/avatar\\\/d4fe7459cfc51ff5129ce1a732bbef5928568b8092d412ef95611616376bbeed?s=96&d=mm&r=g\",\"caption\":\"f1000024\"},\"url\":\"https:\\\/\\\/cvinoticias.com\\\/v3\\\/author\\\/f1000024\\\/\"}]}<\/script>\n<!-- \/ Yoast SEO plugin. -->","yoast_head_json":{"title":"Herrera Ahuad acompa\u00f1\u00f3 el reconocimiento a los profesionales que participaron en las olimpiadas m\u00e9dicas nacionales | CVI NOTICIAS","robots":{"index":"index","follow":"follow","max-snippet":"max-snippet:-1","max-image-preview":"max-image-preview:large","max-video-preview":"max-video-preview:-1"},"canonical":"https:\/\/cvinoticias.com\/v3\/herrera-ahuad-acompano-el-reconocimiento-a-los-profesionales-que-participaron-en-las-olimpiadas-medicas-nacionales\/","og_locale":"es_ES","og_type":"article","og_title":"Herrera Ahuad acompa\u00f1\u00f3 el reconocimiento a los profesionales que participaron en las olimpiadas m\u00e9dicas nacionales | CVI NOTICIAS","og_description":"El Gobernador recibi\u00f3 en el patio de la Casa de Gobierno a la delegaci\u00f3n de m\u00e9dicos misioneros que tuvo una destacada participaci\u00f3n en las Olimpiadas Medicas disputadas en Entre R\u00edos. En su discurso valor\u00f3 el compromiso de m\u00e9dicos y profesionales de la salud en su entrega a la comunidad. Tambi\u00e9n, adelant\u00f3 la posibilidad de organizar [&hellip;]","og_url":"https:\/\/cvinoticias.com\/v3\/herrera-ahuad-acompano-el-reconocimiento-a-los-profesionales-que-participaron-en-las-olimpiadas-medicas-nacionales\/","og_site_name":"CVI NOTICIAS","article_publisher":"https:\/\/www.facebook.com\/cvinoticias","article_published_time":"2021-10-30T03:36:04+00:00","og_image":[{"width":1080,"height":720,"url":"https:\/\/cvinoticias.com\/wp-content\/uploads\/2021\/10\/FB_IMG_1635564303016.jpg","type":"image\/jpeg"}],"author":"f1000024","twitter_card":"summary_large_image","twitter_misc":{"Escrito por":"f1000024","Tiempo de lectura":"4 minutos"},"schema":{"@context":"https:\/\/schema.org","@graph":[{"@type":"Article","@id":"https:\/\/cvinoticias.com\/v3\/herrera-ahuad-acompano-el-reconocimiento-a-los-profesionales-que-participaron-en-las-olimpiadas-medicas-nacionales\/#article","isPartOf":{"@id":"https:\/\/cvinoticias.com\/v3\/herrera-ahuad-acompano-el-reconocimiento-a-los-profesionales-que-participaron-en-las-olimpiadas-medicas-nacionales\/"},"author":{"name":"f1000024","@id":"https:\/\/cvinoticias.com\/v3\/#\/schema\/person\/2db77e3c6bc03c538495d7b2b8be9b66"},"headline":"Herrera Ahuad acompa\u00f1\u00f3 el reconocimiento a los profesionales que participaron en las olimpiadas m\u00e9dicas nacionales","datePublished":"2021-10-30T03:36:04+00:00","mainEntityOfPage":{"@id":"https:\/\/cvinoticias.com\/v3\/herrera-ahuad-acompano-el-reconocimiento-a-los-profesionales-que-participaron-en-las-olimpiadas-medicas-nacionales\/"},"wordCount":785,"commentCount":0,"publisher":{"@id":"https:\/\/cvinoticias.com\/v3\/#organization"},"image":{"@id":"https:\/\/cvinoticias.com\/v3\/herrera-ahuad-acompano-el-reconocimiento-a-los-profesionales-que-participaron-en-las-olimpiadas-medicas-nacionales\/#primaryimage"},"thumbnailUrl":"https:\/\/cvinoticias.com\/wp-content\/uploads\/2021\/10\/FB_IMG_1635564303016.jpg","articleSection":["Provinciales"],"inLanguage":"es","potentialAction":[{"@type":"CommentAction","name":"Comment","target":["https:\/\/cvinoticias.com\/v3\/herrera-ahuad-acompano-el-reconocimiento-a-los-profesionales-que-participaron-en-las-olimpiadas-medicas-nacionales\/#respond"]}]},{"@type":"WebPage","@id":"https:\/\/cvinoticias.com\/v3\/herrera-ahuad-acompano-el-reconocimiento-a-los-profesionales-que-participaron-en-las-olimpiadas-medicas-nacionales\/","url":"https:\/\/cvinoticias.com\/v3\/herrera-ahuad-acompano-el-reconocimiento-a-los-profesionales-que-participaron-en-las-olimpiadas-medicas-nacionales\/","name":"Herrera Ahuad acompa\u00f1\u00f3 el reconocimiento a los profesionales que participaron en las olimpiadas m\u00e9dicas nacionales | CVI NOTICIAS","isPartOf":{"@id":"https:\/\/cvinoticias.com\/v3\/#website"},"primaryImageOfPage":{"@id":"https:\/\/cvinoticias.com\/v3\/herrera-ahuad-acompano-el-reconocimiento-a-los-profesionales-que-participaron-en-las-olimpiadas-medicas-nacionales\/#primaryimage"},"image":{"@id":"https:\/\/cvinoticias.com\/v3\/herrera-ahuad-acompano-el-reconocimiento-a-los-profesionales-que-participaron-en-las-olimpiadas-medicas-nacionales\/#primaryimage"},"thumbnailUrl":"https:\/\/cvinoticias.com\/wp-content\/uploads\/2021\/10\/FB_IMG_1635564303016.jpg","datePublished":"2021-10-30T03:36:04+00:00","breadcrumb":{"@id":"https:\/\/cvinoticias.com\/v3\/herrera-ahuad-acompano-el-reconocimiento-a-los-profesionales-que-participaron-en-las-olimpiadas-medicas-nacionales\/#breadcrumb"},"inLanguage":"es","potentialAction":[{"@type":"ReadAction","target":["https:\/\/cvinoticias.com\/v3\/herrera-ahuad-acompano-el-reconocimiento-a-los-profesionales-que-participaron-en-las-olimpiadas-medicas-nacionales\/"]}]},{"@type":"ImageObject","inLanguage":"es","@id":"https:\/\/cvinoticias.com\/v3\/herrera-ahuad-acompano-el-reconocimiento-a-los-profesionales-que-participaron-en-las-olimpiadas-medicas-nacionales\/#primaryimage","url":"https:\/\/cvinoticias.com\/wp-content\/uploads\/2021\/10\/FB_IMG_1635564303016.jpg","contentUrl":"https:\/\/cvinoticias.com\/wp-content\/uploads\/2021\/10\/FB_IMG_1635564303016.jpg","width":1080,"height":720},{"@type":"BreadcrumbList","@id":"https:\/\/cvinoticias.com\/v3\/herrera-ahuad-acompano-el-reconocimiento-a-los-profesionales-que-participaron-en-las-olimpiadas-medicas-nacionales\/#breadcrumb","itemListElement":[{"@type":"ListItem","position":1,"name":"Portada","item":"https:\/\/cvinoticias.com\/v3\/"},{"@type":"ListItem","position":2,"name":"Herrera Ahuad acompa\u00f1\u00f3 el reconocimiento a los profesionales que participaron en las olimpiadas m\u00e9dicas nacionales"}]},{"@type":"WebSite","@id":"https:\/\/cvinoticias.com\/v3\/#website","url":"https:\/\/cvinoticias.com\/v3\/","name":"CVI NOTICIAS","description":"","publisher":{"@id":"https:\/\/cvinoticias.com\/v3\/#organization"},"alternateName":"CVI","potentialAction":[{"@type":"SearchAction","target":{"@type":"EntryPoint","urlTemplate":"https:\/\/cvinoticias.com\/v3\/?s={search_term_string}"},"query-input":{"@type":"PropertyValueSpecification","valueRequired":true,"valueName":"search_term_string"}}],"inLanguage":"es"},{"@type":"Organization","@id":"https:\/\/cvinoticias.com\/v3\/#organization","name":"CVI NOTICIAS","url":"https:\/\/cvinoticias.com\/v3\/","logo":{"@type":"ImageObject","inLanguage":"es","@id":"https:\/\/cvinoticias.com\/v3\/#\/schema\/logo\/image\/","url":"https:\/\/cvinoticias.com\/wp-content\/uploads\/2023\/04\/cropped-cropped-cropped-cropped-cropped-3-1.png","contentUrl":"https:\/\/cvinoticias.com\/wp-content\/uploads\/2023\/04\/cropped-cropped-cropped-cropped-cropped-3-1.png","width":95,"height":122,"caption":"CVI NOTICIAS"},"image":{"@id":"https:\/\/cvinoticias.com\/v3\/#\/schema\/logo\/image\/"},"sameAs":["https:\/\/www.facebook.com\/cvinoticias","https:\/\/www.instagram.com\/cvinoticias\/","https:\/\/www.youtube.com\/@CVINOTICIAS"]},{"@type":"Person","@id":"https:\/\/cvinoticias.com\/v3\/#\/schema\/person\/2db77e3c6bc03c538495d7b2b8be9b66","name":"f1000024","image":{"@type":"ImageObject","inLanguage":"es","@id":"https:\/\/secure.gravatar.com\/avatar\/d4fe7459cfc51ff5129ce1a732bbef5928568b8092d412ef95611616376bbeed?s=96&d=mm&r=g","url":"https:\/\/secure.gravatar.com\/avatar\/d4fe7459cfc51ff5129ce1a732bbef5928568b8092d412ef95611616376bbeed?s=96&d=mm&r=g","contentUrl":"https:\/\/secure.gravatar.com\/avatar\/d4fe7459cfc51ff5129ce1a732bbef5928568b8092d412ef95611616376bbeed?s=96&d=mm&r=g","caption":"f1000024"},"url":"https:\/\/cvinoticias.com\/v3\/author\/f1000024\/"}]}},"_links":{"self":[{"href":"https:\/\/cvinoticias.com\/v3\/wp-json\/wp\/v2\/posts\/10102","targetHints":{"allow":["GET"]}}],"collection":[{"href":"https:\/\/cvinoticias.com\/v3\/wp-json\/wp\/v2\/posts"}],"about":[{"href":"https:\/\/cvinoticias.com\/v3\/wp-json\/wp\/v2\/types\/post"}],"author":[{"embeddable":true,"href":"https:\/\/cvinoticias.com\/v3\/wp-json\/wp\/v2\/users\/2"}],"replies":[{"embeddable":true,"href":"https:\/\/cvinoticias.com\/v3\/wp-json\/wp\/v2\/comments?post=10102"}],"version-history":[{"count":1,"href":"https:\/\/cvinoticias.com\/v3\/wp-json\/wp\/v2\/posts\/10102\/revisions"}],"predecessor-version":[{"id":10107,"href":"https:\/\/cvinoticias.com\/v3\/wp-json\/wp\/v2\/posts\/10102\/revisions\/10107"}],"wp:featuredmedia":[{"embeddable":true,"href":"https:\/\/cvinoticias.com\/v3\/wp-json\/wp\/v2\/media\/10106"}],"wp:attachment":[{"href":"https:\/\/cvinoticias.com\/v3\/wp-json\/wp\/v2\/media?parent=10102"}],"wp:term":[{"taxonomy":"category","embeddable":true,"href":"https:\/\/cvinoticias.com\/v3\/wp-json\/wp\/v2\/categories?post=10102"},{"taxonomy":"post_tag","embeddable":true,"href":"https:\/\/cvinoticias.com\/v3\/wp-json\/wp\/v2\/tags?post=10102"}],"curies":[{"name":"wp","href":"https:\/\/api.w.org\/{rel}","templated":true}]}}