{"id":10074,"date":"2021-10-29T04:18:47","date_gmt":"2021-10-29T04:18:47","guid":{"rendered":"https:\/\/cvinoticias.com\/v3\/?p=10074"},"modified":"2021-10-29T04:18:47","modified_gmt":"2021-10-29T04:18:47","slug":"facebook-cambia-de-nombre-y-deja-de-ser-solo-una-red-social","status":"publish","type":"post","link":"https:\/\/cvinoticias.com\/v3\/facebook-cambia-de-nombre-y-deja-de-ser-solo-una-red-social\/","title":{"rendered":"Facebook cambia de nombre y deja de ser solo una red social"},"content":{"rendered":"\n<p><em><strong>Mark Zuckerberg anunci\u00f3 cambios en la plataforma y adelant\u00f3 que \u00aben lugar de im\u00e1genes est\u00e1ticas vamos a vivir con im\u00e1genes representativas de nosotros\u00bb; adelant\u00f3 c\u00f3mo ser\u00e1 el cambio de estrategia de negocios que plantean para Facebook, la cual comenzar\u00e1 con un cambio en el nombre de la plataforma.<\/strong><\/em><\/p>\n\n\n\n<p>El CEO de la multinacional, explic\u00f3 durante la octava edici\u00f3n de Connect que Facebook dejar\u00e1 de ser una red social para convertirse en un \u00abmetaverso\u00bb y \u00aben lugar de im\u00e1genes est\u00e1ticas vamos a vivir con im\u00e1genes representativas de nosotros. Ser\u00e1 mucho m\u00e1s rico que las experiencias que tenemos hoy\u00bb, adelant\u00f3.<\/p>\n\n\n\n<p>Este jueves, Mark Zuckerberg adelant\u00f3 c\u00f3mo ser\u00e1 el cambio de estrategia de negocios que plantean para Facebook, la cual comenzar\u00e1 con un cambio en el nombre de la plataforma.<ins><\/ins><\/p>\n\n\n\n<p>En ese sentido, explic\u00f3: \u00abHablamos de un internet corp\u00f3reo: en lugar de mirar una pantalla, estaremos \u2018dentro\u2019. Ser\u00e1 m\u00e1s natural y v\u00edvido: las pantallas no pueden conectar la experiencia humana completa, no pueden brindar la idea de la presencia. Con esta nueva tecnolog\u00eda s\u00ed se podr\u00e1: de eso se trata el metaverso\u00bb.<\/p>\n\n\n\n<p>De esta manera, Zuckerberg busca ampliar su negocio por fuera de las redes sociales y para ello cambiar\u00e1 el nombre de Facebook a \u00abMETA Facebook\u00bb.<\/p>\n\n\n\n<p>\u201cHoy somos vistos como una empresa de redes sociales, pero en nuestro ADN somos una empresa que crea tecnolog\u00eda para conectar a las personas, y el metaverso es la pr\u00f3xima frontera, al igual que las redes sociales cuando comenzamos\u201d, dijo Zuckerberg.<\/p>\n\n\n\n<h3 class=\"wp-block-heading\"><strong>\u00bfY qu\u00e9 es el Metaverso?<\/strong><\/h3>\n\n\n\n<p>Con el \u00abmetaverso\u00bb, Zuckerberg plantea una realidad bidimensional y aumentada para los 3 mil millones de usuarios activos en Facebook, quienes ser\u00e1n representados en la plataforma como un avatar.<\/p>\n\n\n\n<p>\u201cSi est\u00e1s en el metaverso todos los d\u00edas, necesitar\u00e1s ropa y herramientas digitales, y diferentes experiencias\u201d, explic\u00f3 Zuckerberg, quien indic\u00f3 que el metaverso brindar\u00e1 oportunidades de comercio, adem\u00e1s de la experiencia de intercambio social.<\/p>\n\n\n\n<p>En el metaverso tambi\u00e9n habr\u00e1 una gran variedad de videojuegos. \u00abLos juegos son el lugar donde una gran cantidad de personas experimentar\u00e1n la Metaverso por primera vez\u00bb, dijo Zuckerberg.<\/p>\n\n\n\n<p>Seg\u00fan el CEO de Facebook, los anteojos de realidad virtual deber\u00edan cambiar la forma en que trabajamos, practicamos deportes y nos divertimos. Incluso propuso \u201cviajar\u201d sin pasar por el aeropuerto o incluso visitar ciudades en otras \u00e9pocas de la historia.<\/p>\n","protected":false},"excerpt":{"rendered":"<p>Mark Zuckerberg anunci\u00f3 cambios en la plataforma y adelant\u00f3 que \u00aben lugar de im\u00e1genes est\u00e1ticas vamos a vivir con im\u00e1genes representativas de nosotros\u00bb; adelant\u00f3 c\u00f3mo ser\u00e1 el cambio de estrategia de negocios que plantean para Facebook, la cual comenzar\u00e1 con un cambio en el nombre de la plataforma. El CEO de la multinacional, explic\u00f3 durante [&hellip;]<\/p>\n","protected":false},"author":2,"featured_media":10075,"comment_status":"open","ping_status":"open","sticky":false,"template":"","format":"standard","meta":{"footnotes":""},"categories":[424],"tags":[],"class_list":["post-10074","post","type-post","status-publish","format-standard","has-post-thumbnail","hentry","category-tecnologia"],"yoast_head":"<!-- This site is optimized with the Yoast SEO plugin v27.4 - https:\/\/yoast.com\/product\/yoast-seo-wordpress\/ -->\n<title>Facebook cambia de nombre y deja de ser solo una red social | CVI NOTICIAS<\/title>\n<meta name=\"robots\" content=\"index, follow, max-snippet:-1, max-image-preview:large, max-video-preview:-1\" \/>\n<link rel=\"canonical\" href=\"https:\/\/cvinoticias.com\/v3\/facebook-cambia-de-nombre-y-deja-de-ser-solo-una-red-social\/\" \/>\n<meta property=\"og:locale\" content=\"es_ES\" \/>\n<meta property=\"og:type\" content=\"article\" \/>\n<meta property=\"og:title\" content=\"Facebook cambia de nombre y deja de ser solo una red social | CVI NOTICIAS\" \/>\n<meta property=\"og:description\" content=\"Mark Zuckerberg anunci\u00f3 cambios en la plataforma y adelant\u00f3 que \u00aben lugar de im\u00e1genes est\u00e1ticas vamos a vivir con im\u00e1genes representativas de nosotros\u00bb; adelant\u00f3 c\u00f3mo ser\u00e1 el cambio de estrategia de negocios que plantean para Facebook, la cual comenzar\u00e1 con un cambio en el nombre de la plataforma. El CEO de la multinacional, explic\u00f3 durante [&hellip;]\" \/>\n<meta property=\"og:url\" content=\"https:\/\/cvinoticias.com\/v3\/facebook-cambia-de-nombre-y-deja-de-ser-solo-una-red-social\/\" \/>\n<meta property=\"og:site_name\" content=\"CVI NOTICIAS\" \/>\n<meta property=\"article:publisher\" content=\"https:\/\/www.facebook.com\/cvinoticias\" \/>\n<meta property=\"article:published_time\" content=\"2021-10-29T04:18:47+00:00\" \/>\n<meta property=\"og:image\" content=\"https:\/\/cvinoticias.com\/wp-content\/uploads\/2021\/10\/images-13-1.jpeg\" \/>\n\t<meta property=\"og:image:width\" content=\"293\" \/>\n\t<meta property=\"og:image:height\" content=\"172\" \/>\n\t<meta property=\"og:image:type\" content=\"image\/jpeg\" \/>\n<meta name=\"author\" content=\"f1000024\" \/>\n<meta name=\"twitter:card\" content=\"summary_large_image\" \/>\n<meta name=\"twitter:label1\" content=\"Escrito por\" \/>\n\t<meta name=\"twitter:data1\" content=\"f1000024\" \/>\n\t<meta name=\"twitter:label2\" content=\"Tiempo de lectura\" \/>\n\t<meta name=\"twitter:data2\" content=\"2 minutos\" \/>\n<script type=\"application\/ld+json\" class=\"yoast-schema-graph\">{\"@context\":\"https:\\\/\\\/schema.org\",\"@graph\":[{\"@type\":\"Article\",\"@id\":\"https:\\\/\\\/cvinoticias.com\\\/v3\\\/facebook-cambia-de-nombre-y-deja-de-ser-solo-una-red-social\\\/#article\",\"isPartOf\":{\"@id\":\"https:\\\/\\\/cvinoticias.com\\\/v3\\\/facebook-cambia-de-nombre-y-deja-de-ser-solo-una-red-social\\\/\"},\"author\":{\"name\":\"f1000024\",\"@id\":\"https:\\\/\\\/cvinoticias.com\\\/v3\\\/#\\\/schema\\\/person\\\/2db77e3c6bc03c538495d7b2b8be9b66\"},\"headline\":\"Facebook cambia de nombre y deja de ser solo una red social\",\"datePublished\":\"2021-10-29T04:18:47+00:00\",\"mainEntityOfPage\":{\"@id\":\"https:\\\/\\\/cvinoticias.com\\\/v3\\\/facebook-cambia-de-nombre-y-deja-de-ser-solo-una-red-social\\\/\"},\"wordCount\":418,\"commentCount\":0,\"publisher\":{\"@id\":\"https:\\\/\\\/cvinoticias.com\\\/v3\\\/#organization\"},\"image\":{\"@id\":\"https:\\\/\\\/cvinoticias.com\\\/v3\\\/facebook-cambia-de-nombre-y-deja-de-ser-solo-una-red-social\\\/#primaryimage\"},\"thumbnailUrl\":\"https:\\\/\\\/cvinoticias.com\\\/wp-content\\\/uploads\\\/2021\\\/10\\\/images-13-1.jpeg\",\"articleSection\":[\"Tecnolog\u00eda\"],\"inLanguage\":\"es\",\"potentialAction\":[{\"@type\":\"CommentAction\",\"name\":\"Comment\",\"target\":[\"https:\\\/\\\/cvinoticias.com\\\/v3\\\/facebook-cambia-de-nombre-y-deja-de-ser-solo-una-red-social\\\/#respond\"]}]},{\"@type\":\"WebPage\",\"@id\":\"https:\\\/\\\/cvinoticias.com\\\/v3\\\/facebook-cambia-de-nombre-y-deja-de-ser-solo-una-red-social\\\/\",\"url\":\"https:\\\/\\\/cvinoticias.com\\\/v3\\\/facebook-cambia-de-nombre-y-deja-de-ser-solo-una-red-social\\\/\",\"name\":\"Facebook cambia de nombre y deja de ser solo una red social | CVI NOTICIAS\",\"isPartOf\":{\"@id\":\"https:\\\/\\\/cvinoticias.com\\\/v3\\\/#website\"},\"primaryImageOfPage\":{\"@id\":\"https:\\\/\\\/cvinoticias.com\\\/v3\\\/facebook-cambia-de-nombre-y-deja-de-ser-solo-una-red-social\\\/#primaryimage\"},\"image\":{\"@id\":\"https:\\\/\\\/cvinoticias.com\\\/v3\\\/facebook-cambia-de-nombre-y-deja-de-ser-solo-una-red-social\\\/#primaryimage\"},\"thumbnailUrl\":\"https:\\\/\\\/cvinoticias.com\\\/wp-content\\\/uploads\\\/2021\\\/10\\\/images-13-1.jpeg\",\"datePublished\":\"2021-10-29T04:18:47+00:00\",\"breadcrumb\":{\"@id\":\"https:\\\/\\\/cvinoticias.com\\\/v3\\\/facebook-cambia-de-nombre-y-deja-de-ser-solo-una-red-social\\\/#breadcrumb\"},\"inLanguage\":\"es\",\"potentialAction\":[{\"@type\":\"ReadAction\",\"target\":[\"https:\\\/\\\/cvinoticias.com\\\/v3\\\/facebook-cambia-de-nombre-y-deja-de-ser-solo-una-red-social\\\/\"]}]},{\"@type\":\"ImageObject\",\"inLanguage\":\"es\",\"@id\":\"https:\\\/\\\/cvinoticias.com\\\/v3\\\/facebook-cambia-de-nombre-y-deja-de-ser-solo-una-red-social\\\/#primaryimage\",\"url\":\"https:\\\/\\\/cvinoticias.com\\\/wp-content\\\/uploads\\\/2021\\\/10\\\/images-13-1.jpeg\",\"contentUrl\":\"https:\\\/\\\/cvinoticias.com\\\/wp-content\\\/uploads\\\/2021\\\/10\\\/images-13-1.jpeg\",\"width\":293,\"height\":172},{\"@type\":\"BreadcrumbList\",\"@id\":\"https:\\\/\\\/cvinoticias.com\\\/v3\\\/facebook-cambia-de-nombre-y-deja-de-ser-solo-una-red-social\\\/#breadcrumb\",\"itemListElement\":[{\"@type\":\"ListItem\",\"position\":1,\"name\":\"Portada\",\"item\":\"https:\\\/\\\/cvinoticias.com\\\/v3\\\/\"},{\"@type\":\"ListItem\",\"position\":2,\"name\":\"Facebook cambia de nombre y deja de ser solo una red social\"}]},{\"@type\":\"WebSite\",\"@id\":\"https:\\\/\\\/cvinoticias.com\\\/v3\\\/#website\",\"url\":\"https:\\\/\\\/cvinoticias.com\\\/v3\\\/\",\"name\":\"CVI NOTICIAS\",\"description\":\"\",\"publisher\":{\"@id\":\"https:\\\/\\\/cvinoticias.com\\\/v3\\\/#organization\"},\"alternateName\":\"CVI\",\"potentialAction\":[{\"@type\":\"SearchAction\",\"target\":{\"@type\":\"EntryPoint\",\"urlTemplate\":\"https:\\\/\\\/cvinoticias.com\\\/v3\\\/?s={search_term_string}\"},\"query-input\":{\"@type\":\"PropertyValueSpecification\",\"valueRequired\":true,\"valueName\":\"search_term_string\"}}],\"inLanguage\":\"es\"},{\"@type\":\"Organization\",\"@id\":\"https:\\\/\\\/cvinoticias.com\\\/v3\\\/#organization\",\"name\":\"CVI NOTICIAS\",\"url\":\"https:\\\/\\\/cvinoticias.com\\\/v3\\\/\",\"logo\":{\"@type\":\"ImageObject\",\"inLanguage\":\"es\",\"@id\":\"https:\\\/\\\/cvinoticias.com\\\/v3\\\/#\\\/schema\\\/logo\\\/image\\\/\",\"url\":\"https:\\\/\\\/cvinoticias.com\\\/wp-content\\\/uploads\\\/2023\\\/04\\\/cropped-cropped-cropped-cropped-cropped-3-1.png\",\"contentUrl\":\"https:\\\/\\\/cvinoticias.com\\\/wp-content\\\/uploads\\\/2023\\\/04\\\/cropped-cropped-cropped-cropped-cropped-3-1.png\",\"width\":95,\"height\":122,\"caption\":\"CVI NOTICIAS\"},\"image\":{\"@id\":\"https:\\\/\\\/cvinoticias.com\\\/v3\\\/#\\\/schema\\\/logo\\\/image\\\/\"},\"sameAs\":[\"https:\\\/\\\/www.facebook.com\\\/cvinoticias\",\"https:\\\/\\\/www.instagram.com\\\/cvinoticias\\\/\",\"https:\\\/\\\/www.youtube.com\\\/@CVINOTICIAS\"]},{\"@type\":\"Person\",\"@id\":\"https:\\\/\\\/cvinoticias.com\\\/v3\\\/#\\\/schema\\\/person\\\/2db77e3c6bc03c538495d7b2b8be9b66\",\"name\":\"f1000024\",\"image\":{\"@type\":\"ImageObject\",\"inLanguage\":\"es\",\"@id\":\"https:\\\/\\\/secure.gravatar.com\\\/avatar\\\/d4fe7459cfc51ff5129ce1a732bbef5928568b8092d412ef95611616376bbeed?s=96&d=mm&r=g\",\"url\":\"https:\\\/\\\/secure.gravatar.com\\\/avatar\\\/d4fe7459cfc51ff5129ce1a732bbef5928568b8092d412ef95611616376bbeed?s=96&d=mm&r=g\",\"contentUrl\":\"https:\\\/\\\/secure.gravatar.com\\\/avatar\\\/d4fe7459cfc51ff5129ce1a732bbef5928568b8092d412ef95611616376bbeed?s=96&d=mm&r=g\",\"caption\":\"f1000024\"},\"url\":\"https:\\\/\\\/cvinoticias.com\\\/v3\\\/author\\\/f1000024\\\/\"}]}<\/script>\n<!-- \/ Yoast SEO plugin. -->","yoast_head_json":{"title":"Facebook cambia de nombre y deja de ser solo una red social | CVI NOTICIAS","robots":{"index":"index","follow":"follow","max-snippet":"max-snippet:-1","max-image-preview":"max-image-preview:large","max-video-preview":"max-video-preview:-1"},"canonical":"https:\/\/cvinoticias.com\/v3\/facebook-cambia-de-nombre-y-deja-de-ser-solo-una-red-social\/","og_locale":"es_ES","og_type":"article","og_title":"Facebook cambia de nombre y deja de ser solo una red social | CVI NOTICIAS","og_description":"Mark Zuckerberg anunci\u00f3 cambios en la plataforma y adelant\u00f3 que \u00aben lugar de im\u00e1genes est\u00e1ticas vamos a vivir con im\u00e1genes representativas de nosotros\u00bb; adelant\u00f3 c\u00f3mo ser\u00e1 el cambio de estrategia de negocios que plantean para Facebook, la cual comenzar\u00e1 con un cambio en el nombre de la plataforma. El CEO de la multinacional, explic\u00f3 durante [&hellip;]","og_url":"https:\/\/cvinoticias.com\/v3\/facebook-cambia-de-nombre-y-deja-de-ser-solo-una-red-social\/","og_site_name":"CVI NOTICIAS","article_publisher":"https:\/\/www.facebook.com\/cvinoticias","article_published_time":"2021-10-29T04:18:47+00:00","og_image":[{"width":293,"height":172,"url":"https:\/\/cvinoticias.com\/wp-content\/uploads\/2021\/10\/images-13-1.jpeg","type":"image\/jpeg"}],"author":"f1000024","twitter_card":"summary_large_image","twitter_misc":{"Escrito por":"f1000024","Tiempo de lectura":"2 minutos"},"schema":{"@context":"https:\/\/schema.org","@graph":[{"@type":"Article","@id":"https:\/\/cvinoticias.com\/v3\/facebook-cambia-de-nombre-y-deja-de-ser-solo-una-red-social\/#article","isPartOf":{"@id":"https:\/\/cvinoticias.com\/v3\/facebook-cambia-de-nombre-y-deja-de-ser-solo-una-red-social\/"},"author":{"name":"f1000024","@id":"https:\/\/cvinoticias.com\/v3\/#\/schema\/person\/2db77e3c6bc03c538495d7b2b8be9b66"},"headline":"Facebook cambia de nombre y deja de ser solo una red social","datePublished":"2021-10-29T04:18:47+00:00","mainEntityOfPage":{"@id":"https:\/\/cvinoticias.com\/v3\/facebook-cambia-de-nombre-y-deja-de-ser-solo-una-red-social\/"},"wordCount":418,"commentCount":0,"publisher":{"@id":"https:\/\/cvinoticias.com\/v3\/#organization"},"image":{"@id":"https:\/\/cvinoticias.com\/v3\/facebook-cambia-de-nombre-y-deja-de-ser-solo-una-red-social\/#primaryimage"},"thumbnailUrl":"https:\/\/cvinoticias.com\/wp-content\/uploads\/2021\/10\/images-13-1.jpeg","articleSection":["Tecnolog\u00eda"],"inLanguage":"es","potentialAction":[{"@type":"CommentAction","name":"Comment","target":["https:\/\/cvinoticias.com\/v3\/facebook-cambia-de-nombre-y-deja-de-ser-solo-una-red-social\/#respond"]}]},{"@type":"WebPage","@id":"https:\/\/cvinoticias.com\/v3\/facebook-cambia-de-nombre-y-deja-de-ser-solo-una-red-social\/","url":"https:\/\/cvinoticias.com\/v3\/facebook-cambia-de-nombre-y-deja-de-ser-solo-una-red-social\/","name":"Facebook cambia de nombre y deja de ser solo una red social | CVI NOTICIAS","isPartOf":{"@id":"https:\/\/cvinoticias.com\/v3\/#website"},"primaryImageOfPage":{"@id":"https:\/\/cvinoticias.com\/v3\/facebook-cambia-de-nombre-y-deja-de-ser-solo-una-red-social\/#primaryimage"},"image":{"@id":"https:\/\/cvinoticias.com\/v3\/facebook-cambia-de-nombre-y-deja-de-ser-solo-una-red-social\/#primaryimage"},"thumbnailUrl":"https:\/\/cvinoticias.com\/wp-content\/uploads\/2021\/10\/images-13-1.jpeg","datePublished":"2021-10-29T04:18:47+00:00","breadcrumb":{"@id":"https:\/\/cvinoticias.com\/v3\/facebook-cambia-de-nombre-y-deja-de-ser-solo-una-red-social\/#breadcrumb"},"inLanguage":"es","potentialAction":[{"@type":"ReadAction","target":["https:\/\/cvinoticias.com\/v3\/facebook-cambia-de-nombre-y-deja-de-ser-solo-una-red-social\/"]}]},{"@type":"ImageObject","inLanguage":"es","@id":"https:\/\/cvinoticias.com\/v3\/facebook-cambia-de-nombre-y-deja-de-ser-solo-una-red-social\/#primaryimage","url":"https:\/\/cvinoticias.com\/wp-content\/uploads\/2021\/10\/images-13-1.jpeg","contentUrl":"https:\/\/cvinoticias.com\/wp-content\/uploads\/2021\/10\/images-13-1.jpeg","width":293,"height":172},{"@type":"BreadcrumbList","@id":"https:\/\/cvinoticias.com\/v3\/facebook-cambia-de-nombre-y-deja-de-ser-solo-una-red-social\/#breadcrumb","itemListElement":[{"@type":"ListItem","position":1,"name":"Portada","item":"https:\/\/cvinoticias.com\/v3\/"},{"@type":"ListItem","position":2,"name":"Facebook cambia de nombre y deja de ser solo una red social"}]},{"@type":"WebSite","@id":"https:\/\/cvinoticias.com\/v3\/#website","url":"https:\/\/cvinoticias.com\/v3\/","name":"CVI NOTICIAS","description":"","publisher":{"@id":"https:\/\/cvinoticias.com\/v3\/#organization"},"alternateName":"CVI","potentialAction":[{"@type":"SearchAction","target":{"@type":"EntryPoint","urlTemplate":"https:\/\/cvinoticias.com\/v3\/?s={search_term_string}"},"query-input":{"@type":"PropertyValueSpecification","valueRequired":true,"valueName":"search_term_string"}}],"inLanguage":"es"},{"@type":"Organization","@id":"https:\/\/cvinoticias.com\/v3\/#organization","name":"CVI NOTICIAS","url":"https:\/\/cvinoticias.com\/v3\/","logo":{"@type":"ImageObject","inLanguage":"es","@id":"https:\/\/cvinoticias.com\/v3\/#\/schema\/logo\/image\/","url":"https:\/\/cvinoticias.com\/wp-content\/uploads\/2023\/04\/cropped-cropped-cropped-cropped-cropped-3-1.png","contentUrl":"https:\/\/cvinoticias.com\/wp-content\/uploads\/2023\/04\/cropped-cropped-cropped-cropped-cropped-3-1.png","width":95,"height":122,"caption":"CVI NOTICIAS"},"image":{"@id":"https:\/\/cvinoticias.com\/v3\/#\/schema\/logo\/image\/"},"sameAs":["https:\/\/www.facebook.com\/cvinoticias","https:\/\/www.instagram.com\/cvinoticias\/","https:\/\/www.youtube.com\/@CVINOTICIAS"]},{"@type":"Person","@id":"https:\/\/cvinoticias.com\/v3\/#\/schema\/person\/2db77e3c6bc03c538495d7b2b8be9b66","name":"f1000024","image":{"@type":"ImageObject","inLanguage":"es","@id":"https:\/\/secure.gravatar.com\/avatar\/d4fe7459cfc51ff5129ce1a732bbef5928568b8092d412ef95611616376bbeed?s=96&d=mm&r=g","url":"https:\/\/secure.gravatar.com\/avatar\/d4fe7459cfc51ff5129ce1a732bbef5928568b8092d412ef95611616376bbeed?s=96&d=mm&r=g","contentUrl":"https:\/\/secure.gravatar.com\/avatar\/d4fe7459cfc51ff5129ce1a732bbef5928568b8092d412ef95611616376bbeed?s=96&d=mm&r=g","caption":"f1000024"},"url":"https:\/\/cvinoticias.com\/v3\/author\/f1000024\/"}]}},"_links":{"self":[{"href":"https:\/\/cvinoticias.com\/v3\/wp-json\/wp\/v2\/posts\/10074","targetHints":{"allow":["GET"]}}],"collection":[{"href":"https:\/\/cvinoticias.com\/v3\/wp-json\/wp\/v2\/posts"}],"about":[{"href":"https:\/\/cvinoticias.com\/v3\/wp-json\/wp\/v2\/types\/post"}],"author":[{"embeddable":true,"href":"https:\/\/cvinoticias.com\/v3\/wp-json\/wp\/v2\/users\/2"}],"replies":[{"embeddable":true,"href":"https:\/\/cvinoticias.com\/v3\/wp-json\/wp\/v2\/comments?post=10074"}],"version-history":[{"count":1,"href":"https:\/\/cvinoticias.com\/v3\/wp-json\/wp\/v2\/posts\/10074\/revisions"}],"predecessor-version":[{"id":10076,"href":"https:\/\/cvinoticias.com\/v3\/wp-json\/wp\/v2\/posts\/10074\/revisions\/10076"}],"wp:featuredmedia":[{"embeddable":true,"href":"https:\/\/cvinoticias.com\/v3\/wp-json\/wp\/v2\/media\/10075"}],"wp:attachment":[{"href":"https:\/\/cvinoticias.com\/v3\/wp-json\/wp\/v2\/media?parent=10074"}],"wp:term":[{"taxonomy":"category","embeddable":true,"href":"https:\/\/cvinoticias.com\/v3\/wp-json\/wp\/v2\/categories?post=10074"},{"taxonomy":"post_tag","embeddable":true,"href":"https:\/\/cvinoticias.com\/v3\/wp-json\/wp\/v2\/tags?post=10074"}],"curies":[{"name":"wp","href":"https:\/\/api.w.org\/{rel}","templated":true}]}}