{"id":10068,"date":"2021-10-29T03:06:32","date_gmt":"2021-10-29T03:06:32","guid":{"rendered":"https:\/\/cvinoticias.com\/v3\/?p=10068"},"modified":"2021-10-29T03:14:45","modified_gmt":"2021-10-29T03:14:45","slug":"hoy-se-cumplen-15-anos-de-que-el-obispo-joaquin-pina-freno-la-reeleccion-indefinida","status":"publish","type":"post","link":"https:\/\/cvinoticias.com\/v3\/hoy-se-cumplen-15-anos-de-que-el-obispo-joaquin-pina-freno-la-reeleccion-indefinida\/","title":{"rendered":"Hoy se cumplen 15 a\u00f1os de que el obispo em\u00e9rito Joaqu\u00edn Pi\u00f1a, fren\u00f3 la reelecci\u00f3n indefinida"},"content":{"rendered":"\n<p><em><strong>Hoy 29 de octubre, se cumplen 15 a\u00f1os del plebiscito hist\u00f3rico mediante el cual los misioneros le dijeron NO a la reelecci\u00f3n indefinida que pretend\u00eda el gobernador de entonces, Carlos Rovira, modificando la Constituci\u00f3n.<\/strong><\/em><\/p>\n\n\n\n<p>La historia se remonta al 2006, cuando el religioso catal\u00e1n encabez\u00f3 la coalici\u00f3n c\u00edvica que evit\u00f3 la reforma de la Constituci\u00f3n de la provincia de Misiones, el Frente Unidos por la Dignidad (FUD) que compiti\u00f3 en una elecci\u00f3n provincial de constituyentes, que buscaba imponer la reelecci\u00f3n indefinida del entonces gobernador de la provincia de Misiones y aliado de Kirchner,<br>Carlos Rovira. No obstante, \u00e9ste sigui\u00f3 manejando las riendas de la Provincia desde el sill\u00f3n m\u00e1ximo de la legislatura.<\/p>\n\n\n\n<p>En ese entonces, la candidatura de Pi\u00f1a, que sosten\u00eda como lema episcopal \u00abpara servir\u00bb hab\u00eda sido bendecida por el actual Papa Francisco, exarzobispo de Buenos Aires,&nbsp;Jorge Bergoglio.&nbsp;\u00abQue yo sepa Dios no tiene partido\u00bb, ironiz\u00f3 el exmandatario fallecido durante un acto en Misiones, al apoyar la reelecci\u00f3n indefinida de Rovira, mientras del otro lado, en el Episcopado, se llamaron a silencio, confiados en la victoria en las urnas.<\/p>\n\n\n\n<p>El sitio oficial del gobierno inform\u00f3, en su momento que, escrutadas el 98 por ciento de las mesas, la lista opositora lograba 247.247 votos, es decir el 56,57 por ciento y 20 convencionales. En tanto, el oficialismo juntaba 189.809 sufragios, el 43,43 por ciento y 15 constituyentes, con una n\u00f3mina que encabez\u00f3 Viviana Rovira, prima del gobernador.<\/p>\n\n\n\n<p>\u201cCon el voto, la sociedad misionera le dijo s\u00ed a una forma de vida democr\u00e1tica y le dio un no a un proyecto dictatorial\u201d, remat\u00f3 Brignole, que fue el primer renovador en patear el tablero y salir a apoyar al FUD.<\/p>\n\n\n\n<p>Aunque hab\u00eda sido cr\u00edtico de las pol\u00edticas del menemismo en los &#8217;90 y de los gobiernos pejotistas de Ram\u00f3n Puerta y Rovira, esa elecci\u00f3n consagr\u00f3 a Pi\u00f1a al triunfo y al retiro. Desde ese entonces se radic\u00f3 puertas a dentro en la comunidad jesu\u00edtica de Posadas.<\/p>\n\n\n\n<p>Las ruedas de prensa, la campa\u00f1a, las caminatas y la exposici\u00f3n lo hab\u00edan agotado.&nbsp;\u00abNo me arrepiento de nada. Doy gracias a Dios por haber prestado un servicio a la Patria y a la Iglesia\u00bb, asegur\u00f3 Pi\u00f1a tras la victoria.<\/p>\n","protected":false},"excerpt":{"rendered":"<p>Hoy 29 de octubre, se cumplen 15 a\u00f1os del plebiscito hist\u00f3rico mediante el cual los misioneros le dijeron NO a la reelecci\u00f3n indefinida que pretend\u00eda el gobernador de entonces, Carlos Rovira, modificando la Constituci\u00f3n. La historia se remonta al 2006, cuando el religioso catal\u00e1n encabez\u00f3 la coalici\u00f3n c\u00edvica que evit\u00f3 la reforma de la Constituci\u00f3n [&hellip;]<\/p>\n","protected":false},"author":2,"featured_media":10069,"comment_status":"open","ping_status":"open","sticky":false,"template":"","format":"standard","meta":{"footnotes":""},"categories":[42,47],"tags":[],"class_list":["post-10068","post","type-post","status-publish","format-standard","has-post-thumbnail","hentry","category-politica","category-sociedad"],"yoast_head":"<!-- This site is optimized with the Yoast SEO plugin v27.5 - https:\/\/yoast.com\/product\/yoast-seo-wordpress\/ -->\n<title>Hoy se cumplen 15 a\u00f1os de que el obispo em\u00e9rito Joaqu\u00edn Pi\u00f1a, fren\u00f3 la reelecci\u00f3n indefinida | CVI NOTICIAS<\/title>\n<meta name=\"robots\" content=\"index, follow, max-snippet:-1, max-image-preview:large, max-video-preview:-1\" \/>\n<link rel=\"canonical\" href=\"https:\/\/cvinoticias.com\/v3\/hoy-se-cumplen-15-anos-de-que-el-obispo-joaquin-pina-freno-la-reeleccion-indefinida\/\" \/>\n<meta property=\"og:locale\" content=\"es_ES\" \/>\n<meta property=\"og:type\" content=\"article\" \/>\n<meta property=\"og:title\" content=\"Hoy se cumplen 15 a\u00f1os de que el obispo em\u00e9rito Joaqu\u00edn Pi\u00f1a, fren\u00f3 la reelecci\u00f3n indefinida | CVI NOTICIAS\" \/>\n<meta property=\"og:description\" content=\"Hoy 29 de octubre, se cumplen 15 a\u00f1os del plebiscito hist\u00f3rico mediante el cual los misioneros le dijeron NO a la reelecci\u00f3n indefinida que pretend\u00eda el gobernador de entonces, Carlos Rovira, modificando la Constituci\u00f3n. La historia se remonta al 2006, cuando el religioso catal\u00e1n encabez\u00f3 la coalici\u00f3n c\u00edvica que evit\u00f3 la reforma de la Constituci\u00f3n [&hellip;]\" \/>\n<meta property=\"og:url\" content=\"https:\/\/cvinoticias.com\/v3\/hoy-se-cumplen-15-anos-de-que-el-obispo-joaquin-pina-freno-la-reeleccion-indefinida\/\" \/>\n<meta property=\"og:site_name\" content=\"CVI NOTICIAS\" \/>\n<meta property=\"article:publisher\" content=\"https:\/\/www.facebook.com\/cvinoticias\" \/>\n<meta property=\"article:published_time\" content=\"2021-10-29T03:06:32+00:00\" \/>\n<meta property=\"article:modified_time\" content=\"2021-10-29T03:14:45+00:00\" \/>\n<meta property=\"og:image\" content=\"https:\/\/cvinoticias.com\/wp-content\/uploads\/2021\/10\/obispo-pina.jpg\" \/>\n\t<meta property=\"og:image:width\" content=\"251\" \/>\n\t<meta property=\"og:image:height\" content=\"217\" \/>\n\t<meta property=\"og:image:type\" content=\"image\/jpeg\" \/>\n<meta name=\"author\" content=\"f1000024\" \/>\n<meta name=\"twitter:card\" content=\"summary_large_image\" \/>\n<meta name=\"twitter:label1\" content=\"Escrito por\" \/>\n\t<meta name=\"twitter:data1\" content=\"f1000024\" \/>\n\t<meta name=\"twitter:label2\" content=\"Tiempo de lectura\" \/>\n\t<meta name=\"twitter:data2\" content=\"2 minutos\" \/>\n<script type=\"application\/ld+json\" class=\"yoast-schema-graph\">{\"@context\":\"https:\\\/\\\/schema.org\",\"@graph\":[{\"@type\":\"Article\",\"@id\":\"https:\\\/\\\/cvinoticias.com\\\/v3\\\/hoy-se-cumplen-15-anos-de-que-el-obispo-joaquin-pina-freno-la-reeleccion-indefinida\\\/#article\",\"isPartOf\":{\"@id\":\"https:\\\/\\\/cvinoticias.com\\\/v3\\\/hoy-se-cumplen-15-anos-de-que-el-obispo-joaquin-pina-freno-la-reeleccion-indefinida\\\/\"},\"author\":{\"name\":\"f1000024\",\"@id\":\"https:\\\/\\\/cvinoticias.com\\\/v3\\\/#\\\/schema\\\/person\\\/2db77e3c6bc03c538495d7b2b8be9b66\"},\"headline\":\"Hoy se cumplen 15 a\u00f1os de que el obispo em\u00e9rito Joaqu\u00edn Pi\u00f1a, fren\u00f3 la reelecci\u00f3n indefinida\",\"datePublished\":\"2021-10-29T03:06:32+00:00\",\"dateModified\":\"2021-10-29T03:14:45+00:00\",\"mainEntityOfPage\":{\"@id\":\"https:\\\/\\\/cvinoticias.com\\\/v3\\\/hoy-se-cumplen-15-anos-de-que-el-obispo-joaquin-pina-freno-la-reeleccion-indefinida\\\/\"},\"wordCount\":408,\"commentCount\":0,\"publisher\":{\"@id\":\"https:\\\/\\\/cvinoticias.com\\\/v3\\\/#organization\"},\"image\":{\"@id\":\"https:\\\/\\\/cvinoticias.com\\\/v3\\\/hoy-se-cumplen-15-anos-de-que-el-obispo-joaquin-pina-freno-la-reeleccion-indefinida\\\/#primaryimage\"},\"thumbnailUrl\":\"https:\\\/\\\/cvinoticias.com\\\/wp-content\\\/uploads\\\/2021\\\/10\\\/obispo-pina.jpg\",\"articleSection\":[\"Politica\",\"Sociedad\"],\"inLanguage\":\"es\",\"potentialAction\":[{\"@type\":\"CommentAction\",\"name\":\"Comment\",\"target\":[\"https:\\\/\\\/cvinoticias.com\\\/v3\\\/hoy-se-cumplen-15-anos-de-que-el-obispo-joaquin-pina-freno-la-reeleccion-indefinida\\\/#respond\"]}]},{\"@type\":\"WebPage\",\"@id\":\"https:\\\/\\\/cvinoticias.com\\\/v3\\\/hoy-se-cumplen-15-anos-de-que-el-obispo-joaquin-pina-freno-la-reeleccion-indefinida\\\/\",\"url\":\"https:\\\/\\\/cvinoticias.com\\\/v3\\\/hoy-se-cumplen-15-anos-de-que-el-obispo-joaquin-pina-freno-la-reeleccion-indefinida\\\/\",\"name\":\"Hoy se cumplen 15 a\u00f1os de que el obispo em\u00e9rito Joaqu\u00edn Pi\u00f1a, fren\u00f3 la reelecci\u00f3n indefinida | CVI NOTICIAS\",\"isPartOf\":{\"@id\":\"https:\\\/\\\/cvinoticias.com\\\/v3\\\/#website\"},\"primaryImageOfPage\":{\"@id\":\"https:\\\/\\\/cvinoticias.com\\\/v3\\\/hoy-se-cumplen-15-anos-de-que-el-obispo-joaquin-pina-freno-la-reeleccion-indefinida\\\/#primaryimage\"},\"image\":{\"@id\":\"https:\\\/\\\/cvinoticias.com\\\/v3\\\/hoy-se-cumplen-15-anos-de-que-el-obispo-joaquin-pina-freno-la-reeleccion-indefinida\\\/#primaryimage\"},\"thumbnailUrl\":\"https:\\\/\\\/cvinoticias.com\\\/wp-content\\\/uploads\\\/2021\\\/10\\\/obispo-pina.jpg\",\"datePublished\":\"2021-10-29T03:06:32+00:00\",\"dateModified\":\"2021-10-29T03:14:45+00:00\",\"breadcrumb\":{\"@id\":\"https:\\\/\\\/cvinoticias.com\\\/v3\\\/hoy-se-cumplen-15-anos-de-que-el-obispo-joaquin-pina-freno-la-reeleccion-indefinida\\\/#breadcrumb\"},\"inLanguage\":\"es\",\"potentialAction\":[{\"@type\":\"ReadAction\",\"target\":[\"https:\\\/\\\/cvinoticias.com\\\/v3\\\/hoy-se-cumplen-15-anos-de-que-el-obispo-joaquin-pina-freno-la-reeleccion-indefinida\\\/\"]}]},{\"@type\":\"ImageObject\",\"inLanguage\":\"es\",\"@id\":\"https:\\\/\\\/cvinoticias.com\\\/v3\\\/hoy-se-cumplen-15-anos-de-que-el-obispo-joaquin-pina-freno-la-reeleccion-indefinida\\\/#primaryimage\",\"url\":\"https:\\\/\\\/cvinoticias.com\\\/wp-content\\\/uploads\\\/2021\\\/10\\\/obispo-pina.jpg\",\"contentUrl\":\"https:\\\/\\\/cvinoticias.com\\\/wp-content\\\/uploads\\\/2021\\\/10\\\/obispo-pina.jpg\",\"width\":251,\"height\":217},{\"@type\":\"BreadcrumbList\",\"@id\":\"https:\\\/\\\/cvinoticias.com\\\/v3\\\/hoy-se-cumplen-15-anos-de-que-el-obispo-joaquin-pina-freno-la-reeleccion-indefinida\\\/#breadcrumb\",\"itemListElement\":[{\"@type\":\"ListItem\",\"position\":1,\"name\":\"Portada\",\"item\":\"https:\\\/\\\/cvinoticias.com\\\/v3\\\/\"},{\"@type\":\"ListItem\",\"position\":2,\"name\":\"Hoy se cumplen 15 a\u00f1os de que el obispo em\u00e9rito Joaqu\u00edn Pi\u00f1a, fren\u00f3 la reelecci\u00f3n indefinida\"}]},{\"@type\":\"WebSite\",\"@id\":\"https:\\\/\\\/cvinoticias.com\\\/v3\\\/#website\",\"url\":\"https:\\\/\\\/cvinoticias.com\\\/v3\\\/\",\"name\":\"CVI NOTICIAS\",\"description\":\"\",\"publisher\":{\"@id\":\"https:\\\/\\\/cvinoticias.com\\\/v3\\\/#organization\"},\"alternateName\":\"CVI\",\"potentialAction\":[{\"@type\":\"SearchAction\",\"target\":{\"@type\":\"EntryPoint\",\"urlTemplate\":\"https:\\\/\\\/cvinoticias.com\\\/v3\\\/?s={search_term_string}\"},\"query-input\":{\"@type\":\"PropertyValueSpecification\",\"valueRequired\":true,\"valueName\":\"search_term_string\"}}],\"inLanguage\":\"es\"},{\"@type\":\"Organization\",\"@id\":\"https:\\\/\\\/cvinoticias.com\\\/v3\\\/#organization\",\"name\":\"CVI NOTICIAS\",\"url\":\"https:\\\/\\\/cvinoticias.com\\\/v3\\\/\",\"logo\":{\"@type\":\"ImageObject\",\"inLanguage\":\"es\",\"@id\":\"https:\\\/\\\/cvinoticias.com\\\/v3\\\/#\\\/schema\\\/logo\\\/image\\\/\",\"url\":\"https:\\\/\\\/cvinoticias.com\\\/wp-content\\\/uploads\\\/2023\\\/04\\\/cropped-cropped-cropped-cropped-cropped-3-1.png\",\"contentUrl\":\"https:\\\/\\\/cvinoticias.com\\\/wp-content\\\/uploads\\\/2023\\\/04\\\/cropped-cropped-cropped-cropped-cropped-3-1.png\",\"width\":95,\"height\":122,\"caption\":\"CVI NOTICIAS\"},\"image\":{\"@id\":\"https:\\\/\\\/cvinoticias.com\\\/v3\\\/#\\\/schema\\\/logo\\\/image\\\/\"},\"sameAs\":[\"https:\\\/\\\/www.facebook.com\\\/cvinoticias\",\"https:\\\/\\\/www.instagram.com\\\/cvinoticias\\\/\",\"https:\\\/\\\/www.youtube.com\\\/@CVINOTICIAS\"]},{\"@type\":\"Person\",\"@id\":\"https:\\\/\\\/cvinoticias.com\\\/v3\\\/#\\\/schema\\\/person\\\/2db77e3c6bc03c538495d7b2b8be9b66\",\"name\":\"f1000024\",\"image\":{\"@type\":\"ImageObject\",\"inLanguage\":\"es\",\"@id\":\"https:\\\/\\\/secure.gravatar.com\\\/avatar\\\/d4fe7459cfc51ff5129ce1a732bbef5928568b8092d412ef95611616376bbeed?s=96&d=mm&r=g\",\"url\":\"https:\\\/\\\/secure.gravatar.com\\\/avatar\\\/d4fe7459cfc51ff5129ce1a732bbef5928568b8092d412ef95611616376bbeed?s=96&d=mm&r=g\",\"contentUrl\":\"https:\\\/\\\/secure.gravatar.com\\\/avatar\\\/d4fe7459cfc51ff5129ce1a732bbef5928568b8092d412ef95611616376bbeed?s=96&d=mm&r=g\",\"caption\":\"f1000024\"},\"url\":\"https:\\\/\\\/cvinoticias.com\\\/v3\\\/author\\\/f1000024\\\/\"}]}<\/script>\n<!-- \/ Yoast SEO plugin. -->","yoast_head_json":{"title":"Hoy se cumplen 15 a\u00f1os de que el obispo em\u00e9rito Joaqu\u00edn Pi\u00f1a, fren\u00f3 la reelecci\u00f3n indefinida | CVI NOTICIAS","robots":{"index":"index","follow":"follow","max-snippet":"max-snippet:-1","max-image-preview":"max-image-preview:large","max-video-preview":"max-video-preview:-1"},"canonical":"https:\/\/cvinoticias.com\/v3\/hoy-se-cumplen-15-anos-de-que-el-obispo-joaquin-pina-freno-la-reeleccion-indefinida\/","og_locale":"es_ES","og_type":"article","og_title":"Hoy se cumplen 15 a\u00f1os de que el obispo em\u00e9rito Joaqu\u00edn Pi\u00f1a, fren\u00f3 la reelecci\u00f3n indefinida | CVI NOTICIAS","og_description":"Hoy 29 de octubre, se cumplen 15 a\u00f1os del plebiscito hist\u00f3rico mediante el cual los misioneros le dijeron NO a la reelecci\u00f3n indefinida que pretend\u00eda el gobernador de entonces, Carlos Rovira, modificando la Constituci\u00f3n. La historia se remonta al 2006, cuando el religioso catal\u00e1n encabez\u00f3 la coalici\u00f3n c\u00edvica que evit\u00f3 la reforma de la Constituci\u00f3n [&hellip;]","og_url":"https:\/\/cvinoticias.com\/v3\/hoy-se-cumplen-15-anos-de-que-el-obispo-joaquin-pina-freno-la-reeleccion-indefinida\/","og_site_name":"CVI NOTICIAS","article_publisher":"https:\/\/www.facebook.com\/cvinoticias","article_published_time":"2021-10-29T03:06:32+00:00","article_modified_time":"2021-10-29T03:14:45+00:00","og_image":[{"width":251,"height":217,"url":"https:\/\/cvinoticias.com\/wp-content\/uploads\/2021\/10\/obispo-pina.jpg","type":"image\/jpeg"}],"author":"f1000024","twitter_card":"summary_large_image","twitter_misc":{"Escrito por":"f1000024","Tiempo de lectura":"2 minutos"},"schema":{"@context":"https:\/\/schema.org","@graph":[{"@type":"Article","@id":"https:\/\/cvinoticias.com\/v3\/hoy-se-cumplen-15-anos-de-que-el-obispo-joaquin-pina-freno-la-reeleccion-indefinida\/#article","isPartOf":{"@id":"https:\/\/cvinoticias.com\/v3\/hoy-se-cumplen-15-anos-de-que-el-obispo-joaquin-pina-freno-la-reeleccion-indefinida\/"},"author":{"name":"f1000024","@id":"https:\/\/cvinoticias.com\/v3\/#\/schema\/person\/2db77e3c6bc03c538495d7b2b8be9b66"},"headline":"Hoy se cumplen 15 a\u00f1os de que el obispo em\u00e9rito Joaqu\u00edn Pi\u00f1a, fren\u00f3 la reelecci\u00f3n indefinida","datePublished":"2021-10-29T03:06:32+00:00","dateModified":"2021-10-29T03:14:45+00:00","mainEntityOfPage":{"@id":"https:\/\/cvinoticias.com\/v3\/hoy-se-cumplen-15-anos-de-que-el-obispo-joaquin-pina-freno-la-reeleccion-indefinida\/"},"wordCount":408,"commentCount":0,"publisher":{"@id":"https:\/\/cvinoticias.com\/v3\/#organization"},"image":{"@id":"https:\/\/cvinoticias.com\/v3\/hoy-se-cumplen-15-anos-de-que-el-obispo-joaquin-pina-freno-la-reeleccion-indefinida\/#primaryimage"},"thumbnailUrl":"https:\/\/cvinoticias.com\/wp-content\/uploads\/2021\/10\/obispo-pina.jpg","articleSection":["Politica","Sociedad"],"inLanguage":"es","potentialAction":[{"@type":"CommentAction","name":"Comment","target":["https:\/\/cvinoticias.com\/v3\/hoy-se-cumplen-15-anos-de-que-el-obispo-joaquin-pina-freno-la-reeleccion-indefinida\/#respond"]}]},{"@type":"WebPage","@id":"https:\/\/cvinoticias.com\/v3\/hoy-se-cumplen-15-anos-de-que-el-obispo-joaquin-pina-freno-la-reeleccion-indefinida\/","url":"https:\/\/cvinoticias.com\/v3\/hoy-se-cumplen-15-anos-de-que-el-obispo-joaquin-pina-freno-la-reeleccion-indefinida\/","name":"Hoy se cumplen 15 a\u00f1os de que el obispo em\u00e9rito Joaqu\u00edn Pi\u00f1a, fren\u00f3 la reelecci\u00f3n indefinida | CVI NOTICIAS","isPartOf":{"@id":"https:\/\/cvinoticias.com\/v3\/#website"},"primaryImageOfPage":{"@id":"https:\/\/cvinoticias.com\/v3\/hoy-se-cumplen-15-anos-de-que-el-obispo-joaquin-pina-freno-la-reeleccion-indefinida\/#primaryimage"},"image":{"@id":"https:\/\/cvinoticias.com\/v3\/hoy-se-cumplen-15-anos-de-que-el-obispo-joaquin-pina-freno-la-reeleccion-indefinida\/#primaryimage"},"thumbnailUrl":"https:\/\/cvinoticias.com\/wp-content\/uploads\/2021\/10\/obispo-pina.jpg","datePublished":"2021-10-29T03:06:32+00:00","dateModified":"2021-10-29T03:14:45+00:00","breadcrumb":{"@id":"https:\/\/cvinoticias.com\/v3\/hoy-se-cumplen-15-anos-de-que-el-obispo-joaquin-pina-freno-la-reeleccion-indefinida\/#breadcrumb"},"inLanguage":"es","potentialAction":[{"@type":"ReadAction","target":["https:\/\/cvinoticias.com\/v3\/hoy-se-cumplen-15-anos-de-que-el-obispo-joaquin-pina-freno-la-reeleccion-indefinida\/"]}]},{"@type":"ImageObject","inLanguage":"es","@id":"https:\/\/cvinoticias.com\/v3\/hoy-se-cumplen-15-anos-de-que-el-obispo-joaquin-pina-freno-la-reeleccion-indefinida\/#primaryimage","url":"https:\/\/cvinoticias.com\/wp-content\/uploads\/2021\/10\/obispo-pina.jpg","contentUrl":"https:\/\/cvinoticias.com\/wp-content\/uploads\/2021\/10\/obispo-pina.jpg","width":251,"height":217},{"@type":"BreadcrumbList","@id":"https:\/\/cvinoticias.com\/v3\/hoy-se-cumplen-15-anos-de-que-el-obispo-joaquin-pina-freno-la-reeleccion-indefinida\/#breadcrumb","itemListElement":[{"@type":"ListItem","position":1,"name":"Portada","item":"https:\/\/cvinoticias.com\/v3\/"},{"@type":"ListItem","position":2,"name":"Hoy se cumplen 15 a\u00f1os de que el obispo em\u00e9rito Joaqu\u00edn Pi\u00f1a, fren\u00f3 la reelecci\u00f3n indefinida"}]},{"@type":"WebSite","@id":"https:\/\/cvinoticias.com\/v3\/#website","url":"https:\/\/cvinoticias.com\/v3\/","name":"CVI NOTICIAS","description":"","publisher":{"@id":"https:\/\/cvinoticias.com\/v3\/#organization"},"alternateName":"CVI","potentialAction":[{"@type":"SearchAction","target":{"@type":"EntryPoint","urlTemplate":"https:\/\/cvinoticias.com\/v3\/?s={search_term_string}"},"query-input":{"@type":"PropertyValueSpecification","valueRequired":true,"valueName":"search_term_string"}}],"inLanguage":"es"},{"@type":"Organization","@id":"https:\/\/cvinoticias.com\/v3\/#organization","name":"CVI NOTICIAS","url":"https:\/\/cvinoticias.com\/v3\/","logo":{"@type":"ImageObject","inLanguage":"es","@id":"https:\/\/cvinoticias.com\/v3\/#\/schema\/logo\/image\/","url":"https:\/\/cvinoticias.com\/wp-content\/uploads\/2023\/04\/cropped-cropped-cropped-cropped-cropped-3-1.png","contentUrl":"https:\/\/cvinoticias.com\/wp-content\/uploads\/2023\/04\/cropped-cropped-cropped-cropped-cropped-3-1.png","width":95,"height":122,"caption":"CVI NOTICIAS"},"image":{"@id":"https:\/\/cvinoticias.com\/v3\/#\/schema\/logo\/image\/"},"sameAs":["https:\/\/www.facebook.com\/cvinoticias","https:\/\/www.instagram.com\/cvinoticias\/","https:\/\/www.youtube.com\/@CVINOTICIAS"]},{"@type":"Person","@id":"https:\/\/cvinoticias.com\/v3\/#\/schema\/person\/2db77e3c6bc03c538495d7b2b8be9b66","name":"f1000024","image":{"@type":"ImageObject","inLanguage":"es","@id":"https:\/\/secure.gravatar.com\/avatar\/d4fe7459cfc51ff5129ce1a732bbef5928568b8092d412ef95611616376bbeed?s=96&d=mm&r=g","url":"https:\/\/secure.gravatar.com\/avatar\/d4fe7459cfc51ff5129ce1a732bbef5928568b8092d412ef95611616376bbeed?s=96&d=mm&r=g","contentUrl":"https:\/\/secure.gravatar.com\/avatar\/d4fe7459cfc51ff5129ce1a732bbef5928568b8092d412ef95611616376bbeed?s=96&d=mm&r=g","caption":"f1000024"},"url":"https:\/\/cvinoticias.com\/v3\/author\/f1000024\/"}]}},"_links":{"self":[{"href":"https:\/\/cvinoticias.com\/v3\/wp-json\/wp\/v2\/posts\/10068","targetHints":{"allow":["GET"]}}],"collection":[{"href":"https:\/\/cvinoticias.com\/v3\/wp-json\/wp\/v2\/posts"}],"about":[{"href":"https:\/\/cvinoticias.com\/v3\/wp-json\/wp\/v2\/types\/post"}],"author":[{"embeddable":true,"href":"https:\/\/cvinoticias.com\/v3\/wp-json\/wp\/v2\/users\/2"}],"replies":[{"embeddable":true,"href":"https:\/\/cvinoticias.com\/v3\/wp-json\/wp\/v2\/comments?post=10068"}],"version-history":[{"count":3,"href":"https:\/\/cvinoticias.com\/v3\/wp-json\/wp\/v2\/posts\/10068\/revisions"}],"predecessor-version":[{"id":10073,"href":"https:\/\/cvinoticias.com\/v3\/wp-json\/wp\/v2\/posts\/10068\/revisions\/10073"}],"wp:featuredmedia":[{"embeddable":true,"href":"https:\/\/cvinoticias.com\/v3\/wp-json\/wp\/v2\/media\/10069"}],"wp:attachment":[{"href":"https:\/\/cvinoticias.com\/v3\/wp-json\/wp\/v2\/media?parent=10068"}],"wp:term":[{"taxonomy":"category","embeddable":true,"href":"https:\/\/cvinoticias.com\/v3\/wp-json\/wp\/v2\/categories?post=10068"},{"taxonomy":"post_tag","embeddable":true,"href":"https:\/\/cvinoticias.com\/v3\/wp-json\/wp\/v2\/tags?post=10068"}],"curies":[{"name":"wp","href":"https:\/\/api.w.org\/{rel}","templated":true}]}}